{"id":362890,"date":"2025-09-03T09:15:13","date_gmt":"2025-09-03T09:15:13","guid":{"rendered":"https:\/\/www.europesays.com\/fr\/362890\/"},"modified":"2025-09-03T09:15:13","modified_gmt":"2025-09-03T09:15:13","slug":"du-vendeur-au-consommateur-le-nouveau-procureur-veut-viser-lensemble-du-spectre","status":"publish","type":"post","link":"https:\/\/www.europesays.com\/fr\/362890\/","title":{"rendered":"du vendeur au consommateur, le nouveau procureur veut viser l&rsquo;ensemble du \u00ab\u00a0spectre\u00a0\u00bb"},"content":{"rendered":"<p class=\"article__intro\">Etienne Manteaux, procureur de la R\u00e9publique de Grenoble, a pris ses fonctions en mai 2025. Pour cette rentr\u00e9e, il a d\u00e9taill\u00e9 ses priorit\u00e9s, dont la lutte contre le trafic de stup\u00e9fiants dans la capitale des Alpes, qu&rsquo;il veut mener sur tous les fronts.<\/p>\n<p>\n      La Quotidienne Soci\u00e9t\u00e9\n    <\/p>\n<p>\n      De la vie quotidienne aux grands enjeux, recevez tous les jours les sujets qui font la soci\u00e9t\u00e9 locale, comme la justice, l\u2019\u00e9ducation, la sant\u00e9 et la famille.\n    <\/p>\n<p>    France T\u00e9l\u00e9visions utilise votre adresse e-mail afin de vous envoyer la newsletter \u00ab\u00a0La Quotidienne Soci\u00e9t\u00e9\u00a0\u00bb. Vous pouvez vous d\u00e9sinscrire \u00e0 tout moment via le lien en bas de cette newsletter. <a target=\"_blank\" href=\"https:\/\/www.francetelevisions.fr\/groupe\/confidentialite\/politique-de-confidentialite\/politique-de-confidentialite-de-france-televisions-6503\" rel=\"nofollow noopener\">Notre politique de confidentialit\u00e9<\/a><\/p>\n<p>Etienne Manteaux a pris la t\u00eate du parquet de Grenoble en mai dernier. <a href=\"https:\/\/france3-regions.franceinfo.fr\/auvergne-rhone-alpes\/isere\/grenoble\/qui-est-etienne-manteaux-nouveau-procureur-de-la-republique-de-grenoble-et-successeur-d-eric-vaillant-3125530.html\" target=\"_blank\" rel=\"noopener nofollow\">Ce nouveau procureur de la R\u00e9publique a fait sa premi\u00e8re rentr\u00e9e au sein de la capitale des Alpes.<\/a><\/p>\n<p>Il va reprendre plusieurs dossiers, notamment criminels avec les disparus de l&rsquo;Is\u00e8re, mais l&rsquo;homme de 55 ans, qui a fait une grande partie de sa carri\u00e8re en Franche-Comt\u00e9, entend faire de la lutte contre le trafic de stup\u00e9fiants sa priorit\u00e9.\u00a0<\/p>\n<p>Ce mardi 2 septembre, il \u00e9tait l\u2019invit\u00e9 de France 3 Alpes. Il est revenu avec Pauline Alleau, notre journaliste, sur ses priorit\u00e9s pour cette ann\u00e9e.\u00a0<\/p>\n<p><strong>Vous arrivez dans une ville en proie \u00e0 une certaine violence li\u00e9e notamment au trafic de stup\u00e9fiants ? En 2024, selon le minist\u00e8re de l&rsquo;Int\u00e9rieur, Grenoble a connu 48 fusillades faisant six morts et de nombreux bless\u00e9s. Face \u00e0 ce constat, comment lutter contre le narcotrafic ?<\/strong><\/p>\n<p>Il n\u2019y a pas de solutions miracle, si on la connaissait, on l\u2019appliquerait depuis longtemps. Ce dont je suis convaincu, c\u2019est que l\u2019on r\u00e9ussira ensemble ou on \u00e9chouera ensemble, quand je dis \u00ab\u00a0on\u00a0\u00bb c\u2019est la justice, les services d\u2019enqu\u00eate, mais aussi tous les acteurs, les organismes HLM dont on a besoin de remonter les informations parce que leurs agents constatent \u00e9norm\u00e9ment de choses sur le terrain.<\/p>\n<blockquote class=\"ftvi_content_quote\">\n<p class=\"ftvi_citation_quote\">La municipalit\u00e9 a aussi un r\u00f4le \u00e0 jouer car on a besoin de dispositifs pour filmer dans les zones strat\u00e9giques et accumuler des \u00e9l\u00e9ments de preuves.<\/p>\n<p>Etienne Manteaux<\/p>\n<p class=\"ftvi_citation_source\">Procureur de la R\u00e9publique de Grenoble<\/p>\n<\/blockquote>\n<p><strong>Plus de cam\u00e9ras de vid\u00e9osurveillance ?<\/strong><\/p>\n<p>On appelle \u00e7a de la vid\u00e9oprotection, car ce sont des images qui sont stock\u00e9es et ne sont utilis\u00e9es que sur r\u00e9quisition.\u00a0<\/p>\n<p><strong>Est-ce qu\u2019il en faudrait plus \u00e0 Grenoble ?<\/strong><\/p>\n<p>Je suis intimement persuad\u00e9 qu\u2019il en faudrait plus, vu l\u2019ins\u00e9curit\u00e9 qui r\u00e8gne. Je suis particuli\u00e8rement d\u00e9termin\u00e9 et convaincu que l\u2019on peut faire bouger les lignes. Je ne vais pas pr\u00e9tendre que l\u2019on peut tout r\u00e9gler, mais faire bouger les lignes par une politique toujours plus forte sur les places de deal pour essayer de perturber les trafiquants et de rendre du mieux-vivre pour les habitants proches de ces places de deal, car c\u2019est insupportable de constater cette appropriation de l\u2019espace public par les narcotrafiquants.<\/p>\n<blockquote class=\"ftvi_content_quote\">\n<p class=\"ftvi_citation_quote\">C\u2019est lutter contre le haut du spectre, mais c\u2019est aussi lutter contre l\u2019usage des stup\u00e9fiants, car si on n\u2019a pas une approche globale si vous d\u00e9mantelez un r\u00e9seau et qu\u2019il y a la m\u00eame demande de produits stup\u00e9fiants, vous aurez toujours des candidats \u00e0 la revente de produits, donc l\u2019approche doit \u00eatre globale.<\/p>\n<p>Etienne Manteaux<\/p>\n<p class=\"ftvi_citation_source\">Procureur de la R\u00e9publique de Grenoble<\/p>\n<\/blockquote>\n<p>On a des acteurs sur la prise en charge des addictions, notamment au CHU de Grenoble, des m\u00e9decins, des personnels de sant\u00e9.\u00a0<\/p>\n<p>    dur\u00e9e de la vid\u00e9o : 00h04mn08s<\/p>\n<p>        <img decoding=\"async\" width=\"640\" height=\"426\" class=\"article-image not-lazy\" src=\"https:\/\/france3-regions.franceinfo.fr\/assets\/img\/logos\/fallbackFr3_16_9.webp\" alt=\"\" fetchpriority=\"high\"\/><\/p>\n<p>              Voir la video\u00a0(4 minutes 8 secondes).\u00a0<br \/>\n                  4 min 8 s<\/p>\n<p>\n          Interview du procureur de la R\u00e9publique de Grenoble<\/p>\n<p>        \u2022<\/p>\n<p>              \u00a9France T\u00e9l\u00e9visions\n      <\/p>\n<p><strong>Est-ce que vous avez les moyens \u00e0 Grenoble pour d\u00e9ployer tout ce que vous voulez ? Et notamment plus de policiers ?<\/strong><\/p>\n<p>On manque de policiers et surtout d\u2019officiers qui ont la qualification d\u2019OPJ, c\u2019est-\u00e0-dire d\u2019officiers de police judiciaire. Il ne suffit pas d\u2019\u00eatre sur le terrain pour interpeller les individus, il faut pouvoir par la suite, suivre le traitement judiciaire de ces individus, mais surtout, il faut \u00eatre dans la capacit\u00e9 d\u2019\u00eatre dans l\u2019initiative, il faut pouvoir mener des initiatives pour d\u00e9manteler le haut du spectre, on ne peut pas se contenter d\u2019interpeller des petites mains qui revendent des produits stup\u00e9fiants.<\/p>\n<blockquote class=\"ftvi_content_quote\">\n<p class=\"ftvi_citation_quote\">Il faut aussi lutter de fa\u00e7on plus qualitative sur le haut du spectre et je l\u2019ai dit, faire de la pr\u00e9vention et de la prise en charge beaucoup plus qualitative qu\u2019une amende forfaitaire par rapport aux toxicomanes.<\/p>\n<p>Etienne Manteaux<\/p>\n<p class=\"ftvi_citation_source\">Procureur de la R\u00e9publique de Grenoble<\/p>\n<\/blockquote>\n<p>\u00c0 Grenoble, on a une typologie plut\u00f4t singuli\u00e8re de toxicomane : des gens globalement plut\u00f4t ins\u00e9r\u00e9s. Et ces personnes, on peut les convoquer devant le tribunal, pas pour les juger, mais pour mettre en place une alternative aux poursuites et les sensibiliser au fait qu\u2019au-del\u00e0 de l\u2019addiction qui les tire vers le bas, ils financent ce narcotrafic. Il y a plusieurs approches diff\u00e9rentes que je souhaite initier ici \u00e0 Grenoble.\u00a0<\/p>\n","protected":false},"excerpt":{"rendered":"Etienne Manteaux, procureur de la R\u00e9publique de Grenoble, a pris ses fonctions en mai 2025. Pour cette rentr\u00e9e,&hellip;\n","protected":false},"author":2,"featured_media":362891,"comment_status":"","ping_status":"","sticky":false,"template":"","format":"standard","meta":{"footnotes":""},"categories":[9566],"tags":[1111,11,2430,1777,674,1011,27,2731,12,25],"class_list":{"0":"post-362890","1":"post","2":"type-post","3":"status-publish","4":"format-standard","5":"has-post-thumbnail","7":"category-grenoble","8":"tag-actu","9":"tag-actualites","10":"tag-auvergne-rhone-alpes","11":"tag-eu","12":"tag-europe","13":"tag-fr","14":"tag-france","15":"tag-grenoble","16":"tag-news","17":"tag-republique-francaise"},"share_on_mastodon":{"url":"https:\/\/pubeurope.com\/@fr\/115139610436889506","error":""},"_links":{"self":[{"href":"https:\/\/www.europesays.com\/fr\/wp-json\/wp\/v2\/posts\/362890","targetHints":{"allow":["GET"]}}],"collection":[{"href":"https:\/\/www.europesays.com\/fr\/wp-json\/wp\/v2\/posts"}],"about":[{"href":"https:\/\/www.europesays.com\/fr\/wp-json\/wp\/v2\/types\/post"}],"author":[{"embeddable":true,"href":"https:\/\/www.europesays.com\/fr\/wp-json\/wp\/v2\/users\/2"}],"replies":[{"embeddable":true,"href":"https:\/\/www.europesays.com\/fr\/wp-json\/wp\/v2\/comments?post=362890"}],"version-history":[{"count":0,"href":"https:\/\/www.europesays.com\/fr\/wp-json\/wp\/v2\/posts\/362890\/revisions"}],"wp:featuredmedia":[{"embeddable":true,"href":"https:\/\/www.europesays.com\/fr\/wp-json\/wp\/v2\/media\/362891"}],"wp:attachment":[{"href":"https:\/\/www.europesays.com\/fr\/wp-json\/wp\/v2\/media?parent=362890"}],"wp:term":[{"taxonomy":"category","embeddable":true,"href":"https:\/\/www.europesays.com\/fr\/wp-json\/wp\/v2\/categories?post=362890"},{"taxonomy":"post_tag","embeddable":true,"href":"https:\/\/www.europesays.com\/fr\/wp-json\/wp\/v2\/tags?post=362890"}],"curies":[{"name":"wp","href":"https:\/\/api.w.org\/{rel}","templated":true}]}}