{"id":362895,"date":"2025-09-03T09:18:15","date_gmt":"2025-09-03T09:18:15","guid":{"rendered":"https:\/\/www.europesays.com\/fr\/362895\/"},"modified":"2025-09-03T09:18:15","modified_gmt":"2025-09-03T09:18:15","slug":"toute-lactu-top-music-lafges-alerte-sur-les-couts-de-la-rentree-etudiante-a-strasbourg","status":"publish","type":"post","link":"https:\/\/www.europesays.com\/fr\/362895\/","title":{"rendered":"Toute l&rsquo;actu Top Music &#8211; L&rsquo;AFGES alerte sur les co\u00fbts de la rentr\u00e9e \u00e9tudiante \u00e0 Strasbourg"},"content":{"rendered":"<p><img decoding=\"async\" class=\"\" style=\"width:100%\" src=\"https:\/\/www.europesays.com\/fr\/wp-content\/uploads\/2025\/09\/424708258_781438137358512_1297269836089500321_n1706690828136.jpg\" alt=\"La moiti\u00e9 des \u00e9tudiants strasbourgeois doivent travailler pour financer leurs \u00e9tudes.\"\/><\/p>\n<p>La moiti\u00e9 des \u00e9tudiants strasbourgeois doivent travailler pour financer leurs \u00e9tudes.<\/p>\n<p>Cr\u00e9dit : Facebook \/ Universit\u00e9 de Strasbourg <\/p>\n<p style=\"text-align: justify;\">D\u2019un c\u00f4t\u00e9, <strong>les frais de vie courante<\/strong> : le loyer, les charges locatives, les courses, les loisirs, les transports\u2026 De l\u2019autre, <strong>les frais sp\u00e9cifiques \u00e0 la rentr\u00e9e universitaire<\/strong> comme les frais d\u2019inscription\u00a0: <strong>178\u20ac pour une licence<\/strong>, soit une hausse de 1,71%, <strong>la CVEC \u00e0 105\u20ac<\/strong> pour cette rentr\u00e9e contre 103\u20ac l\u2019an pass\u00e9, ou encore le mat\u00e9riel p\u00e9dagogique.<\/p>\n<p><strong>Le prix des logements demeure le principal fl\u00e9au des \u00e9tudiants<\/strong><\/p>\n<p style=\"text-align: justify;\">Comme les ann\u00e9es pr\u00e9c\u00e9dentes, <strong>le logement reste la plus grosse d\u00e9pense mensuelle<\/strong> d\u2019un \u00e9tudiant (43%). \u00c0 Strasbourg, il faut compter en moyenne <strong>580\u20ac de loyer pour un studio<\/strong>, \u00ab\u00a0alors qu\u2019en g\u00e9n\u00e9ral, c\u2019est 450\u20ac maximum\u00a0\u00bb, explique Caroline Knab, la pr\u00e9sidente de l\u2019AFGES.<\/p>\n<p style=\"text-align: justify;\">Le logement \u00e9tudiant propos\u00e9 par le CROUS reste l\u2019ultime possibilit\u00e9 de trouver un bon compromis. Seulement, ces derniers sont rares et manquants. Cette ann\u00e9e, le CROUS de Strasbourg enregistre \u00ab\u00a0quatre fois plus de demandes que de places disponibles\u00a0\u00bb, ce qui repr\u00e9sente en moyenne <strong>1 logement pour 17 \u00e9tudiants<\/strong>. M\u00eame si des projets de constructions sont en cours, notamment du c\u00f4t\u00e9 de la Place d\u2019Islande, \u00ab\u00a0il manque 10 000 logements \u00e9tudiants \u00e0 Strasbourg\u00a0\u00bb.<\/p>\n<p><strong>Des bourses de moins en moins per\u00e7ues<\/strong><\/p>\n<p style=\"text-align: justify;\">\u00ab\u00a0Plus d\u2019un \u00e9tudiant sur trois saute un repas par jour\u00a0\u00bb, explique la pr\u00e9sidente de l\u2019AFGES alors que <strong>50% d\u2019entre eux doivent se salarier pour financer leurs \u00e9tudes<\/strong>, et o\u00f9 le salariat repr\u00e9sente la premi\u00e8re cause d\u2019\u00e9chec en licence.\u00a0L\u2019AFGES d\u00e9nonce <strong>un syst\u00e8me de bourse \u00ab\u00a0inadapt\u00e9e \u00e0 la population \u00e9tudiante et profond\u00e9ment in\u00e9galitaire\u00a0\u00bb<\/strong>, dans la mesure o\u00f9 son calcul est effectu\u00e9 en fonction du revenu des parents. \u00ab\u00a0L\u2019\u00e9tat ne donne plus assez de bourses ce qui compromet v\u00e9ritablement l\u2019acc\u00e8s \u00e0 l\u2019\u00e9ducation\u00a0\u00bb, mart\u00e8le Caroline Knab.\u00a0Pour venir en aide \u00e0 ces \u00e9tudiants, l\u2019AFGES a mis en place <strong>des espaces d\u2019\u00e9changes et de solidarit\u00e9<\/strong> \u00e0 travers des \u00e9piceries sociales et solidaires ainsi qu\u2019un <strong>dispositif de logement provisoire<\/strong>.<\/p>\n<p>*L\u2019indicateur est bas\u00e9 sur le profil d\u2019un \u00e9tudiant non boursier d\u00e9cohabitant, qui repr\u00e9sente la majorit\u00e9 des \u00e9tudiants pr\u00e9sents dans l\u2019enseignement sup\u00e9rieur.<\/p>\n<p>\u00a0<\/p>\n","protected":false},"excerpt":{"rendered":"La moiti\u00e9 des \u00e9tudiants strasbourgeois doivent travailler pour financer leurs \u00e9tudes. Cr\u00e9dit : Facebook \/ Universit\u00e9 de Strasbourg&hellip;\n","protected":false},"author":2,"featured_media":362896,"comment_status":"","ping_status":"","sticky":false,"template":"","format":"standard","meta":{"footnotes":""},"categories":[2820],"tags":[1111,11,48443,2389,1261,340,13684,6379,1777,674,1011,27,775,1908,12,10181,28313,25,640,7421,4891,5768],"class_list":{"0":"post-362895","1":"post","2":"type-post","3":"status-publish","4":"format-standard","5":"has-post-thumbnail","7":"category-strasbourg","8":"tag-actu","9":"tag-actualites","10":"tag-afges","11":"tag-alsace","12":"tag-argent","13":"tag-bourse","14":"tag-crous","15":"tag-etudiants","16":"tag-eu","17":"tag-europe","18":"tag-fr","19":"tag-france","20":"tag-grand-est","21":"tag-logement","22":"tag-news","23":"tag-precarite","24":"tag-rentree","25":"tag-republique-francaise","26":"tag-strasbourg","27":"tag-topmusic","28":"tag-topmusicalsace","29":"tag-universite"},"share_on_mastodon":{"url":"https:\/\/pubeurope.com\/@fr\/115139622301490955","error":""},"_links":{"self":[{"href":"https:\/\/www.europesays.com\/fr\/wp-json\/wp\/v2\/posts\/362895","targetHints":{"allow":["GET"]}}],"collection":[{"href":"https:\/\/www.europesays.com\/fr\/wp-json\/wp\/v2\/posts"}],"about":[{"href":"https:\/\/www.europesays.com\/fr\/wp-json\/wp\/v2\/types\/post"}],"author":[{"embeddable":true,"href":"https:\/\/www.europesays.com\/fr\/wp-json\/wp\/v2\/users\/2"}],"replies":[{"embeddable":true,"href":"https:\/\/www.europesays.com\/fr\/wp-json\/wp\/v2\/comments?post=362895"}],"version-history":[{"count":0,"href":"https:\/\/www.europesays.com\/fr\/wp-json\/wp\/v2\/posts\/362895\/revisions"}],"wp:featuredmedia":[{"embeddable":true,"href":"https:\/\/www.europesays.com\/fr\/wp-json\/wp\/v2\/media\/362896"}],"wp:attachment":[{"href":"https:\/\/www.europesays.com\/fr\/wp-json\/wp\/v2\/media?parent=362895"}],"wp:term":[{"taxonomy":"category","embeddable":true,"href":"https:\/\/www.europesays.com\/fr\/wp-json\/wp\/v2\/categories?post=362895"},{"taxonomy":"post_tag","embeddable":true,"href":"https:\/\/www.europesays.com\/fr\/wp-json\/wp\/v2\/tags?post=362895"}],"curies":[{"name":"wp","href":"https:\/\/api.w.org\/{rel}","templated":true}]}}