{"id":362899,"date":"2025-09-03T09:20:10","date_gmt":"2025-09-03T09:20:10","guid":{"rendered":"https:\/\/www.europesays.com\/fr\/362899\/"},"modified":"2025-09-03T09:20:10","modified_gmt":"2025-09-03T09:20:10","slug":"le-7%e1%b5%89-art-reprend-place-a-garibaldi-le-cinema-jean-paul-belmondo-fait-sa-rentree","status":"publish","type":"post","link":"https:\/\/www.europesays.com\/fr\/362899\/","title":{"rendered":"Le 7\u1d49 art reprend place \u00e0 Garibaldi : le Cin\u00e9ma Jean-Paul Belmondo fait sa rentr\u00e9e"},"content":{"rendered":"<p>D\u00e8s le mercredi 3 septembre, le Cin\u00e9ma Jean-Paul Belmondo vous invite \u00e0 retrouver le chemin d\u2019une salle o\u00f9 le cin\u00e9ma ne se consomme pas, il se contemple, se questionne, se partage. Situ\u00e9 sur la place Garibaldi, au c\u0153ur de Nice, ce lieu historique \u2014 labellis\u00e9 art &amp; essai par le CNC \u2014 d\u00e9fend depuis plus d\u2019un si\u00e8cle une programmation rigoureuse, ouverte sur le monde et sur les formes les plus audacieuses de la cr\u00e9ation cin\u00e9matographique.<\/p>\n<p>Chaque semaine, ses trois salles proposent une s\u00e9lection exigeante : \u0153uvres contemporaines singuli\u00e8res, documentaires \u00e0 forte port\u00e9e sociale, r\u00e9trospectives de grands ma\u00eetres, et cin\u00e9ma international ind\u00e9pendant en VOSTF. Les projections sont r\u00e9guli\u00e8rement accompagn\u00e9es de rencontres avec les r\u00e9alisateurs, de d\u00e9bats critiques et de s\u00e9ances sp\u00e9ciales, affirmant le r\u00f4le du cin\u00e9ma comme espace de pens\u00e9e et de transmission.<\/p>\n<p>Avec plus de 55 000 spectateurs par an, le Cin\u00e9ma Jean-Paul Belmondo, g\u00e9r\u00e9 par le D\u00e9partement des Alpes-Maritimes, s\u2019impose comme un acteur culturel incontournable. Ce n\u2019est pas un simple lieu de diffusion : c\u2019est un laboratoire d\u2019id\u00e9es, un foyer de cin\u00e9philie, un lieu o\u00f9 le regard se forme et s\u2019affine. Rejoignez-nous pour une saison qui c\u00e9l\u00e8bre le cin\u00e9ma dans sa forme la plus exigeante, la plus libre et la plus vivante.<\/p>\n<p>Recevez le programme hebdomadaire en vous inscrivant sur <a href=\"http:\/\/cinemabelmondo.departement06.fr\" rel=\"nofollow noopener\" target=\"_blank\">cinemabelmondo.departement06.fr<\/a><\/p>\n<p><strong>Retour sur 2024 en chiffres\u00a0:<\/strong><\/p>\n<ul>\n<li><strong>4000 \u00e9l\u00e8ves<\/strong> accueillis dans le cadre des dispositifs scolaires<\/li>\n<li><strong>+ de 500 films<\/strong> projet\u00e9s, dont <strong>380 class\u00e9s art &amp; essai<\/strong>\u00a0<\/li>\n<li><strong>18 festivals\u00a0<\/strong>programm\u00e9s<\/li>\n<li><strong>90 cin\u00e9 d\u00e9bats\u00a0<\/strong>anim\u00e9s<\/li>\n<\/ul>\n<p><strong>Labels et r\u00e9seau<\/strong><\/p>\n<p>Cin\u00e9ma class\u00e9 <strong>art et essai<\/strong> par le CNC, avec les labels :<\/p>\n<ul>\n<li><strong>Jeune public<\/strong><\/li>\n<li><strong>Recherche et d\u00e9couverte<\/strong><\/li>\n<li><strong>Patrimoine et r\u00e9pertoire<\/strong><\/li>\n<li><strong>Court-m\u00e9trage<\/strong><\/li>\n<\/ul>\n<p>Membre du r\u00e9seau <strong>Europa Cin\u00e9ma<\/strong>.<\/p>\n","protected":false},"excerpt":{"rendered":"D\u00e8s le mercredi 3 septembre, le Cin\u00e9ma Jean-Paul Belmondo vous invite \u00e0 retrouver le chemin d\u2019une salle o\u00f9&hellip;\n","protected":false},"author":2,"featured_media":362900,"comment_status":"","ping_status":"","sticky":false,"template":"","format":"standard","meta":{"footnotes":""},"categories":[2819],"tags":[1111,11,1777,674,1011,27,12,2401,882,25],"class_list":{"0":"post-362899","1":"post","2":"type-post","3":"status-publish","4":"format-standard","5":"has-post-thumbnail","7":"category-nice","8":"tag-actu","9":"tag-actualites","10":"tag-eu","11":"tag-europe","12":"tag-fr","13":"tag-france","14":"tag-news","15":"tag-nice","16":"tag-provence-alpes-cote-dazur","17":"tag-republique-francaise"},"share_on_mastodon":{"url":"https:\/\/pubeurope.com\/@fr\/115139629858605331","error":""},"_links":{"self":[{"href":"https:\/\/www.europesays.com\/fr\/wp-json\/wp\/v2\/posts\/362899","targetHints":{"allow":["GET"]}}],"collection":[{"href":"https:\/\/www.europesays.com\/fr\/wp-json\/wp\/v2\/posts"}],"about":[{"href":"https:\/\/www.europesays.com\/fr\/wp-json\/wp\/v2\/types\/post"}],"author":[{"embeddable":true,"href":"https:\/\/www.europesays.com\/fr\/wp-json\/wp\/v2\/users\/2"}],"replies":[{"embeddable":true,"href":"https:\/\/www.europesays.com\/fr\/wp-json\/wp\/v2\/comments?post=362899"}],"version-history":[{"count":0,"href":"https:\/\/www.europesays.com\/fr\/wp-json\/wp\/v2\/posts\/362899\/revisions"}],"wp:featuredmedia":[{"embeddable":true,"href":"https:\/\/www.europesays.com\/fr\/wp-json\/wp\/v2\/media\/362900"}],"wp:attachment":[{"href":"https:\/\/www.europesays.com\/fr\/wp-json\/wp\/v2\/media?parent=362899"}],"wp:term":[{"taxonomy":"category","embeddable":true,"href":"https:\/\/www.europesays.com\/fr\/wp-json\/wp\/v2\/categories?post=362899"},{"taxonomy":"post_tag","embeddable":true,"href":"https:\/\/www.europesays.com\/fr\/wp-json\/wp\/v2\/tags?post=362899"}],"curies":[{"name":"wp","href":"https:\/\/api.w.org\/{rel}","templated":true}]}}