{"id":362901,"date":"2025-09-03T09:21:12","date_gmt":"2025-09-03T09:21:12","guid":{"rendered":"https:\/\/www.europesays.com\/fr\/362901\/"},"modified":"2025-09-03T09:21:12","modified_gmt":"2025-09-03T09:21:12","slug":"un-policier-sera-juge-pour-la-mort-dun-jeune-tue-apres-un-refus-dobtemperer","status":"publish","type":"post","link":"https:\/\/www.europesays.com\/fr\/362901\/","title":{"rendered":"Un policier sera jug\u00e9 pour la mort d\u2019un jeune, tu\u00e9 apr\u00e8s un refus d\u2019obtemp\u00e9rer"},"content":{"rendered":"<p>Le drame s\u2019est jou\u00e9 le <a href=\"https:\/\/www.20minutes.fr\/faits_divers\/3347563-20220907-nice-conducteur-vehicule-tue-tir-policier-apres-refus-obtemperer\" class=\"c-link c-link--is-underlined\" rel=\"nofollow noopener\" target=\"_blank\">7\u00a0septembre 2022 \u00e0 Nice<\/a>. Un policier, alors \u00e2g\u00e9 de 23 ans, tirait, lors d\u2019un refus d\u2019obtemp\u00e9rer, sur Zied, un jeune homme de 24 ans d\u00e9j\u00e0 condamn\u00e9 plusieurs fois, en particulier pour conduite sans permis et infraction \u00e0 la l\u00e9gislation sur les <a href=\"https:\/\/www.20minutes.fr\/dossier\/detention_de_stupefiants\" class=\"c-link c-link--is-underlined\" rel=\"nofollow noopener\" target=\"_blank\">stup\u00e9fiants<\/a>, et qui circulait \u00e0 bord d\u2019une voiture vol\u00e9e. On apprend ce mercredi de sources judiciaires que les juges d\u2019instruction ont demand\u00e9 cet \u00e9t\u00e9 un renvoi devant la cour criminelle du policier auteur du tir. Ce dernier, qui risque jusqu\u2019\u00e0 15 ans de r\u00e9clusion pour violences ayant entra\u00een\u00e9 la mort sans intention de la donner, a <a href=\"https:\/\/www.20minutes.fr\/faits_divers\/4000898-20220909-refus-obtemperer-nice-policier-auteur-tir-vise-information-judiciaire-homicide-volontaire\" class=\"c-link c-link--is-underlined\" rel=\"nofollow noopener\" target=\"_blank\">fait appel de cette d\u00e9cision<\/a>.<\/p>\n<p>Le tir a eu lieu apr\u00e8s une course-poursuite et plusieurs chocs entre la voiture de Zied et celle des policiers, mais des images vid\u00e9o, diffus\u00e9es sur les <a href=\"https:\/\/www.20minutes.fr\/dossier\/reseaux_sociaux\" class=\"c-link c-link--is-underlined\" rel=\"nofollow noopener\" target=\"_blank\">r\u00e9seaux sociaux<\/a>, ont montr\u00e9 que le policier se trouvait \u00e0 c\u00f4t\u00e9 du v\u00e9hicule quand il a tir\u00e9 et n\u2019\u00e9tait donc pas directement menac\u00e9 \u00e0 ce moment-l\u00e0.<\/p>\n<\/p>\n<p>Au printemps\u00a02024, <a href=\"https:\/\/www.20minutes.fr\/justice\/4092634-20240524-refus-obtemperer-nice-non-lieu-requis-policier-tue-conducteur\" class=\"c-link c-link--is-underlined\" rel=\"nofollow noopener\" target=\"_blank\">le parquet avait requis un non-lieu<\/a> en s\u2019appuyant sur une disposition de la loi dite \u00ab\u00a0Cazeneuve\u00a0\u00bb de\u00a02017, qui autorise les forces de l\u2019ordre \u00e0 tirer s\u2019ils n\u2019ont pas d\u2019autre moyen pour stopper des conducteurs r\u00e9calcitrants susceptibles de blesser d\u2019autres personnes dans leur fuite.<\/p>\n<p>Les \u00ab\u00a0conditions de l\u2019usage des armes pas r\u00e9unies\u00a0\u00bb<\/p>\n<p>L\u2019<a href=\"https:\/\/www.20minutes.fr\/dossier\/igpn\" class=\"c-link c-link--is-underlined\" rel=\"nofollow noopener\" target=\"_blank\">IGPN<\/a>, la police des polices, avait pour sa part conclu qu\u2019il n\u2019y avait pas de danger imm\u00e9diat pour les policiers au moment des tirs et que les conditions justifiant l\u2019usage des armes n\u2019\u00e9taient pas r\u00e9unies. En outre, les juges d\u2019instruction avaient relev\u00e9 que le <a href=\"https:\/\/www.20minutes.fr\/dossier\/police\" class=\"c-link c-link--is-underlined\" rel=\"nofollow noopener\" target=\"_blank\">policier<\/a> avait vis\u00e9 directement le conducteur, plut\u00f4t que de tirer sur la voiture.<\/p>\n<p>Une dizaine de jours apr\u00e8s le drame, quelque 150 personnes ont particip\u00e9 \u00e0 une marche blanche \u00e0 Nice pour r\u00e9clamer \u00ab\u00a0<a href=\"https:\/\/www.20minutes.fr\/justice\/\" class=\"c-link c-link--is-underlined\" rel=\"nofollow noopener\" target=\"_blank\">justice<\/a> pour Zied\u00a0\u00bb. En r\u00e9action, 300 personnes ont d\u00e9fil\u00e9 deux semaines plus tard quasiment sur le m\u00eame parcours pour soutenir les forces de l\u2019ordre.<\/p>\n","protected":false},"excerpt":{"rendered":"Le drame s\u2019est jou\u00e9 le 7\u00a0septembre 2022 \u00e0 Nice. Un policier, alors \u00e2g\u00e9 de 23 ans, tirait, lors&hellip;\n","protected":false},"author":2,"featured_media":362902,"comment_status":"","ping_status":"","sticky":false,"template":"","format":"standard","meta":{"footnotes":""},"categories":[2819],"tags":[1111,47,11,2898,7013,1777,674,1011,27,35088,303,12,2401,883,1072,2694,882,2852,25,104,4377,7506,809],"class_list":{"0":"post-362901","1":"post","2":"type-post","3":"status-publish","4":"format-standard","5":"has-post-thumbnail","7":"category-nice","8":"tag-actu","9":"tag-actualite","10":"tag-actualites","11":"tag-alpes-maritimes","12":"tag-cote-dazur","13":"tag-eu","14":"tag-europe","15":"tag-fr","16":"tag-france","17":"tag-igpn","18":"tag-justice","19":"tag-news","20":"tag-nice","21":"tag-paca","22":"tag-police","23":"tag-proces","24":"tag-provence-alpes-cote-dazur","25":"tag-refus-dobtemperer","26":"tag-republique-francaise","27":"tag-societe","28":"tag-stupefiant","29":"tag-var","30":"tag-violence"},"share_on_mastodon":{"url":"https:\/\/pubeurope.com\/@fr\/115139633794144168","error":""},"_links":{"self":[{"href":"https:\/\/www.europesays.com\/fr\/wp-json\/wp\/v2\/posts\/362901","targetHints":{"allow":["GET"]}}],"collection":[{"href":"https:\/\/www.europesays.com\/fr\/wp-json\/wp\/v2\/posts"}],"about":[{"href":"https:\/\/www.europesays.com\/fr\/wp-json\/wp\/v2\/types\/post"}],"author":[{"embeddable":true,"href":"https:\/\/www.europesays.com\/fr\/wp-json\/wp\/v2\/users\/2"}],"replies":[{"embeddable":true,"href":"https:\/\/www.europesays.com\/fr\/wp-json\/wp\/v2\/comments?post=362901"}],"version-history":[{"count":0,"href":"https:\/\/www.europesays.com\/fr\/wp-json\/wp\/v2\/posts\/362901\/revisions"}],"wp:featuredmedia":[{"embeddable":true,"href":"https:\/\/www.europesays.com\/fr\/wp-json\/wp\/v2\/media\/362902"}],"wp:attachment":[{"href":"https:\/\/www.europesays.com\/fr\/wp-json\/wp\/v2\/media?parent=362901"}],"wp:term":[{"taxonomy":"category","embeddable":true,"href":"https:\/\/www.europesays.com\/fr\/wp-json\/wp\/v2\/categories?post=362901"},{"taxonomy":"post_tag","embeddable":true,"href":"https:\/\/www.europesays.com\/fr\/wp-json\/wp\/v2\/tags?post=362901"}],"curies":[{"name":"wp","href":"https:\/\/api.w.org\/{rel}","templated":true}]}}