{"id":362903,"date":"2025-09-03T09:22:11","date_gmt":"2025-09-03T09:22:11","guid":{"rendered":"https:\/\/www.europesays.com\/fr\/362903\/"},"modified":"2025-09-03T09:22:11","modified_gmt":"2025-09-03T09:22:11","slug":"on-pourra-dire-quon-y-etait-lexposition-hokusai-submergee-par-les-visiteurs-la-celebre-vague-attire-les-foules-a-nantes","status":"publish","type":"post","link":"https:\/\/www.europesays.com\/fr\/362903\/","title":{"rendered":"\u00ab\u00a0On pourra dire qu&rsquo;on y \u00e9tait\u00a0\u00bb, l&rsquo;exposition Hokusai submerg\u00e9e par les visiteurs, la c\u00e9l\u00e8bre vague attire les foules \u00e0 Nantes"},"content":{"rendered":"<p class=\"article__intro\">Face \u00e0 l&rsquo;afflux de demandes, le Mus\u00e9e d&rsquo;Histoire de Nantes a ouvert de nouveaux cr\u00e9neaux en soir\u00e9e pour l&rsquo;exposition consacr\u00e9e au ma\u00eetre japonais Hokusai qui attire des visiteurs au-del\u00e0 de la r\u00e9gion.<\/p>\n<p>\n      L\u2019actu des r\u00e9gions\n    <\/p>\n<p>\n      Chaque jour, un tour d\u2019horizon des principales infos de toutes les r\u00e9gions.\n    <\/p>\n<p>    France T\u00e9l\u00e9visions utilise votre adresse e-mail afin de vous envoyer la newsletter \u00ab\u00a0L\u2019actu des r\u00e9gions\u00a0\u00bb. Vous pouvez vous d\u00e9sinscrire \u00e0 tout moment via le lien en bas de cette newsletter. <a target=\"_blank\" href=\"https:\/\/www.francetelevisions.fr\/groupe\/confidentialite\/politique-de-confidentialite\/politique-de-confidentialite-de-france-televisions-6503\" rel=\"nofollow noopener\">Notre politique de confidentialit\u00e9<\/a><\/p>\n<p>Au Ch\u00e2teau des Ducs de Bretagne, \u00e0 Nantes, on s&rsquo;attendait \u00e0 un vrai succ\u00e8s pour cette exposition des \u0153uvres du peintre Japonais Katsushika Hokusai, ouverte le 28 juin dernier. Tout visiteur devait pr\u00e9alablement s&rsquo;inscrire sur un cr\u00e9neau pour avoir la possibilit\u00e9 de contempler les cr\u00e9ations de cet artiste mondialement connu du XVIII\u00e8me si\u00e8cle.<\/p>\n<p>Toute chose ayant une fin, l&rsquo;exposition faite de 150 \u0153uvres pr\u00eat\u00e9es par le mus\u00e9e Hokusai-kan d&rsquo;Obuse, situ\u00e9 pr\u00e8s de Nagano, au nord-ouest de Tokyo, se termine ce dimanche 7 septembre. <\/p>\n<p>De nombreuses demandes de visites ne pouvant s&rsquo;effectuer dans les cr\u00e9neaux initialement ouverts, le mus\u00e9e d&rsquo;Histoire de Nantes propose, pour la derni\u00e8re semaine, des cr\u00e9neaux suppl\u00e9mentaires en soir\u00e9e, jusqu&rsquo;\u00e0 22h. Dimanche jusqu&rsquo;\u00e0 19h.<\/p>\n<p>Pour ceux qui n&rsquo;ont pas r\u00e9serv\u00e9, il est possible de s&rsquo;ins\u00e9rer mais encore faut-il s&rsquo;armer de patience.<\/p>\n<p><a data-article-figure=\"\" href=\"https:\/\/france3-regions.franceinfo.fr\/image\/J_vtM5kEu4CqVYdyzlTm-XsikIY\/1200x1600\/regions\/2025\/09\/03\/whatsapp-image-2025-09-02-at-19-50-44-68b7fe9053ce1140594902.jpg\" data-pswp-width=\"1200\" data-pswp-height=\"1600\" target=\"_blank\" rel=\"nofollow noopener\"><\/p>\n<p>          <img width=\"600\" height=\"400\" class=\"article-image lazy\" data-src=\"https:\/\/www.europesays.com\/fr\/wp-content\/uploads\/2025\/09\/whatsapp-image-2025-09-02-at-19-50-44-68b7fe9053ce1140594902.jpg\" alt=\"La folie Hokusai continue \u00e0 Nantes, de nombreux visiteurs sans billets tentent leur chance sur les cr\u00e9neaux ouverts pour la derni\u00e8re semaine jusqu\u2019\u00e0 22h\" fetchpriority=\"high\" as=\"image\"\/><\/p>\n<p>\n            La folie Hokusai continue \u00e0 Nantes, de nombreux visiteurs sans billets tentent leur chance sur les cr\u00e9neaux ouverts pour la derni\u00e8re semaine jusqu\u2019\u00e0 22h<br \/>\n                           \u2022<br \/>\n                                      \u00a9 France 3 Pays de la Loire &#8211; Vincent Calcagni\n                      <\/p>\n<p><\/a><\/p>\n<p>Ce mardi soir, \u00e0 20h, ils \u00e9taient plus d&rsquo;une centaine \u00e0 patienter, certains depuis plusieurs heures.<\/p>\n<p>\u00ab\u00a0On regrette de ne pas \u00eatre venu plus t\u00f4t on pensait pouvoir quand m\u00eame rentrer mais on vient de nous dire qu\u2019on aurait qu\u2019une demi-heure pour voir l\u2019exposition, t\u00e9moigne un jeune couple.\u00a0On va sans doute renoncer\u00a0\u00bb. Et effectivement ils renoncent et quittent la file cinq minutes plus tard.<\/p>\n<p>A quelques pas, deux jeunes filles en charge de g\u00e9rer le flux des visiteurs viennent pr\u00e9venir : \u00ab\u00a0L\u00e0 o\u00f9 vous en \u00eates on ne peut pas vous garantir que vous ayez la possibilit\u00e9 de voir l\u2019exposition car on fait sortir les gens \u00e0 21h45 maximum\u00a0\u00bb. La vague d&rsquo;Hokusai comment \u00e0 avoir des aspects de douche froide.<\/p>\n<p>Seule une dizaine de personnes sans billets peuvent rentrer dans le pr\u00e9cieux temple \u00e0 chaque demi-heure. \u00ab\u00a0\u00c7a d\u00e9pend du nombre de personnes encore dans les salles au moment o\u00f9 on vous laisse rentrer\u00a0\u00bb,\u00a0explique la charg\u00e9e d\u2019accueil.<\/p>\n<p><a data-article-figure=\"\" href=\"https:\/\/france3-regions.franceinfo.fr\/image\/6Kp-nJpj_2W3eIH4HWSLc-A-nYo\/1600x1200\/regions\/2025\/09\/03\/whatsapp-image-2025-09-02-at-21-13-16-68b7ed56c1d92640546746.jpg\" data-pswp-width=\"1600\" data-pswp-height=\"1200\" target=\"_blank\" rel=\"nofollow noopener\"><\/p>\n<p>          <img width=\"600\" height=\"400\" class=\"article-image lazy\" data-src=\"https:\/\/www.europesays.com\/fr\/wp-content\/uploads\/2025\/09\/whatsapp-image-2025-09-02-at-21-13-16-68b7ed56c1d92640546746.jpg\" alt=\"L'exposition rassemble plus de 150 \u0153uvres du ma\u00eetre japonais.\" fetchpriority=\"high\" as=\"image\"\/><\/p>\n<p>\n            L&rsquo;exposition rassemble plus de 150 \u0153uvres du ma\u00eetre japonais.<br \/>\n                           \u2022<br \/>\n                                      \u00a9 France T\u00e9l\u00e9visions Vincent Calcagni\n                      <\/p>\n<p><\/a><\/p>\n<p>Dans la file d\u2019attente les dialogues se nouent histoire de faire passer le temps. Et chacun raconte son anecdote. Cette Nantaise depuis 40 ans explique qu\u2019elle \u00e9tait l\u00e0 lundi matin d\u00e8s 8h30 et qu\u2019elle a patient\u00e9 deux heures dans la file. \u00ab\u00a0Malheureusement quand ils ont fait passer les personnes juste avant moi, il fallait que je parte r\u00e9cup\u00e9rer mes petits enfants\u00a0\u00bb.<\/p>\n<p>Elle estime que les organisateurs ont fait preuve d&rsquo;un manque d&rsquo;anticipation : \u00ab\u00a0On n&rsquo;a jamais eu une exposition de cette envergure en 40 ans, dit-elle. En plus ils calent \u00e7a hors p\u00e9riode scolaire, ils auraient pu se douter que \u00e7a allait attirer la grande foule non ?\u00a0\u00bb. Vague col\u00e8re.<\/p>\n<p>De fait, d\u00e8s leur ouverture, les nouveaux cr\u00e9neaux ont \u00e9t\u00e9 pris d&rsquo;assaut et ont trouv\u00e9 preneurs en quelques minutes avec saturation du site web de la billetterie et commentaires acerbes de nombreux d\u00e9\u00e7us sur le Facebook du mus\u00e9e.<\/p>\n<p>Au Voyage \u00e0 Nantes (VAN), qui g\u00e8re le Mus\u00e9e d&rsquo;Histoire, on explique qu&rsquo;il \u00e9tait impossible de prolonger l&rsquo;exposition au-del\u00e0 du 7 septembre. Les \u0153uvres sont fragiles et ne peuvent \u00eatre expos\u00e9es plus d&rsquo;un certain temps \u00e0 la lumi\u00e8re, m\u00eame si elle est tamis\u00e9e. \u00ab\u00a0D&rsquo;ordinaire le mus\u00e9e d&rsquo;Obuse pr\u00eate ses \u0153uvres pour quatre semaines, pr\u00e9cise le VAN, nous les avons eues pour plus de deux mois, c&rsquo;est exceptionnel.\u00a0\u00bb<\/p>\n<p>En plus des cr\u00e9neaux propos\u00e9s \u00e0 la r\u00e9servation, le VAN avait gard\u00e9 30 % des entr\u00e9es disponibles sur place.<\/p>\n<p>20h45, l\u2019espoir rena\u00eet pour les derniers motiv\u00e9s : \u00ab\u00a0C\u2019est le dernier cr\u00e9neau de r\u00e9servation donc d\u00e9sormais on attend que les personnes qui visitent l\u2019exposition sortent et on fait rentrer le maximum de monde en fonction de la capacit\u00e9 d\u2019accueil des salles\u00a0\u00bb, pr\u00e9cise la charg\u00e9e d\u2019accueil.<\/p>\n<p>Dans la file d&rsquo;attente, on commence \u00e0 se f\u00e9liciter d&rsquo;avoir patient\u00e9. Une dame venue expr\u00e8s de Bordeaux, avec deux amies, l\u00e2che dans un grand rire : \u00ab\u00a0On pourra dire qu\u2019on y \u00e9tait !\u00a0\u00bb.<\/p>\n<p>Encore une vingtaine de minutes d&rsquo;attente et, enfin, ce groupe peut p\u00e9n\u00e9trer dans la salle, mais devra \u00e0 nouveau patienter pour passer devant la c\u00e9l\u00e8bre vague d&rsquo;Hokusai&#8230; beaucoup de monde faisant la queue devant l&rsquo;\u0153uvre majeure du ma\u00eetre japonais.<\/p>\n<p><strong>Retrouvez-nous sur les r\u00e9seaux sociaux ou sur\u00a0<\/strong><a href=\"http:\/\/france.tv\" rel=\"noopener noreferrer nofollow\" data-tooltip-url=\"http:\/\/france.tv\" target=\"_blank\"><strong>france.tv<\/strong><\/a><\/p>\n","protected":false},"excerpt":{"rendered":"Face \u00e0 l&rsquo;afflux de demandes, le Mus\u00e9e d&rsquo;Histoire de Nantes a ouvert de nouveaux cr\u00e9neaux en soir\u00e9e pour&hellip;\n","protected":false},"author":2,"featured_media":362904,"comment_status":"","ping_status":"","sticky":false,"template":"","format":"standard","meta":{"footnotes":""},"categories":[2818],"tags":[1111,11,1777,674,1011,27,766,12,2636,25],"class_list":{"0":"post-362903","1":"post","2":"type-post","3":"status-publish","4":"format-standard","5":"has-post-thumbnail","7":"category-nantes","8":"tag-actu","9":"tag-actualites","10":"tag-eu","11":"tag-europe","12":"tag-fr","13":"tag-france","14":"tag-nantes","15":"tag-news","16":"tag-pays-de-la-loire","17":"tag-republique-francaise"},"share_on_mastodon":{"url":"https:\/\/pubeurope.com\/@fr\/115139637786043997","error":""},"_links":{"self":[{"href":"https:\/\/www.europesays.com\/fr\/wp-json\/wp\/v2\/posts\/362903","targetHints":{"allow":["GET"]}}],"collection":[{"href":"https:\/\/www.europesays.com\/fr\/wp-json\/wp\/v2\/posts"}],"about":[{"href":"https:\/\/www.europesays.com\/fr\/wp-json\/wp\/v2\/types\/post"}],"author":[{"embeddable":true,"href":"https:\/\/www.europesays.com\/fr\/wp-json\/wp\/v2\/users\/2"}],"replies":[{"embeddable":true,"href":"https:\/\/www.europesays.com\/fr\/wp-json\/wp\/v2\/comments?post=362903"}],"version-history":[{"count":0,"href":"https:\/\/www.europesays.com\/fr\/wp-json\/wp\/v2\/posts\/362903\/revisions"}],"wp:featuredmedia":[{"embeddable":true,"href":"https:\/\/www.europesays.com\/fr\/wp-json\/wp\/v2\/media\/362904"}],"wp:attachment":[{"href":"https:\/\/www.europesays.com\/fr\/wp-json\/wp\/v2\/media?parent=362903"}],"wp:term":[{"taxonomy":"category","embeddable":true,"href":"https:\/\/www.europesays.com\/fr\/wp-json\/wp\/v2\/categories?post=362903"},{"taxonomy":"post_tag","embeddable":true,"href":"https:\/\/www.europesays.com\/fr\/wp-json\/wp\/v2\/tags?post=362903"}],"curies":[{"name":"wp","href":"https:\/\/api.w.org\/{rel}","templated":true}]}}