{"id":362905,"date":"2025-09-03T09:23:11","date_gmt":"2025-09-03T09:23:11","guid":{"rendered":"https:\/\/www.europesays.com\/fr\/362905\/"},"modified":"2025-09-03T09:23:11","modified_gmt":"2025-09-03T09:23:11","slug":"une-enquete-ouverte-a-nantes-apres-le-suicide-dun-homme","status":"publish","type":"post","link":"https:\/\/www.europesays.com\/fr\/362905\/","title":{"rendered":"une enqu\u00eate ouverte \u00e0 Nantes apr\u00e8s le suicide d&rsquo;un homme"},"content":{"rendered":"<p>            Par<br \/>\n        <strong><br \/>\n            <a href=\"https:\/\/actu.fr\/auteur\/thomas-bernard\" title=\"Consulter tous les articles de Thomas Bernard\" rel=\"nofollow noopener\" target=\"_blank\">Thomas Bernard<\/a><br \/>\n        <\/strong><\/p>\n<p>        Publi\u00e9 le<\/p>\n<p>            3 sept. 2025 \u00e0 10h22        <\/p>\n<p>Le vendredi 29\u00a0ao\u00fbt 2025, l\u2019enseignement catholique de Loire-Atlantique a r\u00e9v\u00e9l\u00e9 <a href=\"https:\/\/actu.fr\/pays-de-la-loire\/nantes_44109\/aucune-victime-ne-doit-etre-reduite-au-silence-des-abus-sexuels-reveles-dans-un-lycee-catholique-de-nantes_63099103.html\" rel=\"nofollow noopener\" target=\"_blank\">avoir recueilli des t\u00e9moignages de plusieurs victimes au sein de l\u2019\u00e9tablissement Saint-Stanislas de Nantes<\/a>. Des faits recens\u00e9s au cours <strong>des ann\u00e9es 1960 \u00e0 2000<\/strong>. Ce mercredi 3\u00a0septembre 2025 <a href=\"https:\/\/actu.fr\/pays-de-la-loire\/nantes_44109\/portrait-qui-est-antoine-leroy-ce-procureur-venu-du-sud-pour-s-installer-a-nantes_62672358.html\" rel=\"nofollow noopener\" target=\"_blank\">Antoine Leroy<\/a>, procureur de Nantes, a confirm\u00e9 <strong>l\u2019ouverture d\u2019une enqu\u00eate suite \u00e0 ces r\u00e9v\u00e9lations<\/strong>.<\/p>\n<p>Une potentielle victime s\u2019est suicid\u00e9e<\/p>\n<p class=\" wall-content\">\u00ab\u2009Le parquet de Nantes a \u00e9t\u00e9 effectivement rendu destinataire d\u2019un courrier adress\u00e9 au directeur de l\u2019enseignement catholique de Nantes, qui me l\u2019a transmis, et \u00e9manant de la famille <strong>d\u2019un homme de 46\u00a0ans qui s\u2019est donn\u00e9 la mort le 31\u00a0juillet 2024<\/strong>, en ayant fait part \u00e0 ses proches, pr\u00e9c\u00e9demment, <strong>d\u2019avoir \u00e9t\u00e9 victime d\u2019infractions \u00e0 caract\u00e8re sexuel commises par un surveillant lorsqu\u2019il \u00e9tait interne au coll\u00e8ge Saint Stanislas de Nantes\u2009\u00bb<\/strong>, explique Antoine Leroy dans un communiqu\u00e9 transmis \u00e0 la r\u00e9daction d\u2019<a href=\"https:\/\/actu.fr\/nantes\/\" rel=\"nofollow noopener\" target=\"_blank\">actu Nantes<\/a>.<\/p>\n<p class=\" wall-content\">Pour l\u2019instant, le parquet de Nantes n\u2019a pas eu connaissance d\u2019autres informations de m\u00eame nature concernant d\u2019autres familles. L\u2019enqu\u00eate a \u00e9t\u00e9 r\u00e9cemment confi\u00e9e aux services du commissariat de Nantes.<\/p>\n<p class=\" wall-content\">Personnalisez votre actualit\u00e9 en ajoutant vos villes et m\u00e9dias en favori avec <a href=\"https:\/\/moncompte.actu.fr\" title=\"D\u00e9couvez Mon Actu\" rel=\"nofollow noopener\" data-trk=\"{&quot;cta&quot;:{&quot;action&quot;:&quot;https:\\\/\\\/moncompte.actu.fr&quot;,&quot;category&quot;:&quot;mon compte&quot;,&quot;from&quot;:&quot;article footer&quot;,&quot;name&quot;:&quot;Mon actu&quot;,&quot;type&quot;:&quot;cta&quot;}}\" target=\"_blank\">Mon Actu<\/a>.<\/p>\n","protected":false},"excerpt":{"rendered":"Par Thomas Bernard Publi\u00e9 le 3 sept. 2025 \u00e0 10h22 Le vendredi 29\u00a0ao\u00fbt 2025, l\u2019enseignement catholique de Loire-Atlantique&hellip;\n","protected":false},"author":2,"featured_media":362906,"comment_status":"","ping_status":"","sticky":false,"template":"","format":"standard","meta":{"footnotes":""},"categories":[2818],"tags":[1111,11,1777,674,118,1011,27,303,766,12,2636,25,799],"class_list":{"0":"post-362905","1":"post","2":"type-post","3":"status-publish","4":"format-standard","5":"has-post-thumbnail","7":"category-nantes","8":"tag-actu","9":"tag-actualites","10":"tag-eu","11":"tag-europe","12":"tag-faits-divers","13":"tag-fr","14":"tag-france","15":"tag-justice","16":"tag-nantes","17":"tag-news","18":"tag-pays-de-la-loire","19":"tag-republique-francaise","20":"tag-violences-sexuelles"},"share_on_mastodon":{"url":"https:\/\/pubeurope.com\/@fr\/115139641697205953","error":""},"_links":{"self":[{"href":"https:\/\/www.europesays.com\/fr\/wp-json\/wp\/v2\/posts\/362905","targetHints":{"allow":["GET"]}}],"collection":[{"href":"https:\/\/www.europesays.com\/fr\/wp-json\/wp\/v2\/posts"}],"about":[{"href":"https:\/\/www.europesays.com\/fr\/wp-json\/wp\/v2\/types\/post"}],"author":[{"embeddable":true,"href":"https:\/\/www.europesays.com\/fr\/wp-json\/wp\/v2\/users\/2"}],"replies":[{"embeddable":true,"href":"https:\/\/www.europesays.com\/fr\/wp-json\/wp\/v2\/comments?post=362905"}],"version-history":[{"count":0,"href":"https:\/\/www.europesays.com\/fr\/wp-json\/wp\/v2\/posts\/362905\/revisions"}],"wp:featuredmedia":[{"embeddable":true,"href":"https:\/\/www.europesays.com\/fr\/wp-json\/wp\/v2\/media\/362906"}],"wp:attachment":[{"href":"https:\/\/www.europesays.com\/fr\/wp-json\/wp\/v2\/media?parent=362905"}],"wp:term":[{"taxonomy":"category","embeddable":true,"href":"https:\/\/www.europesays.com\/fr\/wp-json\/wp\/v2\/categories?post=362905"},{"taxonomy":"post_tag","embeddable":true,"href":"https:\/\/www.europesays.com\/fr\/wp-json\/wp\/v2\/tags?post=362905"}],"curies":[{"name":"wp","href":"https:\/\/api.w.org\/{rel}","templated":true}]}}