{"id":362915,"date":"2025-09-03T09:28:13","date_gmt":"2025-09-03T09:28:13","guid":{"rendered":"https:\/\/www.europesays.com\/fr\/362915\/"},"modified":"2025-09-03T09:28:13","modified_gmt":"2025-09-03T09:28:13","slug":"entreprises-beneficiez-d1h-de-conseils-a-proximite-de-chez-vous","status":"publish","type":"post","link":"https:\/\/www.europesays.com\/fr\/362915\/","title":{"rendered":"Entreprises, b\u00e9n\u00e9ficiez d&rsquo;1h de conseils \u00e0 proximit\u00e9 de chez vous !"},"content":{"rendered":"<p>            Vous \u00eates entrepreneur ou porteur de projet ?<\/p>\n<p>Profitez chaque mois d\u20191h d\u2019accompagnement gratuit, pr\u00e8s de chez vous, avec les experts de la Chambre des M\u00e9tiers et de l\u2019Artisanat Hauts de France, Nord Actif, la Chambre des M\u00e9tiers et de l\u2019Industrie Hauts de France, la BGE Hauts-de-France, Impulsions M\u00e9tropole Sud ou encore le R\u00e9seau Initiative Lille M\u00e9tropole Sud.\u00a0<\/p>\n<p>Vous pouvez ainsi b\u00e9n\u00e9ficiez gratuitement d\u2019un moment privil\u00e9gi\u00e9 pour aborder en toute confidentialit\u00e9 vos enjeux du moment : financement,\u00a0business plan,\u00a0d\u00e9veloppement,\u00a0cr\u00e9ation d\u2019entreprise&#8230;Et tout autre sujet li\u00e9 \u00e0 votre projet ou votre entreprise !<\/p>\n<p>Si vous \u00eates porteur de projet, vous b\u00e9n\u00e9ficierez \u00e0 la fois de conseils sur les \u00e9tapes \u00e0 passer pour cr\u00e9er et monter votre business plan. Des solutions vous seront propos\u00e9es pour obtenir un budget de d\u00e9part et vous orienter vers des dispositifs adapt\u00e9s \u00e0 vos besoins. <\/p>\n<p>Si vous \u00eates une structure d\u00e9j\u00e0 \u00e9tablie, vous b\u00e9n\u00e9ficierez de solutions pour acc\u00e9l\u00e9rer la croissance de votre structure. Strat\u00e9gie marketing, gestion, am\u00e9lioration des process, etc. les partenaires viendront vous conseiller selon leur expertise. Par ailleurs, l\u2019\u00e9quipe du Service aux Entreprises de P\u00e9v\u00e8le Carembault est disponible pour vous \u00e9pauler sur ces sujets, mais aussi sur vos probl\u00e9matiques de recrutement ou d\u2019implantation sur le territoire. <\/p>\n<p>O\u00f9 ont lieu les permanences ?\u00a0<\/p>\n<p>Les permanences ont lieu \u00e0 <a href=\"https:\/\/www.terrabundo.com\/\" rel=\"nofollow noopener\" target=\"_blank\">Terrab\u00f9ndo, votre maison des entrepreneurs en P\u00e9v\u00e8le Carembault<\/a> !\u00a0<br \/>Situ\u00e9 \u00e0 Ennevelin, Terrab\u00f9ndo propose un environnement de 1400 m\u00b2 d\u00e9di\u00e9 aux acteurs qui agissent en faveur d\u2019une \u00e9conomie durable, locale et circulaire. En plein c\u0153ur de la P\u00e9v\u00e8le-Carembault, \u00e0 proximit\u00e9 de Lille, ce lieu favorise la cr\u00e9ation, l\u2019emploi et l\u2019\u00e9change entre entrepreneurs.\u00a0<\/p>\n<p>Adresse : 1 rue Christian Maille &#8211; Ennevelin &#8211; Parking sur place<\/p>\n<p>Comment m\u2019inscrire \u00e0 une permanence ?\u00a0<\/p>\n<p>C\u2019est simple et gratuit, r\u00e9servez votre cr\u00e9neau d\u20191h sur les plages horaires propos\u00e9es en ligne <strong><a href=\"https:\/\/www.terrabundo.com\/agenda\/\" rel=\"nofollow noopener\" target=\"_blank\">ici sur le site de Terrab\u00f9ndo.<\/a><\/strong><br \/>\u00a0<\/p>\n","protected":false},"excerpt":{"rendered":"Vous \u00eates entrepreneur ou porteur de projet ? Profitez chaque mois d\u20191h d\u2019accompagnement gratuit, pr\u00e8s de chez vous,&hellip;\n","protected":false},"author":2,"featured_media":362916,"comment_status":"","ping_status":"","sticky":false,"template":"","format":"standard","meta":{"footnotes":""},"categories":[2815],"tags":[1111,11,1777,674,1011,27,811,1307,12,25],"class_list":{"0":"post-362915","1":"post","2":"type-post","3":"status-publish","4":"format-standard","5":"has-post-thumbnail","7":"category-lille","8":"tag-actu","9":"tag-actualites","10":"tag-eu","11":"tag-europe","12":"tag-fr","13":"tag-france","14":"tag-hauts-de-france","15":"tag-lille","16":"tag-news","17":"tag-republique-francaise"},"share_on_mastodon":{"url":"https:\/\/pubeurope.com\/@fr\/115139661216653939","error":""},"_links":{"self":[{"href":"https:\/\/www.europesays.com\/fr\/wp-json\/wp\/v2\/posts\/362915","targetHints":{"allow":["GET"]}}],"collection":[{"href":"https:\/\/www.europesays.com\/fr\/wp-json\/wp\/v2\/posts"}],"about":[{"href":"https:\/\/www.europesays.com\/fr\/wp-json\/wp\/v2\/types\/post"}],"author":[{"embeddable":true,"href":"https:\/\/www.europesays.com\/fr\/wp-json\/wp\/v2\/users\/2"}],"replies":[{"embeddable":true,"href":"https:\/\/www.europesays.com\/fr\/wp-json\/wp\/v2\/comments?post=362915"}],"version-history":[{"count":0,"href":"https:\/\/www.europesays.com\/fr\/wp-json\/wp\/v2\/posts\/362915\/revisions"}],"wp:featuredmedia":[{"embeddable":true,"href":"https:\/\/www.europesays.com\/fr\/wp-json\/wp\/v2\/media\/362916"}],"wp:attachment":[{"href":"https:\/\/www.europesays.com\/fr\/wp-json\/wp\/v2\/media?parent=362915"}],"wp:term":[{"taxonomy":"category","embeddable":true,"href":"https:\/\/www.europesays.com\/fr\/wp-json\/wp\/v2\/categories?post=362915"},{"taxonomy":"post_tag","embeddable":true,"href":"https:\/\/www.europesays.com\/fr\/wp-json\/wp\/v2\/tags?post=362915"}],"curies":[{"name":"wp","href":"https:\/\/api.w.org\/{rel}","templated":true}]}}