{"id":362917,"date":"2025-09-03T09:29:10","date_gmt":"2025-09-03T09:29:10","guid":{"rendered":"https:\/\/www.europesays.com\/fr\/362917\/"},"modified":"2025-09-03T09:29:10","modified_gmt":"2025-09-03T09:29:10","slug":"2025-2026-a-lopera-de-lille-les-quatre-saisons","status":"publish","type":"post","link":"https:\/\/www.europesays.com\/fr\/362917\/","title":{"rendered":"2025-2026 \u00e0 l\u2019Op\u00e9ra de Lille : les quatre saisons"},"content":{"rendered":"<p>De Jan\u00e1\u010dek \u00e0 Philip Glass, en passant par Bart\u00f3k ou Denisov, la maison lilloise promet nombre de raret\u00e9s \u00e0 c\u00f4t\u00e9 d\u2019un ouvrage plus classique.<\/p>\n<p class=\"p1\">Tout juste arriv\u00e9e \u00e0 la t\u00eate de l\u2019Op\u00e9ra de Lille, <strong>Barbara Eckle<\/strong> a imagin\u00e9 une programmation organis\u00e9e en quatre saisons, chacune s\u2019ouvrant par une open week pour permettre au public d\u2019assister aux pr\u00e9paratifs de la nouvelle production lyrique. L\u2019automne sera ainsi marqu\u00e9 par L\u2019Ecume des jours du compositeur russe Edison Denisov, d\u2019apr\u00e8s le roman onirique de Boris Vian et cr\u00e9\u00e9 en 1986 \u00e0 l\u2019Op\u00e9ra-Comique. Dans un langage m\u00ealant harmonies et rythmes de jazz, ch\u0153urs liturgiques d\u2019inspiration orthodoxe et influences wagn\u00e9riennes, le t\u00e9nor am\u00e9ricain Cameron Becker en Colin tombera amoureux de la Chlo\u00e9 de la soprano allemande Josefin Feiler, qui ne tardera pas \u00e0 voir pousser un n\u00e9nuphar dans son poumon. La Polonaise Anna Smolar est aux manettes de la mise en sc\u00e8ne, tandis que le maestro libano-polonais Bassem Akiki, sp\u00e9cialiste du r\u00e9pertoire contemporain (et lui-m\u00eame compositeur), veillera sur toute la troupe.<\/p>\n<p>  Hiver de l\u2019Est  <\/p>\n<p class=\"p1\">L\u2019hiver suivra avec L\u2019Affaire Makropoulos de Janacek, reprise du spectacle impressionnant de la cin\u00e9aste Kornel Mundruczo, o\u00f9 <strong>V\u00e9ronique Gens<\/strong> sera pour la premi\u00e8re fois Emilia Marty. Elle sera entour\u00e9e par l\u2019Albert de l\u2019Ukrainien Denys Pivnitskyi, que les Lyonnais avaient applaudi dans le r\u00f4le en 2024, et par le formidable Robin Adams en Jaroslav Prus, ainsi que par la baguette de l\u2019Am\u00e9ricain Dennis Russell Davies. <\/p>\n<p class=\"p1\">La saison hivernale sera aussi rythm\u00e9e par un projet itin\u00e9rant et immersif consacr\u00e9 au Ch\u00e2teau de Barbe-Bleue de Bartok, dans une production de Jeffrey D\u00f6ring sous-titr\u00e9e \u00ab Les Sons de la solitude \u00bb, qui ins\u00e8re des t\u00e9moignages recueillis aupr\u00e8s de personnes \u00e2g\u00e9es et de soignants. Joshua Morris et Solenn\u2019 Lavanant Linke seront respectivement Barbe-Bleue et Judith.<\/p>\n<p class=\"p1\">Au printemps, la maison lilloise pr\u00e9sentera Les Enfants terribles de Philip Glass, op\u00e9ra tir\u00e9 du roman de Cocteau et cr\u00e9\u00e9 en 1996. Le jeune metteur en sc\u00e8ne Matthias Piro laissera se perdre dans des labyrinthes et mondes parall\u00e8les le baryton franco-mexicain Sergio Villegas Galvain et la soprano tch\u00e8que Marie Smolka, n\u00e9anmoins conduits par la maestra Virginie Dejos.<\/p>\n<p class=\"p1\">Enfin, l\u2019\u00e9t\u00e9 verra l\u2019arriv\u00e9e de La Fl\u00fbte enchant\u00e9e de Mozart selon Suzanne Andrade et Barrie Kosky, d\u00e9licieuse production cr\u00e9\u00e9e en 2012 \u00e0 Berlin et reprise quelques ann\u00e9es plus tard \u00e0 l\u2019Op\u00e9ra-Comique. Le jeune chef italien Riccardo Bisatti conduira le t\u00e9nor chinois Mingjie Lei et la soprano n\u00e9o-z\u00e9landaise Natasha Te Rupe Wilson.<\/p>\n","protected":false},"excerpt":{"rendered":"De Jan\u00e1\u010dek \u00e0 Philip Glass, en passant par Bart\u00f3k ou Denisov, la maison lilloise promet nombre de raret\u00e9s&hellip;\n","protected":false},"author":2,"featured_media":362918,"comment_status":"","ping_status":"","sticky":false,"template":"","format":"standard","meta":{"footnotes":""},"categories":[2815],"tags":[1111,11,1777,674,1011,27,811,1307,12,25],"class_list":{"0":"post-362917","1":"post","2":"type-post","3":"status-publish","4":"format-standard","5":"has-post-thumbnail","7":"category-lille","8":"tag-actu","9":"tag-actualites","10":"tag-eu","11":"tag-europe","12":"tag-fr","13":"tag-france","14":"tag-hauts-de-france","15":"tag-lille","16":"tag-news","17":"tag-republique-francaise"},"share_on_mastodon":{"url":"https:\/\/pubeurope.com\/@fr\/115139665243325271","error":""},"_links":{"self":[{"href":"https:\/\/www.europesays.com\/fr\/wp-json\/wp\/v2\/posts\/362917","targetHints":{"allow":["GET"]}}],"collection":[{"href":"https:\/\/www.europesays.com\/fr\/wp-json\/wp\/v2\/posts"}],"about":[{"href":"https:\/\/www.europesays.com\/fr\/wp-json\/wp\/v2\/types\/post"}],"author":[{"embeddable":true,"href":"https:\/\/www.europesays.com\/fr\/wp-json\/wp\/v2\/users\/2"}],"replies":[{"embeddable":true,"href":"https:\/\/www.europesays.com\/fr\/wp-json\/wp\/v2\/comments?post=362917"}],"version-history":[{"count":0,"href":"https:\/\/www.europesays.com\/fr\/wp-json\/wp\/v2\/posts\/362917\/revisions"}],"wp:featuredmedia":[{"embeddable":true,"href":"https:\/\/www.europesays.com\/fr\/wp-json\/wp\/v2\/media\/362918"}],"wp:attachment":[{"href":"https:\/\/www.europesays.com\/fr\/wp-json\/wp\/v2\/media?parent=362917"}],"wp:term":[{"taxonomy":"category","embeddable":true,"href":"https:\/\/www.europesays.com\/fr\/wp-json\/wp\/v2\/categories?post=362917"},{"taxonomy":"post_tag","embeddable":true,"href":"https:\/\/www.europesays.com\/fr\/wp-json\/wp\/v2\/tags?post=362917"}],"curies":[{"name":"wp","href":"https:\/\/api.w.org\/{rel}","templated":true}]}}