{"id":362919,"date":"2025-09-03T09:30:10","date_gmt":"2025-09-03T09:30:10","guid":{"rendered":"https:\/\/www.europesays.com\/fr\/362919\/"},"modified":"2025-09-03T09:30:10","modified_gmt":"2025-09-03T09:30:10","slug":"photos-archives-une-exposition-retrace-leurs-debuts-au-musee-dhistoire-de-marseille","status":"publish","type":"post","link":"https:\/\/www.europesays.com\/fr\/362919\/","title":{"rendered":"photos, archives&#8230; une exposition retrace leurs d\u00e9buts au mus\u00e9e d&rsquo;Histoire de Marseille"},"content":{"rendered":"<p>C\u2019\u00e9tait le 26\u00a0septembre\u00a01985. On est sur Europe 1 et Coluche a \u00ab\u00a0une petite id\u00e9e\u00a0\u00bb. Sans le savoir, il signe l\u2019acte de naissance des <a href=\"https:\/\/www.laprovence.com\/article\/region\/22317173322277\/les-restos-du-coeur-a-salon-c-est-l-entraide-avant-tout\" target=\"_blank\" rel=\"noopener\">Restos du C\u0153ur<\/a>. 40\u00a0ans plus tard, c\u2019est en collaboration avec l\u2019AFP (Agence Fran\u00e7aise de Presse) que cet anniversaire est c\u00e9l\u00e9br\u00e9. Apr\u00e8s Paris, Lille et Bordeaux, <a href=\"https:\/\/www.restosducoeur.org\/expo-photos-afp-marseille\/\" target=\"_blank\" rel=\"noopener\">l\u2019exposition itin\u00e9rante \u00ab\u00a0C\u2019est l\u2019histoire d\u2019un pauvre\u00a0\u00bb<\/a> s\u2019installe au mus\u00e9e d\u2019histoire de Marseille jusqu\u2019au 5\u00a0octobre.<\/p>\n<p>Une quarantaine de photos et de d\u00e9p\u00eaches &#8211;\u00a0extraites des six\u00a0millions de documents\u00a0: n\u00e9gatifs, planches contact, diapo\u2026 des archives de l\u2019AFP\u00a0&#8211; qui ne retracent pas 40\u00a0ans de pauvret\u00e9, mais qui sont de v\u00e9ritables t\u00e9moignages du contexte social des ann\u00e9es\u00a080 marqu\u00e9 par le ch\u00f4mage de masse. Les documents pr\u00e9sent\u00e9s ont \u00e9t\u00e9 choisis sur la p\u00e9riode 1985-1989, entre la cr\u00e9ation et le premier <a href=\"https:\/\/www.laprovence.com\/article\/france-monde\/2154780738599315\/les-enfoires-sur-tf1-ont-rassemble-8-5-millions-de-telespectateurs\" target=\"_blank\" rel=\"noopener\">concert des Enfoir\u00e9s<\/a>.<\/p>\n<p>Les visiteurs peuvent d\u00e9couvrir des reportages au c\u0153ur de la pr\u00e9carit\u00e9, on y retrouve Yves, un Toulonnais pr\u00eat \u00e0 offrir un rein contre un emploi mais aussi Coluche au micro d\u2019Europe 1, ou encore en discussion avec Gaston Defferre, alors maire de Marseille. Le tout enrichi d\u2019objets symboliques, comme le premier roadbook de la tourn\u00e9e des Enfoir\u00e9s.<\/p>\n<p>Autant de documents qui mettent en exergue de tristes chiffres, \u00ab\u00a08,5\u00a0millions de repas servis en\u00a01985, 163\u00a0millions l\u2019ann\u00e9e derni\u00e8re\u00a0\u00bb, rappelle le pr\u00e9sident national des Restos, le Marseillais Patrice Douret.<\/p>\n<p>\u00ab\u00a0C\u2019est l\u2019histoire d\u2019un pauvre\u2026 Les Restos du C\u0153ur 1985-1989\u00a0\u00bb, jusqu\u2019au 5\u00a0octobre au mus\u00e9e d\u2019Histoire, 2, rue Henri-Barbusse (1er). Du mardi au samedi de 9h \u00e0 18h, entr\u00e9e gratuite. Visites guid\u00e9es les jeudis 11 et 25\u00a0septembre \u00e0 14h.<\/p>\n","protected":false},"excerpt":{"rendered":"C\u2019\u00e9tait le 26\u00a0septembre\u00a01985. On est sur Europe 1 et Coluche a \u00ab\u00a0une petite id\u00e9e\u00a0\u00bb. Sans le savoir, il&hellip;\n","protected":false},"author":2,"featured_media":362920,"comment_status":"","ping_status":"","sticky":false,"template":"","format":"standard","meta":{"footnotes":""},"categories":[2814],"tags":[17,1111,11,1764,10944,6521,154,1777,674,1011,27,2831,884,12,2189,882,25,7057,96],"class_list":{"0":"post-362919","1":"post","2":"type-post","3":"status-publish","4":"format-standard","5":"has-post-thumbnail","7":"category-marseille","8":"tag-17","9":"tag-actu","10":"tag-actualites","11":"tag-ans","12":"tag-archives","13":"tag-coeur","14":"tag-des","15":"tag-eu","16":"tag-europe","17":"tag-fr","18":"tag-france","19":"tag-loisirs-traditions","20":"tag-marseille","21":"tag-news","22":"tag-photos","23":"tag-provence-alpes-cote-dazur","24":"tag-republique-francaise","25":"tag-restos","26":"tag-une"},"share_on_mastodon":{"url":"https:\/\/pubeurope.com\/@fr\/115139669270425156","error":""},"_links":{"self":[{"href":"https:\/\/www.europesays.com\/fr\/wp-json\/wp\/v2\/posts\/362919","targetHints":{"allow":["GET"]}}],"collection":[{"href":"https:\/\/www.europesays.com\/fr\/wp-json\/wp\/v2\/posts"}],"about":[{"href":"https:\/\/www.europesays.com\/fr\/wp-json\/wp\/v2\/types\/post"}],"author":[{"embeddable":true,"href":"https:\/\/www.europesays.com\/fr\/wp-json\/wp\/v2\/users\/2"}],"replies":[{"embeddable":true,"href":"https:\/\/www.europesays.com\/fr\/wp-json\/wp\/v2\/comments?post=362919"}],"version-history":[{"count":0,"href":"https:\/\/www.europesays.com\/fr\/wp-json\/wp\/v2\/posts\/362919\/revisions"}],"wp:featuredmedia":[{"embeddable":true,"href":"https:\/\/www.europesays.com\/fr\/wp-json\/wp\/v2\/media\/362920"}],"wp:attachment":[{"href":"https:\/\/www.europesays.com\/fr\/wp-json\/wp\/v2\/media?parent=362919"}],"wp:term":[{"taxonomy":"category","embeddable":true,"href":"https:\/\/www.europesays.com\/fr\/wp-json\/wp\/v2\/categories?post=362919"},{"taxonomy":"post_tag","embeddable":true,"href":"https:\/\/www.europesays.com\/fr\/wp-json\/wp\/v2\/tags?post=362919"}],"curies":[{"name":"wp","href":"https:\/\/api.w.org\/{rel}","templated":true}]}}