{"id":362921,"date":"2025-09-03T09:31:12","date_gmt":"2025-09-03T09:31:12","guid":{"rendered":"https:\/\/www.europesays.com\/fr\/362921\/"},"modified":"2025-09-03T09:31:12","modified_gmt":"2025-09-03T09:31:12","slug":"racisme-diffamation-un-litige-entre-deux-agents-immobiliers-du-reseau-plaza-finit-au-tribunal","status":"publish","type":"post","link":"https:\/\/www.europesays.com\/fr\/362921\/","title":{"rendered":"Racisme, diffamation\u2026 Un litige entre deux agents immobiliers du r\u00e9seau Plaza finit au tribunal"},"content":{"rendered":"<p class=\"mb-4 text-lg md:leading-8 break-words\"><strong>Clash &#8211; Deux agents du r\u00e9seau immobilier St\u00e9phane Plaza se sont affront\u00e9s au tribunal. L\u2019un accusant l\u2019autre d\u2019injures racistes, l\u2019autre de diffamation publique<\/strong><\/p>\n<p class=\"mb-4 text-lg md:leading-8 break-words\">C\u2019est une rivalit\u00e9 commerciale qui a d\u00e9pass\u00e9 les limites. Mardi \u00e0 <a href=\"https:\/\/www.20minutes.fr\/marseille\/?at_medium=RSS%20feed&amp;at_campaign=ynews&amp;utm_source=yahoo&amp;utm_medium=rss&amp;utm_campaign=news_feed&amp;utm_content=in_article_link\" rel=\"nofollow noopener\" target=\"_blank\" data-ylk=\"slk:Marseille;elm:context_link;itc:0;sec:content-canvas\" class=\"link \">Marseille<\/a>, deux agents immobiliers du <a href=\"https:\/\/www.20minutes.fr\/dossier\/stephane_plaza?at_medium=RSS%20feed&amp;at_campaign=ynews&amp;utm_source=yahoo&amp;utm_medium=rss&amp;utm_campaign=news_feed&amp;utm_content=in_article_link\" rel=\"nofollow noopener\" target=\"_blank\" data-ylk=\"slk:r\u00e9seau St\u00e9phane Plaza;elm:context_link;itc:0;sec:content-canvas\" class=\"link \">r\u00e9seau St\u00e9phane Plaza<\/a> s\u2019affrontaient au tribunal, s\u2019accusant mutuellement d\u2019injures racistes et de <a href=\"https:\/\/www.20minutes.fr\/dossier\/diffamation?at_medium=RSS%20feed&amp;at_campaign=ynews&amp;utm_source=yahoo&amp;utm_medium=rss&amp;utm_campaign=news_feed&amp;utm_content=in_article_link\" rel=\"nofollow noopener\" target=\"_blank\" data-ylk=\"slk:diffamation;elm:context_link;itc:0;sec:content-canvas\" class=\"link \">diffamation<\/a>, raconte <a href=\"https:\/\/www.laprovence.com\/article\/faits-divers-justice\/1091001061667214\/reseau-stephane-plaza-injures-racistes-diffamation-deux-agents-immobiliers-de-marseille-saffrontent-au-tribunal?at_medium=RSS%20feed&amp;at_campaign=ynews&amp;utm_source=yahoo&amp;utm_medium=rss&amp;utm_campaign=news_feed&amp;utm_content=in_article_link\" rel=\"nofollow noopener\" target=\"_blank\" data-ylk=\"slk:La Provence;elm:context_link;itc:0;sec:content-canvas\" class=\"link \">La Provence<\/a>.<\/p>\n<p>\u00ab\u00a0Kirikou\u00a0\u00bb<\/p>\n<p class=\"mb-4 text-lg md:leading-8 break-words\">Corneille F., \u00e0 la t\u00eate de quatre agences, accuse son concurrent Jean-S\u00e9bastien G., \u00e9galement responsable de plusieurs agences du r\u00e9seau avant de le quitter en juin\u00a02025, d\u2019injures \u00e0 <a href=\"https:\/\/www.20minutes.fr\/dossier\/racisme?at_medium=RSS%20feed&amp;at_campaign=ynews&amp;utm_source=yahoo&amp;utm_medium=rss&amp;utm_campaign=news_feed&amp;utm_content=in_article_link\" rel=\"nofollow noopener\" target=\"_blank\" data-ylk=\"slk:caract\u00e8re raciste;elm:context_link;itc:0;sec:content-canvas\" class=\"link \">caract\u00e8re raciste<\/a> r\u00e9guli\u00e8rement prof\u00e9r\u00e9es au t\u00e9l\u00e9phone. Il avait port\u00e9 plainte en juin\u00a02024, \u00e9galement pour \u00ab\u00a0diffamation priv\u00e9e\u00a0\u00bb ainsi que \u00ab\u00a0diffamation publique\u00a0\u00bb.<\/p>\n<p class=\"mb-4 text-lg md:leading-8 break-words\">Des accusations qualifi\u00e9es de \u00ab\u00a0mensonges\u00a0\u00bb par son rival qui, lui aussi, a d\u00e9pos\u00e9 plainte pour \u00ab\u00a0diffamation\u00a0\u00bb en raison de messages publi\u00e9s sur les r\u00e9seaux sociaux et sur le site de l\u2019agence de Corneille F. \u00e9voquant un \u00ab\u00a0confr\u00e8re raciste multir\u00e9cidiviste\u00a0\u00bb avec une description reconnaissable.<\/p>\n<p class=\"mb-4 text-lg md:leading-8 break-words\">Jean-S\u00e9bastien G. a n\u00e9anmoins reconnu avoir utilis\u00e9 le terme de \u00ab\u00a0Kirikou\u00a0\u00bb dans une dispute t\u00e9l\u00e9phonique. Mais cette derni\u00e8re injure a \u00e9t\u00e9 consid\u00e9r\u00e9e comme prescrite et faute de preuve d\u2019insultes plus r\u00e9centes, la procureure a requis la nullit\u00e9 pour ce chef d\u2019accusation. Elle a, en revanche, demand\u00e9 la condamnation de Corneille F. pour \u00ab\u00a0diffamation caract\u00e9ris\u00e9e\u00a0\u00bb et \u00ab\u00a0tentative d\u2019escroquerie au jugement\u00a0\u00bb, rapporte La Provence, ainsi qu\u2019une peine de 10.000 euros d\u2019amende. Le jugement sera rendu le 4\u00a0novembre.<\/p>\n<p><a href=\"https:\/\/www.20minutes.fr\/marseille\/\" rel=\"nofollow noopener\" target=\"_blank\" data-ylk=\"slk:Retrouvez tous nos articles sur l&#039;actualit\u00e9 \u00e0 Marseille;elm:context_link;itc:0;sec:content-canvas\" class=\"link \">Retrouvez tous nos articles sur l&rsquo;actualit\u00e9 \u00e0 Marseille<\/a><\/p>\n<p class=\"mb-4 text-lg md:leading-8 break-words\">L\u2019affaire \u00e9tait remont\u00e9e jusqu\u2019\u00e0 St\u00e9phane Plaza, depuis condamn\u00e9 pour des faits de v(&#8230;)<\/p>\n<p class=\"mb-4 text-lg md:leading-8 break-words\"><a href=\"https:\/\/www.20minutes.fr\/justice\/4170916-20250903-marseille-racisme-diffamation-litige-entre-deux-agents-immobiliers-reseau-plaza-finit-tribunal?at_medium=RSS%20feed&amp;at_campaign=ynews&amp;utm_source=yahoo&amp;utm_medium=rss&amp;utm_campaign=news_feed&amp;utm_content=read_more_link&quot;\" rel=\"nofollow noopener\" target=\"_blank\" data-ylk=\"slk:Lire la suite sur 20minutes;elm:context_link;itc:0;sec:content-canvas\" class=\"link \">Lire la suite sur 20minutes<\/a><\/p>\n<p>\u00c0 lire aussi :<br \/><a href=\"https:\/\/www.20minutes.fr\/politique\/4160844-20250627-paris-deux-agents-orpi-licencies-apres-avoir-insulte-rima-hassan-passait-devant-devanture?at_medium=RSS%20feed&amp;at_campaign=ynews&amp;utm_source=yahoo&amp;utm_medium=rss&amp;utm_campaign=news_feed&amp;utm_content=related_content_link\" rel=\"nofollow noopener\" target=\"_blank\" data-ylk=\"slk:Paris\u00a0: Deux agents d\u2019Orpi licenci\u00e9s apr\u00e8s avoir insult\u00e9 Rima Hassan qui passait devant leur agence;elm:context_link;itc:0;sec:content-canvas\" class=\"link \">Paris\u00a0: Deux agents d\u2019Orpi licenci\u00e9s apr\u00e8s avoir insult\u00e9 Rima Hassan qui passait devant leur agence<\/a><br \/><a href=\"https:\/\/www.20minutes.fr\/justice\/4133478-20250113-stephane-plaza-juge-violences-agences-immobilieres-entament-demarches-quitter-franchise?at_medium=RSS%20feed&amp;at_campaign=ynews&amp;utm_source=yahoo&amp;utm_medium=rss&amp;utm_campaign=news_feed&amp;utm_content=related_content_link\" rel=\"nofollow noopener\" target=\"_blank\" data-ylk=\"slk:St\u00e9phane Plaza jug\u00e9 pour violences\u00a0: Des agences immobili\u00e8res entament des d\u00e9marches pour quitter la franchise;elm:context_link;itc:0;sec:content-canvas\" class=\"link \">St\u00e9phane Plaza jug\u00e9 pour violences\u00a0: Des agences immobili\u00e8res entament des d\u00e9marches pour quitter la franchise<\/a><\/p>\n","protected":false},"excerpt":{"rendered":"Clash &#8211; Deux agents du r\u00e9seau immobilier St\u00e9phane Plaza se sont affront\u00e9s au tribunal. L\u2019un accusant l\u2019autre d\u2019injures&hellip;\n","protected":false},"author":2,"featured_media":362922,"comment_status":"","ping_status":"","sticky":false,"template":"","format":"standard","meta":{"footnotes":""},"categories":[2814],"tags":[1111,11,22016,1777,674,1011,27,38040,884,12,882,25,49780,7221,3693],"class_list":{"0":"post-362921","1":"post","2":"type-post","3":"status-publish","4":"format-standard","5":"has-post-thumbnail","7":"category-marseille","8":"tag-actu","9":"tag-actualites","10":"tag-diffamation","11":"tag-eu","12":"tag-europe","13":"tag-fr","14":"tag-france","15":"tag-la-provence","16":"tag-marseille","17":"tag-news","18":"tag-provence-alpes-cote-dazur","19":"tag-republique-francaise","20":"tag-reseau-immobilier","21":"tag-stephane-plaza","22":"tag-tribunal"},"share_on_mastodon":{"url":"https:\/\/pubeurope.com\/@fr\/115139673150454298","error":""},"_links":{"self":[{"href":"https:\/\/www.europesays.com\/fr\/wp-json\/wp\/v2\/posts\/362921","targetHints":{"allow":["GET"]}}],"collection":[{"href":"https:\/\/www.europesays.com\/fr\/wp-json\/wp\/v2\/posts"}],"about":[{"href":"https:\/\/www.europesays.com\/fr\/wp-json\/wp\/v2\/types\/post"}],"author":[{"embeddable":true,"href":"https:\/\/www.europesays.com\/fr\/wp-json\/wp\/v2\/users\/2"}],"replies":[{"embeddable":true,"href":"https:\/\/www.europesays.com\/fr\/wp-json\/wp\/v2\/comments?post=362921"}],"version-history":[{"count":0,"href":"https:\/\/www.europesays.com\/fr\/wp-json\/wp\/v2\/posts\/362921\/revisions"}],"wp:featuredmedia":[{"embeddable":true,"href":"https:\/\/www.europesays.com\/fr\/wp-json\/wp\/v2\/media\/362922"}],"wp:attachment":[{"href":"https:\/\/www.europesays.com\/fr\/wp-json\/wp\/v2\/media?parent=362921"}],"wp:term":[{"taxonomy":"category","embeddable":true,"href":"https:\/\/www.europesays.com\/fr\/wp-json\/wp\/v2\/categories?post=362921"},{"taxonomy":"post_tag","embeddable":true,"href":"https:\/\/www.europesays.com\/fr\/wp-json\/wp\/v2\/tags?post=362921"}],"curies":[{"name":"wp","href":"https:\/\/api.w.org\/{rel}","templated":true}]}}