{"id":362923,"date":"2025-09-03T09:32:13","date_gmt":"2025-09-03T09:32:13","guid":{"rendered":"https:\/\/www.europesays.com\/fr\/362923\/"},"modified":"2025-09-03T09:32:13","modified_gmt":"2025-09-03T09:32:13","slug":"guide-urbain-lyon-kiblind-on-na-jamais-cesse-de-graviter-autour-de-la-creation-par-laure-sole","status":"publish","type":"post","link":"https:\/\/www.europesays.com\/fr\/362923\/","title":{"rendered":"Guide Urbain Lyon &#8211; Kiblind :\u00a0\u00ab on n&rsquo;a jamais cess\u00e9 de graviter autour de la cr\u00e9ation \u00bb par Laure Sol\u00e9"},"content":{"rendered":"<ul class=\"post-categories\">\n<li style=\"display:none;\"><a itemprop=\"url\" href=\"https:\/\/www.petit-bulletin.fr\/.html\" rel=\"nofollow noopener\" target=\"_blank\">Petit Bulletin<\/a><\/li>\n<li><a itemprop=\"url\" href=\"https:\/\/www.petit-bulletin.fr\/guide-urbain.html\" rel=\"category tag nofollow noopener\" target=\"_blank\">Guide Urbain<\/a><\/li>\n<\/ul>\n<p itemprop=\"description\" style=\"font-weight: 600;\">Illustration \/ Kiblind &#8211; magazine gratuit d\u00e9di\u00e9 \u00e0 l&rsquo;illustration depuis plus de 20 ans, agence sp\u00e9cialis\u00e9e dans la communication visuelle et atelier d&rsquo;impression d&rsquo;affiches &#8211; organisera la 3\u1d49 \u00e9dition de son festival d\u00e9di\u00e9 \u00e0 l&rsquo;illustration les 27 et 28 septembre prochains. Retour sur la gen\u00e8se d&rsquo;une success story lyonnaise avec son cofondateur et directeur associ\u00e9, Jean Tourette.<\/p>\n<p><img decoding=\"async\" src=\"https:\/\/www.europesays.com\/fr\/wp-content\/uploads\/2025\/09\/2025-08-27-12-11-21_PhotoJeanTouretteCMJN.jpg\" alt=\"\"\/><\/p>\n<p style=\"font-size:12px;\">Photo : Jean Tourette \u00a9CMJN<\/p>\n<p><strong>Le Petit Bulletin : Aujourd&rsquo;hui, Kiblind est une r\u00e9f\u00e9rence en graphisme et en illustration en France et \u00e0 l&rsquo;international. Pourtant, \u00e0 la base, aucun de vous n&rsquo;avait suivi d&rsquo;\u00e9tudes en lien avec ces domaines.<\/strong><\/p>\n<p><strong>Jean Tourette : <\/strong>On \u00e9tait une dizaine de copains, avec un noyau dur de trois personnes qui \u00e9taient \u00e0 Sciences Po Lyon. Ce sont les m\u00eames qu&rsquo;aujourd&rsquo;hui, les trois actuels codirecteurs, J\u00e9r\u00e9mie Martinez, Gabriel Viry qui vit \u00e0 Montr\u00e9al, et moi-m\u00eame. Ce qui nous a r\u00e9uni, c&rsquo;\u00e9tait plut\u00f4t le go\u00fbt pour l&rsquo;\u00e9dition, la presse, le journalisme&#8230; On voulait monter un magazine gratuit qui valorisait l&rsquo;\u00e9mergence, la cr\u00e9ation, les artistes m\u00e9connus.<\/p>\n<p>Au d\u00e9but, il y avait certes des illustrations mais aussi des pages participatives, des nouvelles, de la po\u00e9sie et des articles sur des associations culturelles. On pensait beaucoup notre projet \u00e9ditorial. On voulait diffuser 10 000 exemplaires gratuits d\u00e8s le d\u00e9but. On l&rsquo;a fait ! \u00c7a n&rsquo;a pas \u00e9t\u00e9 facile, on a mis deux ans \u00e0 trouver des financements, des pubs \u00e0 mettre dans nos pages, et encore, on a d\u00fb mettre un peu de nos poches. Au lendemain de la soir\u00e9e de lancement du premier num\u00e9ro, en 2004, on s&rsquo;est dit : \u00ab on ne peut pas s&rsquo;arr\u00eater : \u00e7a nous pla\u00eet trop \u00bb.<\/p>\n<p>On avait compris qu&rsquo;obtenir de la publicit\u00e9 d\u00e8s le d\u00e9but, \u00e7a allait \u00eatre compliqu\u00e9. Seule la dur\u00e9e pourrait nous cr\u00e9dibiliser. Alors on est entr\u00e9s en dialogue avec des annonceurs diff\u00e9remment, en proposant un pass culturel. On leur donnait un encart dans le magazine en \u00e9change de places de spectacle, de concert et puis on vendait ce pass culturel tr\u00e8s avantageux \u00e0 nos lectrices et lecteurs. Pour 50 \u20ac ils et elles avaient acc\u00e8s \u00e0 des \u00e9v\u00e9nements culturels dans trente lieux partenaires, parfois plus. On a vendu 200 pass, puis 500 l&rsquo;ann\u00e9e d&rsquo;apr\u00e8s, ce qui nous permettait d&rsquo;avoir un peu de tr\u00e9sorerie en d\u00e9but d&rsquo;ann\u00e9e pour imprimer les magazines sans \u00eatre dans le rouge.<\/p>\n<p><img loading=\"lazy\" decoding=\"async\" class=\"img-responsive\" src=\"https:\/\/www.europesays.com\/fr\/wp-content\/uploads\/2025\/09\/2025-08-27-12-12-35_KIBLIND20ANS.jpg\" alt=\"\" width=\"768\" height=\"660\"\/>Le 1er num\u00e9ro de Kiblind Magazine, et celui des 20 ans.<\/p>\n<p>C&rsquo;\u00e9tait une organisation de fou : on envoyait les pass par voie postale, les personnes r\u00e9servaient les spectacles par t\u00e9l\u00e9phone les mercredis en fin de journ\u00e9e&#8230; On a arr\u00eat\u00e9 le pass au moment du covid, apr\u00e8s 17 ans ; cependant c&rsquo;est vraiment cela qui nous a permis de nous structurer, de nous professionnaliser.<\/p>\n<p>Pendant la premi\u00e8re dizaine d&rsquo;ann\u00e9es, on cherchait tout le temps des id\u00e9es pour p\u00e9renniser le magazine, on n&rsquo;a jamais l\u00e2ch\u00e9 la gratuit\u00e9. On a vendu des petits encarts pas chers dans le magazine, sous forme de cartes de visite d\u00e9tachables par exemple. On a commenc\u00e9, sans trop s&rsquo;en rendre compte, \u00e0 effectuer le travail d&rsquo;une agence. Parfois des annonceurs de publicit\u00e9 dans le magazine nous demandaient un logo, un site, une carte de visite. On ne disait jamais non, en essayant de nous r\u00e9f\u00e9rencer le plus possible, de d\u00e9velopper une identit\u00e9 visuelle unique. Pour \u00eatre honn\u00eate, on avait appris la mise en page et le graphisme sur le tas, en regardant des amis designers graphiques monter les premiers num\u00e9ros de Kiblind Magazine.<\/p>\n<p><strong>C&rsquo;est donc comme \u00e7a, de fil en aiguille, que vous avez d\u00e9cid\u00e9 de monter une agence ?<\/strong><\/p>\n<p>Oui. En 2008, on a liquid\u00e9 l&rsquo;association et mont\u00e9 une SARL dont nous \u00e9tions les trois salari\u00e9s. Cela avec la volont\u00e9 de nous sp\u00e9cialiser dans l&rsquo;illustration et le graphisme, c\u00f4t\u00e9 agence comme c\u00f4t\u00e9 magazine, en s\u00e9parant bien les deux. Nous sommes des \u00e9diteurs, on ne voulait pas que le business de la communication puisse parasiter un mod\u00e8le associatif et culturel. Cela a rapidement permis de soutenir le magazine \u00e9conomiquement.<\/p>\n<p><strong>Pourquoi ce \u00ab\u00a0recentrement\u00a0\u00bb uniquement sur l&rsquo;illustration ?<\/strong><\/p>\n<p>Cela nous semblait \u00e9vident, c&rsquo;est \u00e7a qui nous a permis de graviter autour des artistes, de la question de la traduction visuelle d&rsquo;une id\u00e9e, qui nous passionne depuis toujours. On a \u00e9tabli deux mod\u00e8les de prestation, l&rsquo;un en interne, l&rsquo;autre, en externe, lorsqu&rsquo;on fait appel \u00e0 des illustratrices et illustrateurs qu&rsquo;on conna\u00eet.<\/p>\n<p>Nos premiers clients \u00e9taient des annonceurs du magazine, notamment les structures partenaires du pass. De plus, c&rsquo;est important de dire que d\u00e8s le d\u00e9but, nous n&rsquo;\u00e9tions pas qu&rsquo;\u00e0 Lyon, Gabriel ayant achev\u00e9 ses \u00e9tudes \u00e0 Paris, le d\u00e9veloppement de Kiblind a toujours \u00e9t\u00e9 simultan\u00e9 entre Paris et Lyon.<\/p>\n<p>Certaines rencontres nous ont permis de nous d\u00e9velopper plus rapidement, de fa\u00e7on presque inattendue. Rapha\u00eblle Cavalli, directrice artistique de Cot\u00e9lac est venue frapper \u00e0 notre porte juste parce qu&rsquo;elle appr\u00e9ciait le magazine. On a cr\u00e9\u00e9 des ponts commerciaux, on a \u00e9labor\u00e9 une collection capsule. La marque a m\u00eame fini par nous confier l&rsquo;enti\u00e8ret\u00e9 de son projet de communication. On a tout pens\u00e9, de la strat\u00e9gie \u00e0 l&rsquo;identit\u00e9 visuelle. On a pu doubler les effectifs, acheter nos locaux. En 2012, on est mont\u00e9s en gamme sur le magazine et on est pass\u00e9s en trimestriel. Depuis deux ans on est aussi \u00e0 Montr\u00e9al, c&rsquo;est pour cela qu&rsquo;on a commenc\u00e9 \u00e0 y organiser des r\u00e9sidences d&rsquo;artistes au Qu\u00e9bec, comme celle de Cl\u00e9ment Thoby.<\/p>\n<p><strong>\u00c0 Lyon, vous vendez des affiches dans votre atelier, dans plusieurs magasins partenaires.\u00a0<\/strong><\/p>\n<p>En 2017, on a r\u00e9cup\u00e9r\u00e9 le local d&rsquo;un architecte juste \u00e0 c\u00f4t\u00e9 de nos bureaux. On ne savait pas trop quoi en faire, mais l&rsquo;organe a cr\u00e9\u00e9 la fonction. On savait que certaines personnes d\u00e9chiraient les pages du magazine pour coller certaines illustrations sur leurs murs. On s&rsquo;est donc naturellement lanc\u00e9 dans la commercialisation d&rsquo;affiches, des illustrations du magazine, mais avec une technique sp\u00e9ciale pour qu&rsquo;il y ait une valeur ajout\u00e9e. On a choisi une technique de reproduction par pochoir datant des ann\u00e9es 80, la rizographie, pour qu&rsquo;\u00e9merge quelque chose d&rsquo;accidentel, que chaque affiche soit unique.<\/p>\n<p><strong>Au sortir du covid, vous avez commenc\u00e9 \u00e0 \u00e9laborer un festival. Quel cheminement vous a amen\u00e9 \u00e0 cela ?<\/strong><\/p>\n<p>Pour la premi\u00e8re fois depuis des ann\u00e9es, on a lev\u00e9 le nez du guidon. On s&rsquo;est demand\u00e9 ce qu&rsquo;on pourrait agiter de plus autour de nos orientations majeures, nos valeurs cardinales : les artistes, montrer leur travail, peut-\u00eatre m\u00eame montrer la main qui tient le crayon, le pinceau&#8230; En \u00e9v\u00e9nementialisant autour de la sortie de nos num\u00e9ros on avait compris l&rsquo;alchimie qui pouvait op\u00e9rer entre les artistes et le public si la rencontre est un minimum conceptualis\u00e9e. Par exemple, pour le num\u00e9ro 50, on avait d\u00e9cid\u00e9 de faire un magazine avec une couverture vierge et d&rsquo;inviter 50 artistes \u00e0 venir dessiner en live sur les couvertures \u00e0 la Ga\u00eet\u00e9 lyrique. C&rsquo;\u00e9tait la premi\u00e8re fois qu&rsquo;on montrait de la cr\u00e9ation en mouvement et c&rsquo;\u00e9tait magique.<\/p>\n<p>C&rsquo;est en pensant toutes ces formes d&rsquo;interactions avec le public mais aussi les d\u00e9clinaisons de ce que peut \u00eatre l&rsquo;illustration qu&rsquo;on a envisag\u00e9 le festival : on a donc vite compris qu&rsquo;il nous fallait un grand espace, d\u00e9coup\u00e9 en plusieurs \u00ab\u00a0sous-espaces\u00a0\u00bb pour montrer toutes les mani\u00e8res d&rsquo;illustrer, avec des conf\u00e9rences, des masterclasses, un march\u00e9, des courts m\u00e9trages, du tatouage, de l&rsquo;illustration en live, de la r\u00e9alit\u00e9 virtuelle&#8230; On a beaucoup pioch\u00e9 dans les \u00e9v\u00e9nements qu&rsquo;on avait d\u00e9j\u00e0 organis\u00e9s. Par exemple, on avait fait des premi\u00e8res \u00ab\u00a0bastons\u00a0\u00bb d&rsquo;artistes en 2016 pour le num\u00e9ro baston.<\/p>\n<p>La programmation de cette \u00e9dition va \u00eatre plus dense que les ann\u00e9es pr\u00e9c\u00e9dentes, on invite 30 artistes de Lyon, de la r\u00e9gion, mais aussi d&rsquo;Europe et du monde avec plus de 10 pays \u00e9trangers repr\u00e9sent\u00e9s, de la Finlande \u00e0 Ta\u00efwan. Plusieurs expositions seront \u00e0 d\u00e9couvrir, une premi\u00e8re qui interroge les liens entre l&rsquo;illustration et le cin\u00e9ma, des affiches au storyboard, il y en aura une autre autour des mascottes, qu&rsquo;on d\u00e9teste ou qu&rsquo;on adore, chacun des 30 artistes invit\u00e9s sera expos\u00e9 dans les ateliers des Beaux-Arts&#8230;<\/p>\n<p><strong>Les deux pr\u00e9c\u00e9dentes ann\u00e9es \u00e9taient gratuites, sur quel mod\u00e8le partez-vous pour cette \u00e9dition ?<\/strong><\/p>\n<p>C&rsquo;est devenu tr\u00e8s compliqu\u00e9 de poursuivre en maintenant la gratuit\u00e9. Dans un contexte de crise, les partenaires se rar\u00e9fient. C&rsquo;est dur philosophiquement d&rsquo;abandonner la gratuit\u00e9, surtout que pour nous, le festival s&rsquo;inscrit dans la continuit\u00e9 du magazine, qui lui, est diffus\u00e9 \u00e0 30 000 exemplaires gratuits, c&rsquo;est son ADN. Cependant les co\u00fbts sont \u00e9normes, et l&rsquo;agence ne peut pas tous les absorber. On va demander une participation libre \u00e0 partir de 5 \u20ac. Il \u00e9tait tr\u00e8s difficile pour nous d&rsquo;envisager de poursuivre gratuitement mais en nivelant par le bas, de perdre en ambition et en qualit\u00e9.<\/p>\n<p><strong>If Festival<\/strong><br \/>Du 27 au 28 septembre 2025 aux Subsistances (Lyon 1er) ; \u00e0 partir de 5\u20ac<\/p>\n","protected":false},"excerpt":{"rendered":"Petit Bulletin Guide Urbain Illustration \/ Kiblind &#8211; magazine gratuit d\u00e9di\u00e9 \u00e0 l&rsquo;illustration depuis plus de 20 ans,&hellip;\n","protected":false},"author":2,"featured_media":362924,"comment_status":"","ping_status":"","sticky":false,"template":"","format":"standard","meta":{"footnotes":""},"categories":[1889],"tags":[1111,11,2430,1777,674,1011,27,13111,49783,49781,49782,2428,12,25],"class_list":{"0":"post-362923","1":"post","2":"type-post","3":"status-publish","4":"format-standard","5":"has-post-thumbnail","7":"category-lyon","8":"tag-actu","9":"tag-actualites","10":"tag-auvergne-rhone-alpes","11":"tag-eu","12":"tag-europe","13":"tag-fr","14":"tag-france","15":"tag-guide-urbain","16":"tag-if-festival","17":"tag-jean-tourette","18":"tag-kiblind","19":"tag-lyon","20":"tag-news","21":"tag-republique-francaise"},"share_on_mastodon":{"url":"https:\/\/pubeurope.com\/@fr\/115139677449217284","error":""},"_links":{"self":[{"href":"https:\/\/www.europesays.com\/fr\/wp-json\/wp\/v2\/posts\/362923","targetHints":{"allow":["GET"]}}],"collection":[{"href":"https:\/\/www.europesays.com\/fr\/wp-json\/wp\/v2\/posts"}],"about":[{"href":"https:\/\/www.europesays.com\/fr\/wp-json\/wp\/v2\/types\/post"}],"author":[{"embeddable":true,"href":"https:\/\/www.europesays.com\/fr\/wp-json\/wp\/v2\/users\/2"}],"replies":[{"embeddable":true,"href":"https:\/\/www.europesays.com\/fr\/wp-json\/wp\/v2\/comments?post=362923"}],"version-history":[{"count":0,"href":"https:\/\/www.europesays.com\/fr\/wp-json\/wp\/v2\/posts\/362923\/revisions"}],"wp:featuredmedia":[{"embeddable":true,"href":"https:\/\/www.europesays.com\/fr\/wp-json\/wp\/v2\/media\/362924"}],"wp:attachment":[{"href":"https:\/\/www.europesays.com\/fr\/wp-json\/wp\/v2\/media?parent=362923"}],"wp:term":[{"taxonomy":"category","embeddable":true,"href":"https:\/\/www.europesays.com\/fr\/wp-json\/wp\/v2\/categories?post=362923"},{"taxonomy":"post_tag","embeddable":true,"href":"https:\/\/www.europesays.com\/fr\/wp-json\/wp\/v2\/tags?post=362923"}],"curies":[{"name":"wp","href":"https:\/\/api.w.org\/{rel}","templated":true}]}}