{"id":362925,"date":"2025-09-03T09:33:12","date_gmt":"2025-09-03T09:33:12","guid":{"rendered":"https:\/\/www.europesays.com\/fr\/362925\/"},"modified":"2025-09-03T09:33:12","modified_gmt":"2025-09-03T09:33:12","slug":"cette-ligne-va-bientot-rouvrir-a-laeroport-de-lyon-saint-exupery","status":"publish","type":"post","link":"https:\/\/www.europesays.com\/fr\/362925\/","title":{"rendered":"Cette ligne va bient\u00f4t rouvrir \u00e0 l&rsquo;a\u00e9roport de Lyon Saint-Exup\u00e9ry"},"content":{"rendered":"<p>                            <img loading=\"lazy\" width=\"1180\" height=\"738\" class=\"attachment-article size-article wp-post-image lazyload\" alt=\"\" decoding=\"async\" src=\"https:\/\/www.europesays.com\/fr\/wp-content\/uploads\/2025\/07\/Photo-VOE-e1752752834967.jpg\" data-eio-rwidth=\"1180\" data-eio-rheight=\"738\"\/><\/p>\n<p>Volotea rouvre une ligne vers Lyon depuis Poitiers. (@Marc Glen)<\/p>\n<p class=\"content\" style=\"font-size:1.2em;font-weight:700\">Les a\u00e9roports de Poitiers et de Lyon seront reconnect\u00e9s en octobre prochain par une liaison a\u00e9rienne, interrompue en 2023.  <\/p>\n<p>Interrompue depuis octobre 2023, la ligne a\u00e9rienne Poitiers-Lyon sera de nouveau ouverte, d\u00e8s le 17 octobre prochain. L&rsquo;annonce a \u00e9t\u00e9 faite ce mardi 2 septembre par le syndicat mixte de l&rsquo;a\u00e9roport de Poitiers et le d\u00e9partement de la Vienne. \u00c0 l&rsquo;issue de l&rsquo;appel d&rsquo;offres ouvert au printemps dernier, la compagnie Volotea a \u00e9t\u00e9 d\u00e9sign\u00e9e pour assurer la liaison, expliquent nos confr\u00e8res d&rsquo;<a href=\"https:\/\/www.francebleu.fr\/infos\/economie-social\/a-partir-de-98-l-aller-retour-la-liaison-aerienne-poitiers-lyon-va-rouvrir-1214951\" target=\"_blank\" rel=\"noreferrer noopener nofollow\">Ici<\/a>. La convention a \u00e9t\u00e9 sign\u00e9e pour quatre ann\u00e9es.<\/p>\n<blockquote class=\"twitter-tweet\">\n<p lang=\"fr\" dir=\"ltr\"><a href=\"https:\/\/twitter.com\/hashtag\/Transport?src=hash&amp;ref_src=twsrc%5Etfw\" rel=\"nofollow noopener\" target=\"_blank\">#Transport<\/a> \u2708\ufe0f | Poitiers &#8211; <a href=\"https:\/\/twitter.com\/hashtag\/Lyon?src=hash&amp;ref_src=twsrc%5Etfw\" rel=\"nofollow noopener\" target=\"_blank\">#Lyon<\/a> : la liaison a\u00e9rienne reprend \ud83d\ude4c<\/p>\n<p>\ud83e\udd1d Le Comit\u00e9 Syndical de l\u2019A\u00e9roport de <a href=\"https:\/\/twitter.com\/hashtag\/Poitiers?src=hash&amp;ref_src=twsrc%5Etfw\" rel=\"nofollow noopener\" target=\"_blank\">#Poitiers<\/a> &#8211; Biard, pr\u00e9sid\u00e9 par Alain Pichon, a retenu la compagnie a\u00e9rienne VOLOTEA pour assurer la ligne Poitiers &#8211; Lyon \u00e0 partir du 17 octobre 2025 pour 2 allers-retours\u2026 <a href=\"https:\/\/t.co\/A8TH2f7JLR\" rel=\"nofollow\">pic.twitter.com\/A8TH2f7JLR<\/a><\/p>\n<p>\u2014 D\u00e9partement de la Vienne (@departement86) <a href=\"https:\/\/twitter.com\/departement86\/status\/1962828003542454413?ref_src=twsrc%5Etfw\" rel=\"nofollow noopener\" target=\"_blank\">September 2, 2025<\/a><\/p><\/blockquote>\n<p>Il y aura deux vols aller-retour par semaine entre l&rsquo;a\u00e9roport de Poitiers-Biard et celui de Lyon Saint-Exup\u00e9ry. Les horaires ont d\u00e9j\u00e0 \u00e9t\u00e9 communiqu\u00e9s : le lundi, un d\u00e9part de Lyon \u00e0 7\u00a0heures pour arriver \u00e0 Poitiers \u00e0 8\u00a0heures et un d\u00e9part de Poitiers \u00e0 8h30 pour une arriv\u00e9e \u00e0 Lyon \u00e0 9h25 ; et le vendredi avec un d\u00e9part de Lyon \u00e0 16h30 pour une arriv\u00e9e \u00e0 Poitiers \u00e0 17h30 et un d\u00e9part de Poitiers \u00e0 18\u00a0heures pour une arriv\u00e9e \u00e0 Lyon \u00e0 18h55. <\/p>\n<p>Il faudra compter \u00e0 partir de 98 euros pour un vol aller-retour entre Lyon et Poitiers. 25 000 passagers empruntaient cette liaison a\u00e9rienne chaque ann\u00e9e avant son interruption. D&rsquo;apr\u00e8s nos confr\u00e8res, l&rsquo;objectif de 140 000 voyageurs en quatre ans a \u00e9t\u00e9 fix\u00e9.<\/p>\n<p><strong>Lire aussi :<\/strong> <a href=\"https:\/\/www.lyoncapitale.fr\/mobilites\/tcl-une-nouvelle-ligne-de-bus-desservira-l-aeroport-de-lyon-pour-210-e\" target=\"_blank\" rel=\"noreferrer noopener nofollow\">TCL : une nouvelle ligne de bus desservira l&rsquo;a\u00e9roport de Lyon pour 2,10 \u20ac<\/a><\/p>\n<p>    <script async src=\"https:\/\/platform.twitter.com\/widgets.js\" charset=\"utf-8\"><\/script><\/p>\n","protected":false},"excerpt":{"rendered":"Volotea rouvre une ligne vers Lyon depuis Poitiers. (@Marc Glen) Les a\u00e9roports de Poitiers et de Lyon seront&hellip;\n","protected":false},"author":2,"featured_media":254103,"comment_status":"","ping_status":"","sticky":false,"template":"","format":"standard","meta":{"footnotes":""},"categories":[1889],"tags":[1111,11,2430,1777,674,1011,27,2428,12,25],"class_list":{"0":"post-362925","1":"post","2":"type-post","3":"status-publish","4":"format-standard","5":"has-post-thumbnail","7":"category-lyon","8":"tag-actu","9":"tag-actualites","10":"tag-auvergne-rhone-alpes","11":"tag-eu","12":"tag-europe","13":"tag-fr","14":"tag-france","15":"tag-lyon","16":"tag-news","17":"tag-republique-francaise"},"share_on_mastodon":{"url":"https:\/\/pubeurope.com\/@fr\/115139680915240791","error":""},"_links":{"self":[{"href":"https:\/\/www.europesays.com\/fr\/wp-json\/wp\/v2\/posts\/362925","targetHints":{"allow":["GET"]}}],"collection":[{"href":"https:\/\/www.europesays.com\/fr\/wp-json\/wp\/v2\/posts"}],"about":[{"href":"https:\/\/www.europesays.com\/fr\/wp-json\/wp\/v2\/types\/post"}],"author":[{"embeddable":true,"href":"https:\/\/www.europesays.com\/fr\/wp-json\/wp\/v2\/users\/2"}],"replies":[{"embeddable":true,"href":"https:\/\/www.europesays.com\/fr\/wp-json\/wp\/v2\/comments?post=362925"}],"version-history":[{"count":0,"href":"https:\/\/www.europesays.com\/fr\/wp-json\/wp\/v2\/posts\/362925\/revisions"}],"wp:featuredmedia":[{"embeddable":true,"href":"https:\/\/www.europesays.com\/fr\/wp-json\/wp\/v2\/media\/254103"}],"wp:attachment":[{"href":"https:\/\/www.europesays.com\/fr\/wp-json\/wp\/v2\/media?parent=362925"}],"wp:term":[{"taxonomy":"category","embeddable":true,"href":"https:\/\/www.europesays.com\/fr\/wp-json\/wp\/v2\/categories?post=362925"},{"taxonomy":"post_tag","embeddable":true,"href":"https:\/\/www.europesays.com\/fr\/wp-json\/wp\/v2\/tags?post=362925"}],"curies":[{"name":"wp","href":"https:\/\/api.w.org\/{rel}","templated":true}]}}