{"id":362937,"date":"2025-09-03T09:41:13","date_gmt":"2025-09-03T09:41:13","guid":{"rendered":"https:\/\/www.europesays.com\/fr\/362937\/"},"modified":"2025-09-03T09:41:13","modified_gmt":"2025-09-03T09:41:13","slug":"lotan-espere-que-la-reunion-jeudi-a-paris-va-clarifier-lengagement-envers-kiev","status":"publish","type":"post","link":"https:\/\/www.europesays.com\/fr\/362937\/","title":{"rendered":"l\u2019Otan esp\u00e8re que la r\u00e9union jeudi \u00e0 Paris va \u00ab\u00a0clarifier\u00a0\u00bb l\u2019engagement envers Kiev"},"content":{"rendered":"<p>\u00ab\u00a0Je m\u2019attends \u00e0 avoir demain, ou peu de temps apr\u00e8s, une id\u00e9e claire de ce que nous pouvons accomplir collectivement\u00a0\u00bb pour <a href=\"https:\/\/www.sudouest.fr\/international\/europe\/ukraine\/guerre-en-ukraine-zelensky-rencontrera-a-paris-von-der-leyen-rutte-macron-merz-et-starmer-25760468.php\" rel=\"nofollow noopener\" target=\"_blank\">garantir la s\u00e9curit\u00e9 de l\u2019Ukraine<\/a>, a-t-il d\u00e9clar\u00e9 devant la presse \u00e0 Bruxelles. \u00ab\u00a0Cela signifie que nous pouvons nous engager encore plus profond\u00e9ment, avec les Am\u00e9ricains, pour voir ce qu\u2019ils souhaitent apporter concernant leur participation\u00a0\u00bb, a-t-il ajout\u00e9.<\/p>\n<p>L\u2019incertitude am\u00e9ricaine<\/p>\n<p>Les Europ\u00e9ens vont acter jeudi, lors d\u2019une r\u00e9union \u00e0 Paris et en visioconf\u00e9rence, qu\u2019ils sont \u00ab\u00a0pr\u00eats\u00a0\u00bb en vue de l\u2019octroi de garanties de s\u00e9curit\u00e9 \u00e0 l\u2019Ukraine et attendent d\u00e9sormais un \u00ab\u00a0soutien\u00a0\u00bb concret des Am\u00e9ricains, a annonc\u00e9 la pr\u00e9sidence fran\u00e7aise. La Coalition des volontaires r\u00e9unit une trentaine de pays, principalement europ\u00e9ens, pr\u00eats \u00e0 apporter un soutien \u00e0 l\u2019arm\u00e9e ukrainienne, voire \u00e0 d\u00e9ployer des soldats en Ukraine une fois un cessez-le-feu conclu, pour dissuader la Russie de toute nouvelle agression.<\/p>\n<p>Mais certains d\u2019entre eux se sont montr\u00e9s h\u00e9sitants dans l\u2019attente de la contribution des \u00c9tats-Unis, que plusieurs pays europ\u00e9ens jugent indispensable avant tout engagement de leur part. Le pr\u00e9sident am\u00e9ricain Donald Trump a promis le 18\u00a0ao\u00fbt que les \u00c9tats-Unis seraient aux c\u00f4t\u00e9s des Europ\u00e9ens, dans le cadre de ces garanties de s\u00e9curit\u00e9 pour l\u2019Ukraine cens\u00e9es \u00eatre mises en \u0153uvre apr\u00e8s un cessez-le-feu ou un accord de paix, qui restent encore \u00e0 trouver. Ce \u00ab\u00a0filet de s\u00e9curit\u00e9\u00a0\u00bb am\u00e9ricain, ou \u00ab\u00a0backstop\u00a0\u00bb en anglais, pourrait prendre diff\u00e9rentes formes\u00a0: renseignement, soutien logistique, communications.<\/p>\n","protected":false},"excerpt":{"rendered":"\u00ab\u00a0Je m\u2019attends \u00e0 avoir demain, ou peu de temps apr\u00e8s, une id\u00e9e claire de ce que nous pouvons&hellip;\n","protected":false},"author":2,"featured_media":362938,"comment_status":"","ping_status":"","sticky":false,"template":"","format":"standard","meta":{"footnotes":""},"categories":[1590],"tags":[11,1777,674,12,220],"class_list":{"0":"post-362937","1":"post","2":"type-post","3":"status-publish","4":"format-standard","5":"has-post-thumbnail","7":"category-ukraine","8":"tag-actualites","9":"tag-eu","10":"tag-europe","11":"tag-news","12":"tag-ukraine"},"share_on_mastodon":{"url":"https:\/\/pubeurope.com\/@fr\/115139712413253968","error":""},"_links":{"self":[{"href":"https:\/\/www.europesays.com\/fr\/wp-json\/wp\/v2\/posts\/362937","targetHints":{"allow":["GET"]}}],"collection":[{"href":"https:\/\/www.europesays.com\/fr\/wp-json\/wp\/v2\/posts"}],"about":[{"href":"https:\/\/www.europesays.com\/fr\/wp-json\/wp\/v2\/types\/post"}],"author":[{"embeddable":true,"href":"https:\/\/www.europesays.com\/fr\/wp-json\/wp\/v2\/users\/2"}],"replies":[{"embeddable":true,"href":"https:\/\/www.europesays.com\/fr\/wp-json\/wp\/v2\/comments?post=362937"}],"version-history":[{"count":0,"href":"https:\/\/www.europesays.com\/fr\/wp-json\/wp\/v2\/posts\/362937\/revisions"}],"wp:featuredmedia":[{"embeddable":true,"href":"https:\/\/www.europesays.com\/fr\/wp-json\/wp\/v2\/media\/362938"}],"wp:attachment":[{"href":"https:\/\/www.europesays.com\/fr\/wp-json\/wp\/v2\/media?parent=362937"}],"wp:term":[{"taxonomy":"category","embeddable":true,"href":"https:\/\/www.europesays.com\/fr\/wp-json\/wp\/v2\/categories?post=362937"},{"taxonomy":"post_tag","embeddable":true,"href":"https:\/\/www.europesays.com\/fr\/wp-json\/wp\/v2\/tags?post=362937"}],"curies":[{"name":"wp","href":"https:\/\/api.w.org\/{rel}","templated":true}]}}