{"id":362939,"date":"2025-09-03T09:42:09","date_gmt":"2025-09-03T09:42:09","guid":{"rendered":"https:\/\/www.europesays.com\/fr\/362939\/"},"modified":"2025-09-03T09:42:09","modified_gmt":"2025-09-03T09:42:09","slug":"transfert-de-donnees-europe-etats-unis-la-justice-valide-laccord-malgre-le-recours-dun-depute-francais","status":"publish","type":"post","link":"https:\/\/www.europesays.com\/fr\/362939\/","title":{"rendered":"Transfert de donn\u00e9es Europe &#8211; \u00c9tats-Unis\u00a0: la justice valide l\u2019accord malgr\u00e9 le recours d\u2019un d\u00e9put\u00e9 fran\u00e7ais"},"content":{"rendered":"<p>L\u2019accord de transfert de donn\u00e9es entre l\u2019UE et les \u00c9tats-Unis, appel\u00e9 \u00ab\u00a0Data Privacy Framework\u00a0\u00bb, avait \u00e9t\u00e9 adopt\u00e9 en 2022-2023. Il visait \u00e0 remplacer les pr\u00e9c\u00e9dents dispositifs, dont le \u00ab\u00a0privacy shield\u00a0\u00bb en vigueur de 2016 \u00e0 2020, qui avaient \u00e9t\u00e9 eux-m\u00eames invalid\u00e9s par la justice europ\u00e9enne apr\u00e8s des recours introduits par le militant autrichien pour la protection des donn\u00e9es Max Schrems.<\/p>\n<p>Pourquoi un tel acharnement juridique\u00a0?<\/p>\n<p>Philippe Latombe, d\u00e9put\u00e9 centriste (Modem) sp\u00e9cialiste des questions technologiques, avait demand\u00e9 \u00e0 titre personnel l\u2019annulation de cet accord devant la justice de l\u2019UE, en arguant qu\u2019il ne respectait pas pleinement la r\u00e9glementation du bloc europ\u00e9en sur les donn\u00e9es, et qu\u2019il avantageait in fine les Gafam (Google, Apple, Facebook, Amazon, Microsoft).<\/p>\n<p>Il s\u2019\u00e9tait appuy\u00e9 sur un article du trait\u00e9 de l\u2019Union qui permet \u00ab\u00a0\u00e0 toute personne physique ou morale\u00a0\u00bb de s\u2019opposer dans un d\u00e9lai de deux mois aux \u00ab\u00a0actes r\u00e9glementaires qui la concernent directement\u00a0\u00bb. L\u2019\u00e9lu fran\u00e7ais avait fait valoir que l\u2019accord l\u2019emp\u00eachait de s\u2019opposer en France \u00e0 la <a href=\"https:\/\/www.sudouest.fr\/donnees-personnelles-meta-ecope-d-une-amende-record-en-europe-d-1-2-milliard-d-euros-15265731.php\" rel=\"nofollow noopener\" target=\"_blank\">collecte de ses donn\u00e9es personnelles<\/a> par des services appartenant \u00e0 des groupes am\u00e9ricains, comme Google ou Microsoft. Lors du d\u00e9p\u00f4t de son recours, il avait m\u00eame d\u00e9nonc\u00e9 une forme d\u2019inf\u00e9odation des Europ\u00e9ens aux Am\u00e9ricains.<\/p>\n<p>Stabilit\u00e9 ou \u00ab\u00a0inf\u00e9odation\u00a0\u00bb\u00a0: quel camp a gagn\u00e9\u00a0?<\/p>\n<p>De nombreuses entreprises redoutaient \u00e0 l\u2019inverse, en cas de victoire de Philippe Latombe, une nouvelle phase d\u2019incertitude juridique, qui aurait \u00e9t\u00e9 hautement pr\u00e9judiciable pour l\u2019\u00e9cosyst\u00e8me num\u00e9rique de part et d\u2019autre de l\u2019Atlantique.<\/p>\n","protected":false},"excerpt":{"rendered":"L\u2019accord de transfert de donn\u00e9es entre l\u2019UE et les \u00c9tats-Unis, appel\u00e9 \u00ab\u00a0Data Privacy Framework\u00a0\u00bb, avait \u00e9t\u00e9 adopt\u00e9 en&hellip;\n","protected":false},"author":2,"featured_media":362940,"comment_status":"","ping_status":"","sticky":false,"template":"","format":"standard","meta":{"footnotes":""},"categories":[1589],"tags":[11,73,1866,12,1864,1865,1863,308],"class_list":{"0":"post-362939","1":"post","2":"type-post","3":"status-publish","4":"format-standard","5":"has-post-thumbnail","7":"category-etats-unis","8":"tag-actualites","9":"tag-etats-unis","10":"tag-etats-unis-damerique","11":"tag-news","12":"tag-united-states","13":"tag-united-states-of-america","14":"tag-us","15":"tag-usa"},"share_on_mastodon":{"url":"https:\/\/pubeurope.com\/@fr\/115139716489454033","error":""},"_links":{"self":[{"href":"https:\/\/www.europesays.com\/fr\/wp-json\/wp\/v2\/posts\/362939","targetHints":{"allow":["GET"]}}],"collection":[{"href":"https:\/\/www.europesays.com\/fr\/wp-json\/wp\/v2\/posts"}],"about":[{"href":"https:\/\/www.europesays.com\/fr\/wp-json\/wp\/v2\/types\/post"}],"author":[{"embeddable":true,"href":"https:\/\/www.europesays.com\/fr\/wp-json\/wp\/v2\/users\/2"}],"replies":[{"embeddable":true,"href":"https:\/\/www.europesays.com\/fr\/wp-json\/wp\/v2\/comments?post=362939"}],"version-history":[{"count":0,"href":"https:\/\/www.europesays.com\/fr\/wp-json\/wp\/v2\/posts\/362939\/revisions"}],"wp:featuredmedia":[{"embeddable":true,"href":"https:\/\/www.europesays.com\/fr\/wp-json\/wp\/v2\/media\/362940"}],"wp:attachment":[{"href":"https:\/\/www.europesays.com\/fr\/wp-json\/wp\/v2\/media?parent=362939"}],"wp:term":[{"taxonomy":"category","embeddable":true,"href":"https:\/\/www.europesays.com\/fr\/wp-json\/wp\/v2\/categories?post=362939"},{"taxonomy":"post_tag","embeddable":true,"href":"https:\/\/www.europesays.com\/fr\/wp-json\/wp\/v2\/tags?post=362939"}],"curies":[{"name":"wp","href":"https:\/\/api.w.org\/{rel}","templated":true}]}}