{"id":362944,"date":"2025-09-03T09:45:11","date_gmt":"2025-09-03T09:45:11","guid":{"rendered":"https:\/\/www.europesays.com\/fr\/362944\/"},"modified":"2025-09-03T09:45:11","modified_gmt":"2025-09-03T09:45:11","slug":"eurobarometre-2025-les-citoyens-exigent-une-union-europeenne-plus-forte-et-plus-protectrice","status":"publish","type":"post","link":"https:\/\/www.europesays.com\/fr\/362944\/","title":{"rendered":"Eurobarom\u00e8tre 2025\u00a0: les citoyens exigent une Union europ\u00e9enne plus forte et plus protectrice"},"content":{"rendered":"<p>\n                                                                    l&rsquo;essentiel<br \/>\n                                                                Selon le dernier Eurobarom\u00e8tre du Parlement europ\u00e9en, publi\u00e9 ce mercredi 3\u00a0septembre, une large majorit\u00e9 de citoyens souhaite une Union plus protectrice et plus unie, dot\u00e9e de moyens financiers renforc\u00e9s. S\u00e9curit\u00e9, pouvoir d\u2019achat, transparence et respect de l\u2019\u00c9tat de droit s\u2019imposent comme des priorit\u00e9s incontournables pour le futur cadre budg\u00e9taire post-2027.\n                            <\/p>\n<p>L\u2019Union europ\u00e9enne entre dans une phase charni\u00e8re. \u00c0 l\u2019heure o\u00f9 les n\u00e9gociations sur le prochain cadre financier pluriannuel, qui prendra le relais apr\u00e8s 2027, commencent \u00e0 \u00e9merger dans le d\u00e9bat politique, l\u2019Eurobarom\u00e8tre du Parlement europ\u00e9en apporte un \u00e9clairage pr\u00e9cis sur les attentes des citoyens. Les r\u00e9sultats de cette vaste enqu\u00eate, publi\u00e9s ce mercredi 3\u00a0septembre dans un contexte de tensions g\u00e9opolitiques et de fragilit\u00e9 \u00e9conomique, t\u00e9moignent d\u2019une exigence croissante envers Bruxelles\u00a0: protection accrue, coop\u00e9ration renforc\u00e9e, moyens financiers adapt\u00e9s et contr\u00f4le rigoureux des d\u00e9penses publiques.<\/p>\n<p>L\u2019Union doit jouer un r\u00f4le plus important dans la protection des citoyens<\/p>\n<p>Selon l\u2019enqu\u00eate, 68\u00a0% des personnes interrog\u00e9es consid\u00e8rent que l\u2019Union doit jouer un r\u00f4le plus important dans la protection des citoyens face aux crises mondiales et aux menaces s\u00e9curitaires. Cette demande traduit une inqui\u00e9tude g\u00e9n\u00e9ralis\u00e9e, renforc\u00e9e par la succession de crises r\u00e9centes \u2014 pand\u00e9mie de Covid-19, guerre en Ukraine, tensions \u00e9nerg\u00e9tiques et inflation persistante. Dans un monde instable, une majorit\u00e9 claire attend de l\u2019UE qu\u2019elle devienne un rempart.<\/p>\n<p>Neuf Europ\u00e9ens sur dix (90\u00a0%) estiment ensuite que les \u00c9tats membres doivent s\u2019unir davantage pour affronter les d\u00e9fis actuels. Plus des trois quarts (77\u00a0%) jugent que l\u2019Union doit disposer de moyens suppl\u00e9mentaires afin d\u2019affirmer son r\u00f4le sur la sc\u00e8ne internationale. Ces r\u00e9sultats traduisent la conviction que l\u2019Europe seule ne peut peser dans le rapport de forces mondial sans une capacit\u00e9 budg\u00e9taire et politique renforc\u00e9e.<\/p>\n<p>La d\u00e9fense devant la comp\u00e9titivit\u00e9<\/p>\n<p>Les priorit\u00e9s identifi\u00e9es par les citoyens sont r\u00e9v\u00e9latrices de ce contexte. Pour consolider la position de l\u2019UE, 37\u00a0% des r\u00e9pondants placent la d\u00e9fense et la s\u00e9curit\u00e9 en t\u00eate, tandis que 32\u00a0% citent la comp\u00e9titivit\u00e9, l\u2019\u00e9conomie et l\u2019industrie. Le lien entre puissance \u00e9conomique et s\u00e9curit\u00e9 collective appara\u00eet ici comme une \u00e9vidence.<\/p>\n<p>Mais au-del\u00e0 de la dimension strat\u00e9gique, les pr\u00e9occupations sociales demeurent fortes\u00a0: l\u2019inflation, la hausse des prix et le co\u00fbt de la vie constituent le premier sujet de pr\u00e9occupation (41\u00a0%), suivis par la s\u00e9curit\u00e9 (34\u00a0%) et la lutte contre la pauvret\u00e9 et l\u2019exclusion sociale (31\u00a0%). Ces chiffres confirment la continuit\u00e9 d\u2019un malaise d\u00e9j\u00e0 exprim\u00e9 lors des derni\u00e8res \u00e9lections europ\u00e9ennes, o\u00f9 la question du pouvoir d\u2019achat avait domin\u00e9 le d\u00e9bat public.<\/p>\n<p>Davantage de projets devraient \u00eatre financ\u00e9s collectivement<\/p>\n<p>Cette enqu\u00eate ne se limite pas aux priorit\u00e9s politiques\u00a0; elle aborde aussi la mani\u00e8re dont l\u2019Union doit financer ses actions. Pr\u00e8s de huit Europ\u00e9ens sur dix (78\u00a0%) estiment que davantage de projets devraient \u00eatre financ\u00e9s collectivement par l\u2019UE, plut\u00f4t que par les \u00c9tats membres de mani\u00e8re isol\u00e9e. Le financement des vaccins contre le Covid-19 est, d\u2019\u00e9vidence dans les esprits.<\/p>\n<p>L\u2019id\u00e9e d\u2019un budget commun plus ambitieux, permettant des investissements \u00e0 l\u2019\u00e9chelle europ\u00e9enne, semble d\u00e9sormais partag\u00e9e par une majorit\u00e9 claire. En parall\u00e8le, la demande de transparence se r\u00e9v\u00e8le \u00e9crasante avec 91\u00a0% des citoyens qui consid\u00e8rent que le Parlement europ\u00e9en doit disposer de toutes les informations et moyens n\u00e9cessaires pour contr\u00f4ler efficacement les d\u00e9penses.<\/p>\n<p>Respect de l\u2019\u00c9tat de droit<\/p>\n<p>Un autre point recueille un large consensus\u00a0: 85\u00a0% des Europ\u00e9ens estiment que l\u2019acc\u00e8s aux fonds de l\u2019UE doit \u00eatre conditionn\u00e9 au respect de l\u2019\u00c9tat de droit et des principes d\u00e9mocratiques. Cette position, largement majoritaire dans tous les \u00c9tats membres, renforce une orientation politique d\u00e9j\u00e0 engag\u00e9e par l\u2019Union ces derni\u00e8res ann\u00e9es.<\/p>\n<p>L\u2019adh\u00e9sion au projet europ\u00e9en reste n\u00e9anmoins solide. Pr\u00e8s de trois quarts des citoyens (73\u00a0%) estiment que leur pays a b\u00e9n\u00e9fici\u00e9 de son appartenance \u00e0 l\u2019UE. Les principales raisons invoqu\u00e9es sont la contribution de l\u2019Union au maintien de la paix et \u00e0 la s\u00e9curit\u00e9 (37\u00a0%), l\u2019am\u00e9lioration de la coop\u00e9ration entre \u00c9tats membres (36\u00a0%) et la stimulation de la croissance \u00e9conomique (29\u00a0%). Par ailleurs, 72\u00a0% des sond\u00e9s d\u00e9clarent que les actions de l\u2019UE ont un impact concret sur leur vie quotidienne, dont la moiti\u00e9 de mani\u00e8re positive. Cette perception souligne la persistance d\u2019un attachement au projet europ\u00e9en, malgr\u00e9 les critiques et les inqui\u00e9tudes.<\/p>\n<p>Pour le Parlement, l\u2019enjeu est d\u00e9sormais de traduire ces attentes dans le futur cadre budg\u00e9taire post-2027. La pr\u00e9sidente du Parlement, la Maltaise Roberta Metsola, a rappel\u00e9 que \u00ab\u00a0les citoyens souhaitent que l\u2019Europe se concentre sur la s\u00e9curit\u00e9 et l\u2019\u00e9conomie\u00a0\u00bb et que les institutions doivent r\u00e9pondre \u00e0 cette demande en alignant les priorit\u00e9s budg\u00e9taires sur les r\u00e9alit\u00e9s g\u00e9opolitiques et sociales. Le d\u00e9fi est donc de renforcer la capacit\u00e9 de l\u2019UE \u00e0 prot\u00e9ger et investir tout en garantissant un contr\u00f4le d\u00e9mocratique et une conditionnalit\u00e9 stricte des fonds.<\/p>\n","protected":false},"excerpt":{"rendered":"l&rsquo;essentiel Selon le dernier Eurobarom\u00e8tre du Parlement europ\u00e9en, publi\u00e9 ce mercredi 3\u00a0septembre, une large majorit\u00e9 de citoyens souhaite&hellip;\n","protected":false},"author":2,"featured_media":362945,"comment_status":"","ping_status":"","sticky":false,"template":"","format":"standard","meta":{"footnotes":""},"categories":[1586],"tags":[11,1777,674,1011,27,12,25],"class_list":{"0":"post-362944","1":"post","2":"type-post","3":"status-publish","4":"format-standard","5":"has-post-thumbnail","7":"category-europe","8":"tag-actualites","9":"tag-eu","10":"tag-europe","11":"tag-fr","12":"tag-france","13":"tag-news","14":"tag-republique-francaise"},"share_on_mastodon":{"url":"https:\/\/pubeurope.com\/@fr\/115139728119533956","error":""},"_links":{"self":[{"href":"https:\/\/www.europesays.com\/fr\/wp-json\/wp\/v2\/posts\/362944","targetHints":{"allow":["GET"]}}],"collection":[{"href":"https:\/\/www.europesays.com\/fr\/wp-json\/wp\/v2\/posts"}],"about":[{"href":"https:\/\/www.europesays.com\/fr\/wp-json\/wp\/v2\/types\/post"}],"author":[{"embeddable":true,"href":"https:\/\/www.europesays.com\/fr\/wp-json\/wp\/v2\/users\/2"}],"replies":[{"embeddable":true,"href":"https:\/\/www.europesays.com\/fr\/wp-json\/wp\/v2\/comments?post=362944"}],"version-history":[{"count":0,"href":"https:\/\/www.europesays.com\/fr\/wp-json\/wp\/v2\/posts\/362944\/revisions"}],"wp:featuredmedia":[{"embeddable":true,"href":"https:\/\/www.europesays.com\/fr\/wp-json\/wp\/v2\/media\/362945"}],"wp:attachment":[{"href":"https:\/\/www.europesays.com\/fr\/wp-json\/wp\/v2\/media?parent=362944"}],"wp:term":[{"taxonomy":"category","embeddable":true,"href":"https:\/\/www.europesays.com\/fr\/wp-json\/wp\/v2\/categories?post=362944"},{"taxonomy":"post_tag","embeddable":true,"href":"https:\/\/www.europesays.com\/fr\/wp-json\/wp\/v2\/tags?post=362944"}],"curies":[{"name":"wp","href":"https:\/\/api.w.org\/{rel}","templated":true}]}}