{"id":362946,"date":"2025-09-03T09:46:21","date_gmt":"2025-09-03T09:46:21","guid":{"rendered":"https:\/\/www.europesays.com\/fr\/362946\/"},"modified":"2025-09-03T09:46:21","modified_gmt":"2025-09-03T09:46:21","slug":"donnees-personnelles-leur-transfert-entre-lue-et-les-etats-unis-est-bien-legal-tranche-la-justice-europeenne","status":"publish","type":"post","link":"https:\/\/www.europesays.com\/fr\/362946\/","title":{"rendered":"Donn\u00e9es personnelles\u00a0: leur transfert entre l\u2019UE et les \u00c9tats-Unis est bien l\u00e9gal, tranche la justice europ\u00e9enne"},"content":{"rendered":"<p>Le Tribunal de l\u2019Union europ\u00e9enne (UE) a confirm\u00e9 ce mercredi 3 septembre la validit\u00e9 du cadre l\u00e9gal r\u00e9gissant les transferts de donn\u00e9es informatiques entre l\u2019Europe et les \u00c9tats-Unis, en rejetant un recours en annulation d\u00e9pos\u00e9 en 2023 par un d\u00e9put\u00e9 fran\u00e7ais, Philippe Latombe. Cette d\u00e9cision rendue en premi\u00e8re instance confirme qu\u2019\u00ab \u00e0 la date d\u2019adoption de la d\u00e9cision attaqu\u00e9e, les \u00c9tats-Unis assuraient un niveau ad\u00e9quat de protection des donn\u00e9es \u00e0 caract\u00e8re personnel transf\u00e9r\u00e9es depuis l\u2019Union (europ\u00e9enne) vers des organisations \u00e9tablies dans ce pays \u00bb, selon un communiqu\u00e9 de la juridiction \u00e9tablie \u00e0 Luxembourg.<\/p>\n<p>L\u2019accord de transfert de donn\u00e9es entre l\u2019UE et les \u00c9tats-Unis, appel\u00e9 \u00ab Data Privacy Framework \u00bb, avait \u00e9t\u00e9 adopt\u00e9 en 2022-2023. Il visait \u00e0 remplacer les pr\u00e9c\u00e9dents dispositifs, dont le \u00ab privacy shield \u00bb en vigueur de 2016 \u00e0 2020, qui avaient \u00e9t\u00e9 eux-m\u00eames invalid\u00e9s par la justice europ\u00e9enne apr\u00e8s des recours introduits par le militant autrichien pour la protection des donn\u00e9es Max Schrems.<\/p>\n<p>Annulation demand\u00e9e<\/p>\n<p>Philippe Latombe, d\u00e9put\u00e9 centriste (Modem) sp\u00e9cialiste des questions technologiques, avait demand\u00e9 \u00e0 titre personnel l\u2019annulation de cet accord devant la justice de l\u2019UE, en arguant qu\u2019il ne respectait pas pleinement la r\u00e9glementation du bloc europ\u00e9en sur les donn\u00e9es, et qu\u2019il avantageait in fine les Gafam (Google, Apple, Facebook, Amazon, Microsoft).<\/p>\n<p>Il s\u2019\u00e9tait appuy\u00e9 sur un article du trait\u00e9 de l\u2019Union qui permet \u00ab \u00e0 toute personne physique ou morale \u00bb de s\u2019opposer dans un d\u00e9lai de deux mois aux \u00ab actes r\u00e9glementaires qui la concernent directement \u00bb. L\u2019\u00e9lu fran\u00e7ais avait fait valoir que l\u2019accord l\u2019emp\u00eachait de s\u2019opposer en France \u00e0 la collecte de ses donn\u00e9es personnelles par des services appartenant \u00e0 des groupes am\u00e9ricains, comme Google ou Microsoft. Lors du d\u00e9p\u00f4t de son recours, il avait m\u00eame d\u00e9nonc\u00e9 une forme d\u2019inf\u00e9odation des Europ\u00e9ens aux Am\u00e9ricains.<\/p>\n<p>\u00ab Stabilit\u00e9 aux entreprises comme aux consommateurs \u00bb<\/p>\n<p>De nombreuses entreprises redoutaient \u00e0 l\u2019inverse, en cas de victoire de Latombe, une nouvelle phase d\u2019incertitude juridique, qui aurait \u00e9t\u00e9 hautement pr\u00e9judiciable pour l\u2019\u00e9cosyst\u00e8me num\u00e9rique de part et d\u2019autre de l\u2019Atlantique. La Business Software Alliance (BSA), l\u2019un des principaux lobbys du secteur num\u00e9rique, a ainsi salu\u00e9 mercredi une d\u00e9cision apportant \u00ab de la stabilit\u00e9 aux entreprises comme aux consommateurs de part et d\u2019autre de l\u2019Atlantique, qui d\u00e9pendent tous les jours d\u2019\u00e9changes s\u00fbrs de donn\u00e9es par-del\u00e0 les fronti\u00e8res \u00bb. Un premier recours du d\u00e9put\u00e9 en r\u00e9f\u00e9r\u00e9 (proc\u00e9dure d\u2019urgence) avait \u00e9t\u00e9 rejet\u00e9 en 2023, mais la justice europ\u00e9enne avait accept\u00e9 de juger l\u2019affaire sur le fond.<\/p>\n","protected":false},"excerpt":{"rendered":"Le Tribunal de l\u2019Union europ\u00e9enne (UE) a confirm\u00e9 ce mercredi 3 septembre la validit\u00e9 du cadre l\u00e9gal r\u00e9gissant&hellip;\n","protected":false},"author":2,"featured_media":362947,"comment_status":"","ping_status":"","sticky":false,"template":"","format":"standard","meta":{"footnotes":""},"categories":[1586],"tags":[11,765,1777,674,1779,1011,27,500,74,12,25,1778,364],"class_list":{"0":"post-362946","1":"post","2":"type-post","3":"status-publish","4":"format-standard","5":"has-post-thumbnail","7":"category-europe","8":"tag-actualites","9":"tag-en-continu","10":"tag-eu","11":"tag-europe","12":"tag-european-union","13":"tag-fr","14":"tag-france","15":"tag-medias","16":"tag-monde","17":"tag-news","18":"tag-republique-francaise","19":"tag-ue","20":"tag-union-europeenne"},"share_on_mastodon":{"url":"https:\/\/pubeurope.com\/@fr\/115139732073034352","error":""},"_links":{"self":[{"href":"https:\/\/www.europesays.com\/fr\/wp-json\/wp\/v2\/posts\/362946","targetHints":{"allow":["GET"]}}],"collection":[{"href":"https:\/\/www.europesays.com\/fr\/wp-json\/wp\/v2\/posts"}],"about":[{"href":"https:\/\/www.europesays.com\/fr\/wp-json\/wp\/v2\/types\/post"}],"author":[{"embeddable":true,"href":"https:\/\/www.europesays.com\/fr\/wp-json\/wp\/v2\/users\/2"}],"replies":[{"embeddable":true,"href":"https:\/\/www.europesays.com\/fr\/wp-json\/wp\/v2\/comments?post=362946"}],"version-history":[{"count":0,"href":"https:\/\/www.europesays.com\/fr\/wp-json\/wp\/v2\/posts\/362946\/revisions"}],"wp:featuredmedia":[{"embeddable":true,"href":"https:\/\/www.europesays.com\/fr\/wp-json\/wp\/v2\/media\/362947"}],"wp:attachment":[{"href":"https:\/\/www.europesays.com\/fr\/wp-json\/wp\/v2\/media?parent=362946"}],"wp:term":[{"taxonomy":"category","embeddable":true,"href":"https:\/\/www.europesays.com\/fr\/wp-json\/wp\/v2\/categories?post=362946"},{"taxonomy":"post_tag","embeddable":true,"href":"https:\/\/www.europesays.com\/fr\/wp-json\/wp\/v2\/tags?post=362946"}],"curies":[{"name":"wp","href":"https:\/\/api.w.org\/{rel}","templated":true}]}}