{"id":362951,"date":"2025-09-03T09:49:12","date_gmt":"2025-09-03T09:49:12","guid":{"rendered":"https:\/\/www.europesays.com\/fr\/362951\/"},"modified":"2025-09-03T09:49:12","modified_gmt":"2025-09-03T09:49:12","slug":"comment-lelection-de-miss-mayotte-a-tourne-au-fiasco","status":"publish","type":"post","link":"https:\/\/www.europesays.com\/fr\/362951\/","title":{"rendered":"comment l&rsquo;\u00e9lection de Miss Mayotte a tourn\u00e9 au fiasco"},"content":{"rendered":"<p class=\"article-p mdl\">Une \u00e9lection boulevers\u00e9e. Le samedi 30 ao\u00fbt 2025, lors de l&rsquo;\u00e9lection Miss Mayotte 2025 qui s&rsquo;est tenue au P\u00f4le culturel de la commune de Chirongi, au sud de l&rsquo;\u00eele, B\u00e9renger Mirc, l&rsquo;Office Manager de Miss France et membre du jury, s&rsquo;est fait entendre. De nombreuses d\u00e9convenues ont eu lieu lors de l&rsquo;\u00e9v\u00e8nement culturel : <strong>les probl\u00e8mes techniques \u00e0 r\u00e9p\u00e9tition<\/strong> et les conditions dans lesquelles le concours s&rsquo;est tenu, une petite salle au mat\u00e9riel limit\u00e9, ont \u00e9t\u00e9 point\u00e9s du doigt.<\/p>\n<p class=\"article-p mdl\">Le repr\u00e9sentant ne s&rsquo;est pas cantonn\u00e9 \u00e0 d\u00e9noncer le simple cadre de l&rsquo;organisation de l&rsquo;\u00e9lection. B\u00e9renger Mirc a aussi exprim\u00e9 sa col\u00e8re face \u00e0 la situation politique de Mayotte, en d\u00e9non\u00e7ant un \u00ab\u00a0abandon\u00a0\u00bb. L&rsquo;officier a d\u00e9plor\u00e9 l&rsquo;\u00e9tat \u00ab\u00a0catastrophique\u00a0\u00bb de l&rsquo;\u00eele, <strong>tout en appelant l&rsquo;\u00c9tat \u00e0 se \u00ab\u00a0r\u00e9veiller\u00a0\u00bb<\/strong>, face au manque de \u00ab\u00a0moyens\u00a0\u00bb.<\/p>\n<p class=\"article-p mdl\">\u00ab\u00a0Dans les hautes sph\u00e8res, <strong>r\u00e9veillez-vous, s&rsquo;il vous pla\u00eet<\/strong>, il est temps de faire quelque chose pour cette \u00eele de l&rsquo;oc\u00e9an Indien (&#8230;) Je ne devrais pas avoir l&rsquo;impression de rouler en Inde lorsque je suis chez vous\u00a0\u00bb, a-t-il lanc\u00e9. La s\u00e9quence de l&rsquo;\u00e9v\u00e8nement, qui s&rsquo;est tenu en pr\u00e9sence d&rsquo;<a class=\"link\" href=\"https:\/\/www.rtl.fr\/actu\/debats-societe\/miss-france-2025-angelique-angarni-filopon-miss-france-2025-revient-sur-les-attaques-racistes-qu-elle-a-subies-7900518774\" rel=\"nofollow noopener\" target=\"_blank\">Ang\u00e9lique Angarni-Filopon<\/a>, Miss France 2025, a vivement \u00e9t\u00e9 relay\u00e9e sur TikTok.<\/p>\n<blockquote class=\"article-quote\">\n<p class=\"article-quote-text icon icon-quote-v2\">Notre intention n&rsquo;a jamais \u00e9t\u00e9 de nuire \u00e0 l&rsquo;image de Mayotte, mais bien de la faire rayonner \u00e0 travers ses candidates.<\/p>\n<p>Comit\u00e9 Miss Mayotte<\/p>\n<\/blockquote>\n<p class=\"article-p mdl\">Lors de celle-ci, B\u00e9renger Mirc en a profit\u00e9 pour rappeler que Mayotte, dans une situation pr\u00e9caire depuis<a class=\"link\" href=\"https:\/\/www.rtl.fr\/actu\/meteo\/mayotte-45-des-coraux-detruits-par-le-cyclone-chido-7900536321\" rel=\"nofollow noopener\" target=\"_blank\"> l&rsquo;impact du cyclone Chido<\/a>, en d\u00e9cembre 2024, est un d\u00e9partement fran\u00e7ais. Ce lundi 1er septembre 2025, Benucci Attoumani, d\u00e9l\u00e9gu\u00e9 r\u00e9gional de Miss Mayotte a pr\u00e9sent\u00e9 sa d\u00e9mission dans un communiqu\u00e9 publi\u00e9\u00a0<a class=\"link\" href=\"https:\/\/www.instagram.com\/p\/DOG4T7ViAgs\/?img_index=1\" rel=\"nofollow noopener\" target=\"_blank\">sur les r\u00e9seaux sociaux<\/a>., \u00e0 la suite des faits.<\/p>\n<p class=\"article-p mdl\">Dans un communiqu\u00e9 partag\u00e9 ce 2 septembre 2025, le Comit\u00e9 Miss Mayotte a \u00e9galement tenu \u00e0 r\u00e9agir \u00e0 l&rsquo;\u00e9lection. Le comit\u00e9 a souhait\u00e9 rappeler : <strong>\u00ab\u00a0Notre intention n&rsquo;a jamais \u00e9t\u00e9 de nuire \u00e0 l&rsquo;image de Mayotte<\/strong>, mais bien de la faire rayonner \u00e0 travers ses candidates\u00a0\u00bb, et vouloir \u00ab\u00a0maintenir la visibilit\u00e9 de Mayotte \u00e0 l&rsquo;\u00e9chelle nationale\u00a0\u00bb. \u00c0 l&rsquo;issue de cette \u00e9lection, Kamillat Hervian, 24 ans, a \u00e9t\u00e9 couronn\u00e9e Miss Mayotte 2025.<\/p>\n<p>    La r\u00e9daction vous recommande<\/p>\n<p class=\"s-newsletter__title\">\n                L\u2019actualit\u00e9 par la r\u00e9daction de RTL dans votre bo\u00eete mail.\n            <\/p>\n<p class=\"s-newsletter__subtitle\">\n                Gr\u00e2ce \u00e0 votre compte RTL abonnez-vous \u00e0 la newsletter RTL info pour suivre toute l&rsquo;actualit\u00e9 au quotidien\n            <\/p>\n<p>\n                                    Lire la suite\n                                <\/p>\n<p>                            <script async src=\"\/\/www.instagram.com\/embed.js\"><\/script><\/p>\n","protected":false},"excerpt":{"rendered":"Une \u00e9lection boulevers\u00e9e. Le samedi 30 ao\u00fbt 2025, lors de l&rsquo;\u00e9lection Miss Mayotte 2025 qui s&rsquo;est tenue au&hellip;\n","protected":false},"author":2,"featured_media":362952,"comment_status":"","ping_status":"","sticky":false,"template":"","format":"standard","meta":{"footnotes":""},"categories":[4],"tags":[11,903,2414,107,1011,27,8245,3034,12,25],"class_list":{"0":"post-362951","1":"post","2":"type-post","3":"status-publish","4":"format-standard","5":"has-post-thumbnail","7":"category-france","8":"tag-actualites","9":"tag-concours","10":"tag-fil-culture","11":"tag-fil-info","12":"tag-fr","13":"tag-france","14":"tag-mayotte","15":"tag-miss-france","16":"tag-news","17":"tag-republique-francaise"},"share_on_mastodon":{"url":"https:\/\/pubeurope.com\/@fr\/115139743755187636","error":""},"_links":{"self":[{"href":"https:\/\/www.europesays.com\/fr\/wp-json\/wp\/v2\/posts\/362951","targetHints":{"allow":["GET"]}}],"collection":[{"href":"https:\/\/www.europesays.com\/fr\/wp-json\/wp\/v2\/posts"}],"about":[{"href":"https:\/\/www.europesays.com\/fr\/wp-json\/wp\/v2\/types\/post"}],"author":[{"embeddable":true,"href":"https:\/\/www.europesays.com\/fr\/wp-json\/wp\/v2\/users\/2"}],"replies":[{"embeddable":true,"href":"https:\/\/www.europesays.com\/fr\/wp-json\/wp\/v2\/comments?post=362951"}],"version-history":[{"count":0,"href":"https:\/\/www.europesays.com\/fr\/wp-json\/wp\/v2\/posts\/362951\/revisions"}],"wp:featuredmedia":[{"embeddable":true,"href":"https:\/\/www.europesays.com\/fr\/wp-json\/wp\/v2\/media\/362952"}],"wp:attachment":[{"href":"https:\/\/www.europesays.com\/fr\/wp-json\/wp\/v2\/media?parent=362951"}],"wp:term":[{"taxonomy":"category","embeddable":true,"href":"https:\/\/www.europesays.com\/fr\/wp-json\/wp\/v2\/categories?post=362951"},{"taxonomy":"post_tag","embeddable":true,"href":"https:\/\/www.europesays.com\/fr\/wp-json\/wp\/v2\/tags?post=362951"}],"curies":[{"name":"wp","href":"https:\/\/api.w.org\/{rel}","templated":true}]}}