{"id":362955,"date":"2025-09-03T09:52:26","date_gmt":"2025-09-03T09:52:26","guid":{"rendered":"https:\/\/www.europesays.com\/fr\/362955\/"},"modified":"2025-09-03T09:52:26","modified_gmt":"2025-09-03T09:52:26","slug":"un-toulonnais-parmi-les-10-pepites-du-top-14-a-suivre-lors-de-la-saison-2025-2026","status":"publish","type":"post","link":"https:\/\/www.europesays.com\/fr\/362955\/","title":{"rendered":"Un Toulonnais parmi les 10 p\u00e9pites du Top 14 \u00e0 suivre lors de la saison 2025 \/ 2026 !"},"content":{"rendered":"<p>Le championnat de Top 14 reprend ce week-end avec notamment Bordeaux-La Rochelle samedi et Clermont-Toulouse en cl\u00f4ture dimanche. Le Stade Toulousain qui va tenter cette saison de r\u00e9aliser un quadrupl\u00e9 et qui se pr\u00e9sente sur la ligne de d\u00e9part comme le grand favori avec un effectif XXL. Un championnat avec son lot de nouveaut\u00e9s, notamment sur l\u2019arbitrage, et avec des jeunes joueurs qui ont envie de se faire une place parmi les grands. Voil\u00e0 10 joueurs \u00e0 suivre cette saison.<\/p>\n<p><strong>Fabien Brau Boirie, centre \u00e0 la Section Paloise (19 ans, 1m90, 94kg)<\/strong><\/p>\n<p>C\u2019est la nouvelle p\u00e9pite du B\u00e9arn. Apr\u00e8s Emilien Gailleton et Th\u00e9o Attisobge (les deux internationaux), le centre originaire de Tarbes c\u2019est fait une place vitesse grand V dans l\u2019effectif de la Section. Brau Boirie a \u00e9t\u00e9 lanc\u00e9 dans le grand bain du Top 14 en janvier dernier lors de la 15e journ\u00e9e contre Clermont au Hameau. Il a rapidement r\u00e9ussi \u00e0 faire parler ses qualit\u00e9s de vitesse et d\u2019explosivit\u00e9 et \u00e0 encha\u00eener les rencontres et les performances. 13 matches, 10 titularisations et 5 essais pour le Bigourdan. Une ascension fulgurante qui l\u2019a pouss\u00e9 jusqu\u2019\u00e0 l\u2019\u00e9quipe de France en mars dernier apr\u00e8s quelques matchs \u00e0 peine de Top 14. Fabien Galthi\u00e9 l\u2019appelle dans les 42 pour pr\u00e9parer l\u2019Ecosse. Aujourd\u2019hui, il forme avec Gailleton la plus jeune paire de centre du Top 14 et repr\u00e9sente l\u2019avenir du XV de France \u00e0 ce poste.<\/p>\n<p><strong>Noah Nene, centre du Stade Fran\u00e7ais (21 ans, 1m92, 103kg)<\/strong><\/p>\n<p>Voil\u00e0 un autre centre fran\u00e7ais qui devrait se faire un nom cette ann\u00e9e. Contrairement \u00e0 Brau Boirie, Noah Nene a pris le temps d\u2019\u00e9clore au haut niveau. Form\u00e9 au Stade Fran\u00e7ais, le centre est parti s\u2019aguerrir en Pro D2 une saison du c\u00f4t\u00e9 de Dax. Un pr\u00eat gagnant car lui aussi a \u00e9t\u00e9 appel\u00e9 par le staff du XV de France cette ann\u00e9e pour pr\u00e9parer le Tournoi des VI Nations. Gaucher, puissant, rapide (flash\u00e9 \u00e0 36 km\/h), adroit sous les ballons haut, le club de la capitale mise beaucoup sur lui pour retrouver le haut du classement cette saison.<\/p>\n<p><strong>Mathis Fert\u00e9, ailier du RCT (21 ans, 1m71, 77kg)<\/strong><\/p>\n<p>Fert\u00e9 fait partie de la g\u00e9n\u00e9ration 2004 championne du monde des moins de 20 ans. Moins connu aujourd\u2019hui que les Depoortere, Costes, Attisogbe, Reus, Jauneau, Gazzotti, Jegou ou Nouchi, le nouvel arri\u00e8re polyvalent (arri\u00e8re, ailier, demi de m\u00eal\u00e9e) de Toulon fait partie des cadres de cette g\u00e9n\u00e9ration. Double marqueur d\u2019essai en finale contre l\u2019Irlande, Fert\u00e9 (\u00e0 l\u2019image de Nene) a fait ses armes en Pro D2 du c\u00f4t\u00e9 de Brive o\u00f9 il vient de passer sept ans. Originaire du Lot, l\u2019histoire retiendra qu\u2019il avait d\u00e9but\u00e9 en pro \u00e0 Mayol en octobre 2022. Trois ans plus tard, il va retrouver ce stade mais avec le maillot rouge et noir.<\/p>\n<p><strong>Thomas Lacombre, talonneur du Stade Toulousain (21 ans, 1m74, 107kg)<\/strong><\/p>\n<p>Voil\u00e0 un autre champion du monde des moins de 20 ans qui va d\u00e9bouler cette ann\u00e9e dans notre championnat. Titulariser \u00e0 quatre reprises la saison derni\u00e8re avec les champions de France, Lacombre devrait voir son temps de jeu exploser cette ann\u00e9e avec la longue blessure de Peato Mauvaka et les s\u00e9lections de Julien Marchand. Tonique, hyperactif, propre sur ses lancers, l\u2019Ari\u00e9geois qui se fait surnommer \u00ab\u00a0boulon\u00a0\u00bb devrait se faire un vrai nom cette saison au milieu des stars toulousaines.<\/p>\n<p><strong>Gabin Lorre, arri\u00e8re du LOU (24 ans, 1m85, 82kg)<\/strong><\/p>\n<p>Auteur de 30 essais en deux saisons avec B\u00e9ziers, Gabin Lorre va d\u00e9couvrir le Top 14 cette saison. Et il aura la lourde t\u00e2che de faire oublier le feu follet g\u00e9orgien Davit Niniashvili, parti \u00e0 La Rochelle. Non conserv\u00e9 par le MHR \u00e0 l\u2019\u00e9poque de Jake White, l\u2019arri\u00e8re virevoltant s\u2019\u00e9tait ressourc\u00e9 dans son premier club de P\u00e9zenas avant de rejoindre le grand B\u00e9ziers chez les jeunes. Dot\u00e9 d\u2019un \u00e9norme pied gauche, le meilleur biterrois des deux derni\u00e8res ann\u00e9es a toutes les armes pour r\u00e9ussir la transition Pro D2 \/ Top 14.<\/p>\n<p><strong>Ugo Seunes, demi d\u2019ouverture au Racing (24 ans, 1m82, 75kg)<\/strong><\/p>\n<p>La Racing tente un pari avec le jeune Ugo Seunes qui va devoir prendre la rel\u00e8ve de Owen Farrell. Auteur d\u2019une grosse saison en Pro D2 \u00e0 Aurillac, le jeune demi d\u2019ouverture va \u00eatre rapidement lanc\u00e9 dans le grand bain du Top 14. Seul 10 de formation avec Antoine Gibert (en attendant l\u2019arriv\u00e9e de l\u2019Argentin Geronimo Prisciantelli), il devrait se retrouver vite sur les pelouses. Pass\u00e9 par Blagnac, o\u00f9 il a \u00e9t\u00e9 entra\u00een\u00e9 par Christophe Deylaud (un proche de Fr\u00e9d\u00e9ric Michalak, entra\u00eeneur au Racing), il semble aujourd\u2019hui pr\u00eat \u00e0 relever le d\u00e9fi.<\/p>\n<p><strong>Langi Gleeson, 3\u00e8me\u00a0ligne du MHR (24 ans, 1m88, 110kg)<\/strong><\/p>\n<p>L\u2019Australien pourrait \u00eatre l\u2019une des tr\u00e8s bonnes pioches de cette ann\u00e9e et une grosse perte pour les Wallabies. Gleeson avait d\u2019ailleurs \u00e9t\u00e9 suspendu d\u2019un stage de la s\u00e9lection apr\u00e8s son choix. Explosif, le num\u00e9ro 6 ou 8 sort d\u2019une tr\u00e8s grosse saison avec les Waratahs (7 essais et meilleur joueur de la saison). Actuellement engag\u00e9 dans le Rugby Championship avec l\u2019Australie (17 s\u00e9lections), il devrait arriver dans l\u2019H\u00e9rault au mois d\u2019octobre. Le MHR a peut \u00eatre trouve le successeur de Zach Mercer.<\/p>\n<p><strong>Th\u00e9o Chabouni, arri\u00e8re de Castres (21 ans, 1m82, 82kg)<\/strong><\/p>\n<p>Devenu le chouchou de Pierre Fabre la saison derni\u00e8re, Th\u00e9o Chabouni devrait confirmer cette saison surtout avec le d\u00e9part \u00e0 la retraite de Julien Dumora. Le nouvel entra\u00eeneur des trois quarts avait particip\u00e9 au recrutement de Chabouni (en provenance de Provence Rugby) en lui annon\u00e7ant qu\u2019il le formerait pour lui succ\u00e9der. Dou\u00e9 techniquement, rapide, des appuis de feu, le num\u00e9ro 15 du CO devrait encore faire lever les foules cette ann\u00e9e avec ses relances depuis son camp.<\/p>\n<p><strong>Ugo Pacome, arri\u00e8re de La Rochelle (20 ans, 1m88, 85kg)<\/strong><\/p>\n<p>Encore un joueur issu de la Pro D2. Ugo Pacome n\u2019est pas le nom le plus ronflant du recrutement des Maritimes (Le Garrec, Niniashivili) mais c\u2019est un joueur \u00e0 fort potentiel. En provenance de Colomiers (comme un certain Thomas Ramos), o\u00f9 il vient de passer quinze ans, Pacome devrait apporter sa fougue et son explosivit\u00e9 \u00e0 une ligne de trois quarts qui en manquait la saison derni\u00e8re. Capable de d\u00e9panner \u00e0 l\u2019ouverture, l\u2019international des moins de 20 ans devrait rapidement rentrer dans la rotation de Ronan O\u2019Gara.<\/p>\n<p><strong>Valentin Hutteau, demi de m\u00eal\u00e9e de l\u2019UBB (18 ans, 1m67, 75kg)<\/strong><\/p>\n<p>A seulement 18 ans, Valentin Hutteau est consid\u00e9r\u00e9 comme l\u2019un des meilleurs espoirs de la g\u00e9n\u00e9ration 2007. Arriv\u00e9 de Massy cet \u00e9t\u00e9, club avec lequel il a fait ses d\u00e9buts en pro \u00e0 17 ans, il \u00e9tait pr\u00e9vu qu\u2019il apprenne au contact de Maxime Lucu. Mais la blessure de ce dernier et l\u2019absence d\u2019Arthur Retiere risquent de pr\u00e9cipiter ses d\u00e9buts en Top 14. Surnomm\u00e9 \u00ab\u00a0le petit Antoine Dupont\u00a0\u00bb, il est r\u00e9guli\u00e8rement appel\u00e9 en \u00e9quipe de France jeunes. Un \u00e9norme potentiel!<\/p>\n<p>Via <a href=\"https:\/\/rmcsport.bfmtv.com\/rugby\/top-14\/top-14-nene-brau-boirie-ferte-hutteau-les-10-pepites-a-suivre-cette-saison_AV-202509020608.html\" rel=\"nofollow noopener\" target=\"_blank\">RMC Sport<\/a><\/p>\n","protected":false},"excerpt":{"rendered":"Le championnat de Top 14 reprend ce week-end avec notamment Bordeaux-La Rochelle samedi et Clermont-Toulouse en cl\u00f4ture dimanche.&hellip;\n","protected":false},"author":2,"featured_media":232086,"comment_status":"","ping_status":"","sticky":false,"template":"","format":"standard","meta":{"footnotes":""},"categories":[1416],"tags":[1011,27,479,1468,60],"class_list":{"0":"post-362955","1":"post","2":"type-post","3":"status-publish","4":"format-standard","5":"has-post-thumbnail","7":"category-rugby","8":"tag-fr","9":"tag-france","10":"tag-rugby","11":"tag-rugby-football","12":"tag-sports"},"share_on_mastodon":{"url":"https:\/\/pubeurope.com\/@fr\/115139755628018584","error":""},"_links":{"self":[{"href":"https:\/\/www.europesays.com\/fr\/wp-json\/wp\/v2\/posts\/362955","targetHints":{"allow":["GET"]}}],"collection":[{"href":"https:\/\/www.europesays.com\/fr\/wp-json\/wp\/v2\/posts"}],"about":[{"href":"https:\/\/www.europesays.com\/fr\/wp-json\/wp\/v2\/types\/post"}],"author":[{"embeddable":true,"href":"https:\/\/www.europesays.com\/fr\/wp-json\/wp\/v2\/users\/2"}],"replies":[{"embeddable":true,"href":"https:\/\/www.europesays.com\/fr\/wp-json\/wp\/v2\/comments?post=362955"}],"version-history":[{"count":0,"href":"https:\/\/www.europesays.com\/fr\/wp-json\/wp\/v2\/posts\/362955\/revisions"}],"wp:featuredmedia":[{"embeddable":true,"href":"https:\/\/www.europesays.com\/fr\/wp-json\/wp\/v2\/media\/232086"}],"wp:attachment":[{"href":"https:\/\/www.europesays.com\/fr\/wp-json\/wp\/v2\/media?parent=362955"}],"wp:term":[{"taxonomy":"category","embeddable":true,"href":"https:\/\/www.europesays.com\/fr\/wp-json\/wp\/v2\/categories?post=362955"},{"taxonomy":"post_tag","embeddable":true,"href":"https:\/\/www.europesays.com\/fr\/wp-json\/wp\/v2\/tags?post=362955"}],"curies":[{"name":"wp","href":"https:\/\/api.w.org\/{rel}","templated":true}]}}