{"id":362958,"date":"2025-09-03T09:55:11","date_gmt":"2025-09-03T09:55:11","guid":{"rendered":"https:\/\/www.europesays.com\/fr\/362958\/"},"modified":"2025-09-03T09:55:11","modified_gmt":"2025-09-03T09:55:11","slug":"ra-mandalika-motogp-est-officiellement-gere-par-le-ministere-de-la-jeunesse-et-des-sports-kemenpora","status":"publish","type":"post","link":"https:\/\/www.europesays.com\/fr\/362958\/","title":{"rendered":"ra Mandalika MotoGP est officiellement g\u00e9r\u00e9 par le minist\u00e8re de la Jeunesse et des Sports (Kemenpora)."},"content":{"rendered":"<p>AKARTA &#8211; Le minist\u00e8re de la Jeunesse et des Sports (Kemenpora) a officiellement pris en charge la gestion du MotoGP de Mandalika \u00e0 partir de l\u2019\u00e9dition de cette ann\u00e9e et au-del\u00e0.<\/p>\n<p>ir la certitude a \u00e9t\u00e9 confirm\u00e9e par le ministre de la Jeunesse et des Sports (Menpora), Dito Ari vodjo, apr\u00e8s avoir pr\u00e9sid\u00e9 une r\u00e9union virtuelle avec Injourney, Indonesia Tourism Development Corporation (ITDC) et le directeur sportif de Dorna Sports, Carlos Ezpeleta, le mardi 2 septembre 2025.<\/p>\n<p>an : \u00ab \u00c0 partir de cette ann\u00e9e, le MotoGP de Mandalika est officiellement g\u00e9r\u00e9 directement par le minist\u00e8re de la Jeunesse et des Sports \u00bb, a d\u00e9clar\u00e9 Dito, comme l\u2019a rapport\u00e9 sur le site officiel du minist\u00e8re de la Jeunesse et des Sports.<\/p>\n<p>in a soulign\u00e9 que le Mandalika MotoGP n\u2019est pas seulement une comp\u00e9tition sportive, mais aussi un outil strat\u00e9gique pour renforcer l\u2019image mondiale de l\u2019Indon\u00e9sie, encourager la croissance du tourisme et acc\u00e9l\u00e9rer le d\u00e9veloppement \u00e9conomique r\u00e9gional.<\/p>\n<p>il a d\u00e9clar\u00e9 que le gouvernement s\u2019est enti\u00e8rement engag\u00e9 \u00e0 assurer le succ\u00e8s de la mise en \u0153uvre du MotoGP 2025 d\u00e9but octobre et \u00e0 la mise en \u0153uvre ult\u00e9rieure.<\/p>\n<p>Dito a d\u00e9clar\u00e9 : \u00ab Cet \u00e9v\u00e9nement est une priorit\u00e9 nationale en raison d\u2019un impact significatif sur le tourisme, l\u2019image internationale et la croissance \u00e9conomique r\u00e9gionale \u00bb, a d\u00e9clar\u00e9 Dito.<\/p>\n<p>Dito a \u00e9galement veill\u00e9 \u00e0 ce que l\u2019Indon\u00e9sie s\u2019engage \u00e0 \u00e9tablir un partenariat \u00e0 long terme avec Dorna Sports et ouvrira des opportunit\u00e9s pour le d\u00e9veloppement de nouveaux circuits dans d\u2019autres r\u00e9gions dans le cadre de la feuille de route nationale du sport automobile.<\/p>\n<p>ronyme : \u00ab Le MotoGP n\u2019est pas seulement un sport, mais une plate-forme mondiale pour montrer l\u2019Indon\u00e9sie comme une nation moderne, ouverte et comp\u00e9titive sur la sc\u00e8ne internationale \u00bb, a-t-il d\u00e9clar\u00e9.<\/p>\n<p>du pr\u00e9sident directeur de l\u2019ITDC, Ari Respati, a d\u00e9clar\u00e9 que cette r\u00e9union \u00e9tait une \u00e9tape importante dans le processus de transition par l\u2019autorit\u00e9 de mise en \u0153uvre.<\/p>\n<p>ronyme. \u00ab La transition des contrats avec le minist\u00e8re de la Jeunesse et des Sports n\u2019est pas seulement une formalit\u00e9, mais aussi un fort signal pour le s\u00e9rieux du gouvernement pour lever le MotoGP de Mandalika \u00e0 des niveaux plus \u00e9lev\u00e9s \u00bb, a d\u00e9clar\u00e9 Ari.<\/p>\n<p>rides, vice-pr\u00e9sident sportif de Dorna Sports, Carlos Ezpeleta, a \u00e9galement soulign\u00e9 l\u2019importance de l\u2019Indon\u00e9sie dans la carte mondiale du MotoGP.<\/p>\n<p>al a d\u00e9clar\u00e9 que l\u2019Indon\u00e9sie est l\u2019un des plus grands march\u00e9s du monde, \u00e0 la fois en termes de nombre de fans et de l\u2019industrie automobile.<\/p>\n<p>\u00bb L\u2019Indon\u00e9sie est un march\u00e9 tr\u00e8s vital, sinon le plus important pour le MotoGP. L\u2019enthousiasme des fans est tr\u00e8s grand, l\u2019industrie automobile conna\u00eet une croissance rapide, et nous croyons que l\u2019Indon\u00e9sie donnera naissance \u00e0 une \u00e9toile du MotoGP du futur \u00bb, a d\u00e9clar\u00e9 Carlos.<\/p>\n<p>The English, Chinese, Japanese, Arabic, and French versions are automatically generated by the AI. So there may still be inaccuracies in translating, please always see Indonesian as our main language.<br \/>\n                                    (system supported by DigitalSiber.id)<\/p>\n","protected":false},"excerpt":{"rendered":"AKARTA &#8211; Le minist\u00e8re de la Jeunesse et des Sports (Kemenpora) a officiellement pris en charge la gestion&hellip;\n","protected":false},"author":2,"featured_media":362959,"comment_status":"","ping_status":"","sticky":false,"template":"","format":"standard","meta":{"footnotes":""},"categories":[1413],"tags":[5436,49793,49794,49788,49792,1011,27,49790,49789,49791,49785,49786,49787,49784,1457,1456,1458,49795,60],"class_list":{"0":"post-362958","1":"post","2":"type-post","3":"status-publish","4":"format-standard","5":"has-post-thumbnail","7":"category-moto","8":"tag-ar","9":"tag-carlos-ezpeleta","10":"tag-circuit-de-mandalika","11":"tag-dito-arijo","12":"tag-dorna-sports","13":"tag-fr","14":"tag-france","15":"tag-indonesia-tourism-development-corporation","16":"tag-injourney","17":"tag-itdc","18":"tag-kemenpora","19":"tag-mandalika-ministre-de-la-jeunesse-et-des-sports","20":"tag-menpora","21":"tag-ministre-de-la-jeunesse-et-des-sports","22":"tag-moto","23":"tag-motocycle","24":"tag-motogp","25":"tag-motogp-indonesie","26":"tag-sports"},"share_on_mastodon":{"url":"https:\/\/pubeurope.com\/@fr\/115139767416017470","error":""},"_links":{"self":[{"href":"https:\/\/www.europesays.com\/fr\/wp-json\/wp\/v2\/posts\/362958","targetHints":{"allow":["GET"]}}],"collection":[{"href":"https:\/\/www.europesays.com\/fr\/wp-json\/wp\/v2\/posts"}],"about":[{"href":"https:\/\/www.europesays.com\/fr\/wp-json\/wp\/v2\/types\/post"}],"author":[{"embeddable":true,"href":"https:\/\/www.europesays.com\/fr\/wp-json\/wp\/v2\/users\/2"}],"replies":[{"embeddable":true,"href":"https:\/\/www.europesays.com\/fr\/wp-json\/wp\/v2\/comments?post=362958"}],"version-history":[{"count":0,"href":"https:\/\/www.europesays.com\/fr\/wp-json\/wp\/v2\/posts\/362958\/revisions"}],"wp:featuredmedia":[{"embeddable":true,"href":"https:\/\/www.europesays.com\/fr\/wp-json\/wp\/v2\/media\/362959"}],"wp:attachment":[{"href":"https:\/\/www.europesays.com\/fr\/wp-json\/wp\/v2\/media?parent=362958"}],"wp:term":[{"taxonomy":"category","embeddable":true,"href":"https:\/\/www.europesays.com\/fr\/wp-json\/wp\/v2\/categories?post=362958"},{"taxonomy":"post_tag","embeddable":true,"href":"https:\/\/www.europesays.com\/fr\/wp-json\/wp\/v2\/tags?post=362958"}],"curies":[{"name":"wp","href":"https:\/\/api.w.org\/{rel}","templated":true}]}}