{"id":362960,"date":"2025-09-03T09:56:10","date_gmt":"2025-09-03T09:56:10","guid":{"rendered":"https:\/\/www.europesays.com\/fr\/362960\/"},"modified":"2025-09-03T09:56:10","modified_gmt":"2025-09-03T09:56:10","slug":"la-livree-hommage-de-ferrari-a-niki-lauda","status":"publish","type":"post","link":"https:\/\/www.europesays.com\/fr\/362960\/","title":{"rendered":"La livr\u00e9e hommage de Ferrari \u00e0 Niki Lauda"},"content":{"rendered":"<p class=\"ms-photogallery-info__description text-body-lg font\">Pour le GP d&rsquo;Italie 2025, Ferrari \u00e9voluera \u00e0 domicile avec une livr\u00e9e sp\u00e9ciale comm\u00e9morant le premier titre mondial de Niki Lauda, d\u00e9croch\u00e9 il y a cinquante ans.<\/p>\n<p>\n                    Date                <\/p>\n<p>\n                Sep 3, 2025            <\/p>\n<p>\n                    Championnat                <\/p>\n<p>\n                Formule 1 2025            <\/p>\n<p><a href=\"https:\/\/fr.motorsport.com\/f1\/\" class=\"msnt-chip group\/chip overflow-hidden inline-flex items-center msnt-chip--no-href msnt-chip--default \" rel=\"nofollow noopener\" target=\"_blank\">    <\/p>\n<p>\n                    S\u00e9ries                <\/p>\n<p>\n                Formule 1            <\/p>\n<p><\/a><\/p>\n<p>\n                    \u00c9v\u00e9nement                <\/p>\n<p>\n                GP d&rsquo;Italie            <\/p>\n<p>\n                    Cat\u00e9gorie                <\/p>\n<p>\n                Course            <\/p>\n<p><a href=\"https:\/\/fr.motorsport.com\/location\/monza\/1511\/\" class=\"msnt-chip group\/chip overflow-hidden inline-flex items-center msnt-chip--no-href msnt-chip--default \" rel=\"nofollow noopener\" target=\"_blank\">    <\/p>\n<p>\n                    Circuit                <\/p>\n<p>\n                Autodromo Nazionale Monza            <\/p>\n<p><\/a><\/p>\n","protected":false},"excerpt":{"rendered":"Pour le GP d&rsquo;Italie 2025, Ferrari \u00e9voluera \u00e0 domicile avec une livr\u00e9e sp\u00e9ciale comm\u00e9morant le premier titre mondial&hellip;\n","protected":false},"author":2,"featured_media":362961,"comment_status":"","ping_status":"","sticky":false,"template":"","format":"standard","meta":{"footnotes":""},"categories":[1412],"tags":[1451,1452,1453,1454,1455,1011,27,60],"class_list":{"0":"post-362960","1":"post","2":"type-post","3":"status-publish","4":"format-standard","5":"has-post-thumbnail","7":"category-f1","8":"tag-f1","9":"tag-formula-1","10":"tag-formula1","11":"tag-formule-1","12":"tag-formule1","13":"tag-fr","14":"tag-france","15":"tag-sports"},"share_on_mastodon":{"url":"https:\/\/pubeurope.com\/@fr\/115139771463982305","error":""},"_links":{"self":[{"href":"https:\/\/www.europesays.com\/fr\/wp-json\/wp\/v2\/posts\/362960","targetHints":{"allow":["GET"]}}],"collection":[{"href":"https:\/\/www.europesays.com\/fr\/wp-json\/wp\/v2\/posts"}],"about":[{"href":"https:\/\/www.europesays.com\/fr\/wp-json\/wp\/v2\/types\/post"}],"author":[{"embeddable":true,"href":"https:\/\/www.europesays.com\/fr\/wp-json\/wp\/v2\/users\/2"}],"replies":[{"embeddable":true,"href":"https:\/\/www.europesays.com\/fr\/wp-json\/wp\/v2\/comments?post=362960"}],"version-history":[{"count":0,"href":"https:\/\/www.europesays.com\/fr\/wp-json\/wp\/v2\/posts\/362960\/revisions"}],"wp:featuredmedia":[{"embeddable":true,"href":"https:\/\/www.europesays.com\/fr\/wp-json\/wp\/v2\/media\/362961"}],"wp:attachment":[{"href":"https:\/\/www.europesays.com\/fr\/wp-json\/wp\/v2\/media?parent=362960"}],"wp:term":[{"taxonomy":"category","embeddable":true,"href":"https:\/\/www.europesays.com\/fr\/wp-json\/wp\/v2\/categories?post=362960"},{"taxonomy":"post_tag","embeddable":true,"href":"https:\/\/www.europesays.com\/fr\/wp-json\/wp\/v2\/tags?post=362960"}],"curies":[{"name":"wp","href":"https:\/\/api.w.org\/{rel}","templated":true}]}}