{"id":362962,"date":"2025-09-03T09:57:10","date_gmt":"2025-09-03T09:57:10","guid":{"rendered":"https:\/\/www.europesays.com\/fr\/362962\/"},"modified":"2025-09-03T09:57:10","modified_gmt":"2025-09-03T09:57:10","slug":"litalien-filippo-baroncini-est-sorti-de-lhopital-et-a-prolonge-son-contrat-chez-uae-emirates-lequipe","status":"publish","type":"post","link":"https:\/\/www.europesays.com\/fr\/362962\/","title":{"rendered":"L&#039;Italien Filippo Baroncini est sorti de l&#039;h\u00f4pital et a prolong\u00e9 son contrat chez UAE Emirates &#8211; L&#039;\u00c9quipe"},"content":{"rendered":"<ol>\n<li><a href=\"https:\/\/news.google.com\/rss\/articles\/CBMi3gFBVV95cUxNTEN4amFhVUZzbzVKVmhHWGlyNFZVMGdZcGtNMWkyalZEeDhVNmZfODF2a2N4YmFFaEpfWHh4U0RvNEF1eE9WQ2FKSnVtOU5fN3hWUEpENnFVQjZuUXFDNXZnLW41RnR5VmpjTUY1cWNhQ3RoNUZpMTEwQl9sWHFCT2JXVVFJUVlpbXFPenZGTzIxZzcwSmZ5YXZYSVJqdGVna3kxMU9ibU56b3I2VG1ibnJYMUJwcXhhdUhoRGF5TTNseV81SDdGQkl0Z09HYjNhNl84bDBDS2d1YXhKMWc?oc=5\" target=\"_blank\" rel=\"nofollow noopener\">L&rsquo;Italien Filippo Baroncini est sorti de l&rsquo;h\u00f4pital et a prolong\u00e9 son contrat chez UAE Emirates<\/a>&nbsp;&nbsp;L&rsquo;\u00c9quipe<\/li>\n<li><a href=\"https:\/\/news.google.com\/rss\/articles\/CBMi0gFBVV95cUxQUGhlS2JfQl84c2ZCS19JNWtFQ1VBalUwc1d3MzFzVjlhQ05jUjBtY1lYNTFqYWk0dG53MGdTQjAtSHVjYzVxX0UwUW4ySUhnRnpERkxjOFNLZ3czaUdMN3h6bXJhN2N5SHRHNUhBR3hBZ0VJMk5FZHM0bWVzTlN4ZGYtcjJxTUpHUmZZREpTcW9LQTlueW1wdHVSTTlnelV1aThDdkFBOWZJb1VRNlVzVXMxNFNoYXc1bjVxNDNscUxYYjZGS2dncmFOdkNKeUVySUE?oc=5\" target=\"_blank\" rel=\"nofollow noopener\">\u00ab Je suis en vie par miracle \u00bb\u2026 Apr\u00e8s une chute \u00e0 100 km\/h et un coma artificiel, la renaissance de Baroncini<\/a>&nbsp;&nbsp;20 Minutes<\/li>\n<li><a href=\"https:\/\/news.google.com\/rss\/articles\/CBMi-wFBVV95cUxNV3A5cGZrdnFCY0NPQzBGTWhiZHpmV1Z4RUF5S20tY0JkNzctN29hdnNvcnBTXzVvWEpmU1hKNllLTE9ZM0RTZ0JNTVE5Yjh5YjktaklTVlhOcTJUNTgzM04zdGFVV1paQnI0YmYtNzN4dV8ybW9tOFNlX3I3QUg3V1NHTHYtU0VQYm1sbEw3LXhCMlk2TTVtdTZDMTJJZUFTT1NhZFVSQm1SQldwQ0Jwbi1wdnMtaEpXMXppckFoZ3ZfS1BGZHcwVEJBR2QwdzFpemdxcHQxcy0xdVZyVDBJb0xPVDNUbjZMRDZ6eHVYVE92SUN2bkk0c01QNA?oc=5\" target=\"_blank\" rel=\"nofollow noopener\">\u00ab Je suis en vie par miracle \u00bb : Filippo Baroncini sur sa grave chute lors du Tour de Pologne<\/a>&nbsp;&nbsp;Ouest-France<\/li>\n<li><a href=\"https:\/\/news.google.com\/rss\/articles\/CBMihAFBVV95cUxQWE1SYTVnRUd6WWk2UjFZbXV4YmoxQkdTVG1Ub2Z6WGdQZXhjcURGSnVOTkZENDFONDFWX2Z2ZHZnZWhtUmM5WWRxWWxMOVlqUEJxcUtZcTBtWHAwRXEzdkR5Sndva2RTUVFTS3FxbW9HajJqMDNoMlJzRGMwZ1FncFV3U3I?oc=5\" target=\"_blank\" rel=\"nofollow noopener\">Cyclisme : \u00ab Je suis en vie par miracle \u00bb\u2026 Apr\u00e8s une chute \u00e0 100 km\/h et un coma artificiel, la renaissance de Baroncini<\/a>&nbsp;&nbsp;Yahoo Actualit\u00e9s<\/li>\n<li><a href=\"https:\/\/news.google.com\/rss\/articles\/CBMi8AFBVV95cUxQUS15bktfdFphV0szYURzbk5oMnl6RkJjNU85RHFrVnhiOG00VjFpLWdLQmg5R09TR2RPeUtvNVpOUlJLU1gwZ2ZlNWJmenhOWkFGWmg2TlBpR2w2OXJ4TTQ4bGpBWTV5T3Z5V0pPY1FQa2tlcERfeDRFVmtGeG9MWk5hcEdvUklRTFdUNl9yaDMyZmNZVlhyQ0JQeFlPa1dBQVYzWjJjeEJ3ak9QSDh0OER1enFmRnJ3M0twTVBZYnJsUmd2M2VHRXZUQUpwY1lncmFkTkp1NUUwZmFiTjRoMWV1cVZFMmt1NGRtaXhCU3M?oc=5\" target=\"_blank\" rel=\"nofollow noopener\">UAE Team Emirates XRG, Filippo Baroncini rentre au pays et signe un renouvellement jusqu\u2019en 2027 : \u00ab Un moment sp\u00e9cial pour moi \u00bb<\/a>&nbsp;&nbsp;| CyclingPro.Net<\/li>\n<\/ol>\n","protected":false},"excerpt":{"rendered":"L&rsquo;Italien Filippo Baroncini est sorti de l&rsquo;h\u00f4pital et a prolong\u00e9 son contrat chez UAE Emirates&nbsp;&nbsp;L&rsquo;\u00c9quipe \u00ab Je suis&hellip;\n","protected":false},"author":2,"featured_media":362963,"comment_status":"","ping_status":"","sticky":false,"template":"","format":"standard","meta":{"footnotes":""},"categories":[1411],"tags":[1154,207,1011,27,60],"class_list":{"0":"post-362962","1":"post","2":"type-post","3":"status-publish","4":"format-standard","5":"has-post-thumbnail","7":"category-cyclisme","8":"tag-cycling","9":"tag-cyclisme","10":"tag-fr","11":"tag-france","12":"tag-sports"},"share_on_mastodon":{"url":"https:\/\/pubeurope.com\/@fr\/115139775338056372","error":""},"_links":{"self":[{"href":"https:\/\/www.europesays.com\/fr\/wp-json\/wp\/v2\/posts\/362962","targetHints":{"allow":["GET"]}}],"collection":[{"href":"https:\/\/www.europesays.com\/fr\/wp-json\/wp\/v2\/posts"}],"about":[{"href":"https:\/\/www.europesays.com\/fr\/wp-json\/wp\/v2\/types\/post"}],"author":[{"embeddable":true,"href":"https:\/\/www.europesays.com\/fr\/wp-json\/wp\/v2\/users\/2"}],"replies":[{"embeddable":true,"href":"https:\/\/www.europesays.com\/fr\/wp-json\/wp\/v2\/comments?post=362962"}],"version-history":[{"count":0,"href":"https:\/\/www.europesays.com\/fr\/wp-json\/wp\/v2\/posts\/362962\/revisions"}],"wp:featuredmedia":[{"embeddable":true,"href":"https:\/\/www.europesays.com\/fr\/wp-json\/wp\/v2\/media\/362963"}],"wp:attachment":[{"href":"https:\/\/www.europesays.com\/fr\/wp-json\/wp\/v2\/media?parent=362962"}],"wp:term":[{"taxonomy":"category","embeddable":true,"href":"https:\/\/www.europesays.com\/fr\/wp-json\/wp\/v2\/categories?post=362962"},{"taxonomy":"post_tag","embeddable":true,"href":"https:\/\/www.europesays.com\/fr\/wp-json\/wp\/v2\/tags?post=362962"}],"curies":[{"name":"wp","href":"https:\/\/api.w.org\/{rel}","templated":true}]}}