{"id":362966,"date":"2025-09-03T09:59:10","date_gmt":"2025-09-03T09:59:10","guid":{"rendered":"https:\/\/www.europesays.com\/fr\/362966\/"},"modified":"2025-09-03T09:59:10","modified_gmt":"2025-09-03T09:59:10","slug":"et-si-le-fils-de-francois-bayrou-devenait-premier-ministre-cest-lhypothese-dun-film-avec-francois-cluzet","status":"publish","type":"post","link":"https:\/\/www.europesays.com\/fr\/362966\/","title":{"rendered":"Et si le \u00ab Fils de \u00bb Fran\u00e7ois Bayrou devenait Premier ministre\u00a0? C&rsquo;est l&rsquo;hypoth\u00e8se d&rsquo;un film avec Fran\u00e7ois Cluzet"},"content":{"rendered":"<p class=\"intro\">Hasard du calendrier cin\u00e9ma\u00a0: un film politique sur un remaniement minist\u00e9riel sort ce mercredi, avec Fran\u00e7ois Cluzet en politicien grognon.<\/p>\n<p class=\"Corps\"><strong>Le synopsis<\/strong><\/p>\n<p>Une semaine apr\u00e8s la pr\u00e9sidentielle, la France cherche toujours son Premier ministre. Nino, jeune attach\u00e9 parlementaire ambitieux, est missionn\u00e9 pour convaincre son p\u00e8re, Lionel Perrin d\u2019accepter le poste. Mais cet \u00e9ternel perdant a coup\u00e9 les ponts avec la politique\u2026 et son fils. Nino se retrouve embarqu\u00e9 dans une course effr\u00e9n\u00e9e o\u00f9 tous les coups sont permis. Il a 24h pour sauver sa carri\u00e8re, son couple et si possible l\u2019avenir de la France\u00a0!<\/p>\n<p>    La suite apr\u00e8s cette publicit\u00e9<\/p>\n<p>    La suite apr\u00e8s cette publicit\u00e9<\/p>\n<p>La critique de Paris Match (2\/5)<\/p>\n<p class=\"Pardfaut\">Au moins, on pourra toujours dire que le distributeur du film a eu le nez creux en sortant \u00ab\u00a0Fils de\u00a0\u00bb \u00e0 quelques heures du d\u00e9part programm\u00e9 de Fran\u00e7ois Bayrou. Film qui prend pour le coup un go\u00fbt particulier m\u00eame si ce n\u2019\u00e9tait pas forc\u00e9ment le but de Carlos Abascal Peir\u00f3 dont le premier film tend plut\u00f4t vers la satire \u00e0 l\u2019italienne qui aurait crois\u00e9 sur sa route la folie du cin\u00e9ma de <a href=\"https:\/\/www.parismatch.com\/culture\/cinema\/albert-dupontel-second-tour-est-un-roman-de-gare-sur-un-monde-reel-230935\" rel=\"nofollow noopener\" target=\"_blank\">Dupontel<\/a>.<\/p>\n<p class=\"Pardfaut\">Charge \u00e0 la grosse Bertha plut\u00f4t que r\u00e9el pamphlet politique, le film d\u00e9bite son propos \u00e0 la mitraillette visuelle et narrative, tire dans le tas sans trop de discernement (Karin Viard en ersatz de Marie-Fran\u00e7oise Garaud un peu trop capillotract\u00e9). Mais il ressort quand m\u00eame de ce d\u00e9lire foutraque quelques th\u00e9matiques bien senties, des politiques avides de pouvoir aux couteaux plant\u00e9s dans le dos derri\u00e8re les sourires de fa\u00e7ade. Au final, \u00ab\u00a0Fils de\u00a0\u00bb n\u2019a rien d\u2019un \u00ab\u00a0Bon plaisir\u00a0\u00bb ou d\u2019un \u00ab\u00a0Exercice du pouvoir\u00a0\u00bb. Mais fera office d\u2019exutoire pour d\u00e9\u00e7us de la politique. Et leur chef de file, Fran\u00e7ois Cluzet, qui grogne comme jamais\u2026<\/p>\n<p>    La suite apr\u00e8s cette publicit\u00e9<\/p>\n<p>    La suite apr\u00e8s cette publicit\u00e9<\/p>\n<p class=\"Pardfaut\">De Carlos Abascal Peir\u00f3<br \/>Avec Jean Chevalier, Fran\u00e7ois Cluzet, Karin Viard<\/p>\n","protected":false},"excerpt":{"rendered":"Hasard du calendrier cin\u00e9ma\u00a0: un film politique sur un remaniement minist\u00e9riel sort ce mercredi, avec Fran\u00e7ois Cluzet en&hellip;\n","protected":false},"author":2,"featured_media":362967,"comment_status":"","ping_status":"","sticky":false,"template":"","format":"standard","meta":{"footnotes":""},"categories":[1359],"tags":[58,59,1011,27,973],"class_list":{"0":"post-362966","1":"post","2":"type-post","3":"status-publish","4":"format-standard","5":"has-post-thumbnail","7":"category-people","8":"tag-divertissement","9":"tag-entertainment","10":"tag-fr","11":"tag-france","12":"tag-people"},"share_on_mastodon":{"url":"https:\/\/pubeurope.com\/@fr\/115139783101579370","error":""},"_links":{"self":[{"href":"https:\/\/www.europesays.com\/fr\/wp-json\/wp\/v2\/posts\/362966","targetHints":{"allow":["GET"]}}],"collection":[{"href":"https:\/\/www.europesays.com\/fr\/wp-json\/wp\/v2\/posts"}],"about":[{"href":"https:\/\/www.europesays.com\/fr\/wp-json\/wp\/v2\/types\/post"}],"author":[{"embeddable":true,"href":"https:\/\/www.europesays.com\/fr\/wp-json\/wp\/v2\/users\/2"}],"replies":[{"embeddable":true,"href":"https:\/\/www.europesays.com\/fr\/wp-json\/wp\/v2\/comments?post=362966"}],"version-history":[{"count":0,"href":"https:\/\/www.europesays.com\/fr\/wp-json\/wp\/v2\/posts\/362966\/revisions"}],"wp:featuredmedia":[{"embeddable":true,"href":"https:\/\/www.europesays.com\/fr\/wp-json\/wp\/v2\/media\/362967"}],"wp:attachment":[{"href":"https:\/\/www.europesays.com\/fr\/wp-json\/wp\/v2\/media?parent=362966"}],"wp:term":[{"taxonomy":"category","embeddable":true,"href":"https:\/\/www.europesays.com\/fr\/wp-json\/wp\/v2\/categories?post=362966"},{"taxonomy":"post_tag","embeddable":true,"href":"https:\/\/www.europesays.com\/fr\/wp-json\/wp\/v2\/tags?post=362966"}],"curies":[{"name":"wp","href":"https:\/\/api.w.org\/{rel}","templated":true}]}}