{"id":362968,"date":"2025-09-03T10:01:11","date_gmt":"2025-09-03T10:01:11","guid":{"rendered":"https:\/\/www.europesays.com\/fr\/362968\/"},"modified":"2025-09-03T10:01:11","modified_gmt":"2025-09-03T10:01:11","slug":"la-confession-intime-et-bouleversante-dalexis-salatko","status":"publish","type":"post","link":"https:\/\/www.europesays.com\/fr\/362968\/","title":{"rendered":"La confession intime et bouleversante d&rsquo;Alexis Salatko"},"content":{"rendered":"<p class=\"ap-StoryElement ap-StoryElement--mb js-paywall-target ap-StoryText\">Alexis Salatko grandit \u00e0 Cherbourg, dans la maison Black House, aux allures de manoir, qui fit office de d\u00e9cor aux c\u00e9l\u00e8bres Parapluies de Jacques Demy. Le petit Alio consid\u00e8re cette maison comme sinistre et tout son corps tremble lorsqu&rsquo;il entend la terrible injonction : \u00c0 table !<\/p>\n<p><a href=\"https:\/\/www.lalibre.be\/culture\/livres-bd\/2022\/02\/02\/dino-buzzati-40-ans-de-journalisme-en-italie-I5ZZKWMUGVAUPMWL4IMGLNLEPU\/\" target=\"_blank\" rel=\"noopener noreferrer\" class=\"ap-StoryInterstitialLink ap-StoryElement ap-StoryElement--mb\">Dino Buzzati, 40 ans de journalisme en Italie<\/a><\/p>\n<p class=\"ap-StoryElement ap-StoryElement--mb ap-StoryText\">Il grandit \u00e0 l&rsquo;ombre de son fr\u00e8re, le comte Kostia, son protecteur mais aussi, qui sait ?, son bourreau.<\/p>\n<p class=\"ap-StoryElement ap-StoryElement--mb ap-StoryText\">Le lire, c&rsquo;est \u00e9galement c\u00f4toyer Mitterrand, Daniel Ceccaldi et Jacques Chaban-Delmas dont l&rsquo;enfant ramassait les balles de tennis perdues, ou Jacques Pr\u00e9vert, \u00e0 qui il consacra une biographie, c&rsquo;est passer de l&rsquo;intimit\u00e9 \u00e9crasante d&rsquo;une famille brillante au bouillonnement culturel d&rsquo;une \u00e9poque en pleine effervescence, c&rsquo;est d\u00e9couvrir, surtout, un homme \u00e0 livre ouvert, un enfant toujours en mal de m\u00e8re.<\/p>\n<p class=\"ap-StoryElement ap-StoryElement--mb ap-StoryText\"><b>L&rsquo;enfant \u00e0 la t\u00eate baiss\u00e9e <\/b>| Roman | Alexis Salatko | Deno\u00ebl, 352 pp., 21 \u20ac, num\u00e9rique 15 \u20ac.<\/p>\n","protected":false},"excerpt":{"rendered":"Alexis Salatko grandit \u00e0 Cherbourg, dans la maison Black House, aux allures de manoir, qui fit office de&hellip;\n","protected":false},"author":2,"featured_media":362969,"comment_status":"","ping_status":"","sticky":false,"template":"","format":"standard","meta":{"footnotes":""},"categories":[1357],"tags":[49796,1379,49797,58,2005,59,1011,27,49798,1351,1380,9026,49799],"class_list":{"0":"post-362968","1":"post","2":"type-post","3":"status-publish","4":"format-standard","5":"has-post-thumbnail","7":"category-livres","8":"tag-alexis-salatko","9":"tag-books","10":"tag-denoel","11":"tag-divertissement","12":"tag-ecrivain","13":"tag-entertainment","14":"tag-fr","15":"tag-france","16":"tag-garault","17":"tag-litterature","18":"tag-livres","19":"tag-portrait","20":"tag-salatko"},"share_on_mastodon":{"url":"https:\/\/pubeurope.com\/@fr\/115139791119280112","error":""},"_links":{"self":[{"href":"https:\/\/www.europesays.com\/fr\/wp-json\/wp\/v2\/posts\/362968","targetHints":{"allow":["GET"]}}],"collection":[{"href":"https:\/\/www.europesays.com\/fr\/wp-json\/wp\/v2\/posts"}],"about":[{"href":"https:\/\/www.europesays.com\/fr\/wp-json\/wp\/v2\/types\/post"}],"author":[{"embeddable":true,"href":"https:\/\/www.europesays.com\/fr\/wp-json\/wp\/v2\/users\/2"}],"replies":[{"embeddable":true,"href":"https:\/\/www.europesays.com\/fr\/wp-json\/wp\/v2\/comments?post=362968"}],"version-history":[{"count":0,"href":"https:\/\/www.europesays.com\/fr\/wp-json\/wp\/v2\/posts\/362968\/revisions"}],"wp:featuredmedia":[{"embeddable":true,"href":"https:\/\/www.europesays.com\/fr\/wp-json\/wp\/v2\/media\/362969"}],"wp:attachment":[{"href":"https:\/\/www.europesays.com\/fr\/wp-json\/wp\/v2\/media?parent=362968"}],"wp:term":[{"taxonomy":"category","embeddable":true,"href":"https:\/\/www.europesays.com\/fr\/wp-json\/wp\/v2\/categories?post=362968"},{"taxonomy":"post_tag","embeddable":true,"href":"https:\/\/www.europesays.com\/fr\/wp-json\/wp\/v2\/tags?post=362968"}],"curies":[{"name":"wp","href":"https:\/\/api.w.org\/{rel}","templated":true}]}}