{"id":362970,"date":"2025-09-03T10:02:11","date_gmt":"2025-09-03T10:02:11","guid":{"rendered":"https:\/\/www.europesays.com\/fr\/362970\/"},"modified":"2025-09-03T10:02:11","modified_gmt":"2025-09-03T10:02:11","slug":"mathieu-ceschin-face-aux-attaques-sur-la-gpa-il-repond-cash-une-honte","status":"publish","type":"post","link":"https:\/\/www.europesays.com\/fr\/362970\/","title":{"rendered":"Mathieu Ceschin face aux attaques sur la GPA, il r\u00e9pond cash, \u00ab\u00a0une honte\u00a0\u00bb"},"content":{"rendered":"<p>Par <a class=\"author_recette\" id=\"author_name\" href=\"https:\/\/www.nextplz.fr\/auteur\/mamy\" rel=\"nofollow noopener\" target=\"_blank\">Mamy Yves<br \/>\nRatsimbazafy<\/a> &#8211; Publi\u00e9 le 03 Sep 2025 \u00e0 11:05 &#8211; Modifi\u00e9 le<br \/>\n03 Sep 2025 \u00e0<br \/>\n11:05<\/p>\n<p class=\"article-intro excerpt\">M6 a diffus\u00e9 le premier \u00e9pisode de<br \/>\nla nouvelle saison de L\u2019amour est dans le pr\u00e9, la vie d\u2019apr\u00e8s,<br \/>\nmarqu\u00e9e par le t\u00e9moignage de Mathieu Ceschin ce mardi 2 septembre.<br \/>\nL\u2019\u00e9leveur qui a d\u00fb r\u00e9pondre \u00e0 des critiques concernant son recours<br \/>\n\u00e0 la GPA.<\/p>\n<p><img width=\"750\" height=\"410\" src=\"https:\/\/www.europesays.com\/fr\/wp-content\/uploads\/2025\/09\/mathieu-ceschin-750x410.jpg\" class=\"img-responsive alignnone size-full pinit-here zoom-it\" alt=\"L\u2019amour est dans le pr\u00e9 : Mathieu Ceschin face aux attaques sur la GPA, il r\u00e9pond cash, \" une=\"\" honte=\"\" fetchpriority=\"high\" data-lazyloading=\"false\" decoding=\"async\"\/><\/p>\n<p>\u00a9 Instagram<\/p>\n<p>La rentr\u00e9e t\u00e9l\u00e9visuelle sur M6 s\u2019est ouverte avec les 20 ans de<br \/>\nL\u2019amour est dans le pr\u00e9. <a href=\"https:\/\/www.nextplz.fr\/telerealite\/446962-mathieu-ceschin-lamour-pre-victime-mesaventure-fils-craint\" rel=\"nofollow noopener\" target=\"_blank\">La<br \/>\nsoir\u00e9e de ce lundi 1er septembre<\/a> a donc d\u00e9marr\u00e9 avec la<br \/>\ndiffusion de la suite des speed-datings en mettant en avant Oc\u00e9ane,<br \/>\nAnthony, Gilles ou encore Pierrick. Elle s\u2019est poursuivie avec<br \/>\nL\u2019amour vu du pr\u00e9, r\u00e9unissant d\u2019anciens candidats comme<br \/>\nLucile et J\u00e9r\u00f4me, avant de s\u2019achever avec L\u2019amour est dans le<br \/>\npr\u00e9, la vie d\u2019apr\u00e8s.<\/p>\n<p>Un projet de paternit\u00e9 men\u00e9 seul pour l\u2019ancien candidat de L\u2019Amour<br \/>\nest dans le pr\u00e9<\/p>\n<p>C\u2019est dans cette troisi\u00e8me partie de soir\u00e9e que les<br \/>\nt\u00e9l\u00e9spectateurs ont retrouv\u00e9 Mathieu Ceschin. Ce dernier qui a<br \/>\naccept\u00e9 de partager une \u00e9tape intime et importante de sa vie.<br \/>\nL\u2019ancien candidat de L\u2019Amour est dans le pr\u00e9 est ainsi revenu sur<br \/>\nson parcours de gestation pour autrui men\u00e9 en Colombie quelques<br \/>\njours avant la naissance de son fils Ezio. S\u00e9par\u00e9 d\u2019Alexandre qu\u2019il<br \/>\navait rencontr\u00e9 lors de son passage dans l\u2019\u00e9mission, le candidat de<br \/>\nla quinzi\u00e8me saison de L\u2019Amour est dans le pr\u00e9 n\u2019a jamais renonc\u00e9 \u00e0<br \/>\nson r\u00eave de devenir p\u00e8re. Un d\u00e9sir qui s\u2019est concr\u00e9tis\u00e9 avec<br \/>\nl\u2019arriv\u00e9e d\u2019Ezio comme il l\u2019a confi\u00e9 dans un t\u00e9moignage in\u00e9dit<br \/>\ndiffus\u00e9 par M6.<\/p>\n<p>Des r\u00e9actions<br \/>\ncontrast\u00e9es sur les r\u00e9seaux sociaux<\/p>\n<p>Au r\u00e9veil, Mathieu a donc pris la parole en story Instagram pour<br \/>\nr\u00e9agir aux messages re\u00e7us pendant la nuit. \u00ab J\u2019ai re\u00e7u quelques<br \/>\nmessages disant que c\u2019est une honte que M6 cautionne la diffusion<br \/>\nhier soir de l\u2019\u00e9mission sur mon parcours GPA \u00bb, a-t-il<br \/>\nd\u00e9plor\u00e9. L\u2019\u00e9leveur camarguais a ainsi publi\u00e9 un livre sur cette<br \/>\nexp\u00e9rience et a tenu \u00e0 rappeler sa fiert\u00e9 : \u00ab Je suis fier<br \/>\nqu\u2019une grande cha\u00eene assume ce choix d\u2019informer et de montrer<br \/>\nl\u2019amour. Merci aux \u00e9quipes de L\u2019amour est dans le pr\u00e9<br \/>\nd\u2019avoir brav\u00e9 les temp\u00eates \u00bb.<\/p>\n<p>Un homme soutenu par son<br \/>\npublic<\/p>\n<p>Si certaines critiques persistent, les chiffres d\u2019audience<br \/>\nmontrent que l\u2019int\u00e9r\u00eat du public pour <a href=\"https:\/\/fr.wikipedia.org\/wiki\/L\" amour_est_dans_le_pr=\"\" target=\"_blank\" rel=\"nofollow noopener\">L\u2019Amour est dans le pr\u00e9<\/a> est bien r\u00e9el. Plus de 3<br \/>\nmillions de t\u00e9l\u00e9spectateurs ont en effet suivi les deux premi\u00e8res<br \/>\nparties de la soir\u00e9e et une partie d\u2019entre eux est rest\u00e9e pour<br \/>\nd\u00e9couvrir ce portrait in\u00e9dit. \u00c0 en croire les centaines de messages<br \/>\nde soutien re\u00e7us par Mathieu, l\u2019\u00e9motion et l\u2019espoir ont largement<br \/>\npris le pas sur la pol\u00e9mique.<\/p>\n","protected":false},"excerpt":{"rendered":"Par Mamy Yves Ratsimbazafy &#8211; Publi\u00e9 le 03 Sep 2025 \u00e0 11:05 &#8211; Modifi\u00e9 le 03 Sep 2025&hellip;\n","protected":false},"author":2,"featured_media":362971,"comment_status":"","ping_status":"","sticky":false,"template":"","format":"standard","meta":{"footnotes":""},"categories":[1356],"tags":[58,59,1011,27,252,1364],"class_list":{"0":"post-362970","1":"post","2":"type-post","3":"status-publish","4":"format-standard","5":"has-post-thumbnail","7":"category-television","8":"tag-divertissement","9":"tag-entertainment","10":"tag-fr","11":"tag-france","12":"tag-television","13":"tag-tv"},"share_on_mastodon":{"url":"https:\/\/pubeurope.com\/@fr\/115139795341230095","error":""},"_links":{"self":[{"href":"https:\/\/www.europesays.com\/fr\/wp-json\/wp\/v2\/posts\/362970","targetHints":{"allow":["GET"]}}],"collection":[{"href":"https:\/\/www.europesays.com\/fr\/wp-json\/wp\/v2\/posts"}],"about":[{"href":"https:\/\/www.europesays.com\/fr\/wp-json\/wp\/v2\/types\/post"}],"author":[{"embeddable":true,"href":"https:\/\/www.europesays.com\/fr\/wp-json\/wp\/v2\/users\/2"}],"replies":[{"embeddable":true,"href":"https:\/\/www.europesays.com\/fr\/wp-json\/wp\/v2\/comments?post=362970"}],"version-history":[{"count":0,"href":"https:\/\/www.europesays.com\/fr\/wp-json\/wp\/v2\/posts\/362970\/revisions"}],"wp:featuredmedia":[{"embeddable":true,"href":"https:\/\/www.europesays.com\/fr\/wp-json\/wp\/v2\/media\/362971"}],"wp:attachment":[{"href":"https:\/\/www.europesays.com\/fr\/wp-json\/wp\/v2\/media?parent=362970"}],"wp:term":[{"taxonomy":"category","embeddable":true,"href":"https:\/\/www.europesays.com\/fr\/wp-json\/wp\/v2\/categories?post=362970"},{"taxonomy":"post_tag","embeddable":true,"href":"https:\/\/www.europesays.com\/fr\/wp-json\/wp\/v2\/tags?post=362970"}],"curies":[{"name":"wp","href":"https:\/\/api.w.org\/{rel}","templated":true}]}}