{"id":362972,"date":"2025-09-03T10:03:10","date_gmt":"2025-09-03T10:03:10","guid":{"rendered":"https:\/\/www.europesays.com\/fr\/362972\/"},"modified":"2025-09-03T10:03:10","modified_gmt":"2025-09-03T10:03:10","slug":"celine-dion-devait-bel-et-bien-chanter-lors-de-cet-evenement-mais-elle-a-immediatement-quitte-les-lieux-et-repris-un-jet-pour-las-vegas","status":"publish","type":"post","link":"https:\/\/www.europesays.com\/fr\/362972\/","title":{"rendered":"C\u00e9line Dion devait bel et bien chanter lors de cet \u00e9v\u00e9nement mais&#8230; \u00ab\u00a0Elle a imm\u00e9diatement quitt\u00e9 les lieux et repris un jet pour Las Vegas\u00a0\u00bb"},"content":{"rendered":"<p>La suite apr\u00e8s la publicit\u00e9<\/p>\n<p>Le 17 mai 2025 devait marquer un moment symbolique : <a href=\"https:\/\/www.purepeople.com\/people\/celine-dion_p53\" rel=\"nofollow noopener\" target=\"_blank\">C\u00e9line Dion<\/a>, victorieuse de l\u2019Eurovision 1988 pour la Suisse avec Ne partez pas sans moi, avait accept\u00e9 de revenir chanter ce titre culte lors du concours organis\u00e9 cette ann\u00e9e \u00e0 B\u00e2le. <strong>Les fans attendaient avec \u00e9motion ce retour sur sc\u00e8ne<\/strong>, signe d\u2019un possible renouveau artistique apr\u00e8s plusieurs ann\u00e9es d\u2019\u00e9preuves li\u00e9es \u00e0 sa maladie rare, le syndrome de l\u2019homme raide.<\/p>\n<p>Comme le r\u00e9v\u00e8le Le Parisien, la chanteuse \u00e9tait bien arriv\u00e9e en jet priv\u00e9, et un extrait de ses r\u00e9p\u00e9titions avait m\u00eame \u00e9t\u00e9 diffus\u00e9 en interne. <strong>Mais l\u2019espoir a rapidement laiss\u00e9 place \u00e0 l\u2019inqui\u00e9tude : victime d\u2019une crise invalidante en coulisses, semblable \u00e0 celles montr\u00e9es dans le documentaire <\/strong><strong>Je suis : C\u00e9line Dion<\/strong><strong>, <\/strong><a href=\"https:\/\/www.purepeople.com\/article\/celine-dion-empechee-de-participer-a-leurovision-mise-au-point-importante_a538301\/1\" rel=\"nofollow noopener\" target=\"_blank\"><strong>elle n\u2019a pas pu assurer sa prestation<\/strong><\/a>. Quelques heures apr\u00e8s son arriv\u00e9e, elle repartait d\u00e9j\u00e0 pour Las Vegas. Cet \u00e9pisode rappelle combien la star, malgr\u00e9 ses apparitions publiques r\u00e9centes \u2013 <a href=\"https:\/\/www.purepeople.com\/article\/celine-dion-entouree-de-ses-3-garcons-sortie-surprise-et-moment-magique-pour-la-chanteuse-ses-jumeaux-de-15-ans-ont-tellement-change_a539098\/1\" rel=\"nofollow noopener\" target=\"_blank\">notamment \u00e0 un concert de Coldplay<\/a> \u2013 reste fragile et encore loin d\u2019un retour complet sur sc\u00e8ne.<\/p>\n<p>Depuis plusieurs mois, celle qui a \u00e9t\u00e9 r\u00e9cemment tr\u00e8s affect\u00e9e personnellement entretient pourtant l\u2019id\u00e9e d\u2019un come-back. <strong>Son r\u00eave \u00e9tait de se tester \u00e0 Las Vegas l\u2019hiver dernier, avant de retrouver Paris La D\u00e9fense Arena \u00e0 l\u2019automne 2025<\/strong>, en marge de la Fashion Week, pour une s\u00e9rie de dix concerts. Mais les reports successifs se sont multipli\u00e9s : d\u2019abord en janvier 2026, puis en juin de la m\u00eame ann\u00e9e. Selon son entourage, rien n\u2019est garanti \u00e0 ce jour.<\/p>\n<p>Un documentaire \u00e0 ne pas rater\u00a0<\/p>\n<p>Alors que ses projets sc\u00e9niques restent incertains, l\u2019actualit\u00e9 de C\u00e9line Dion se vit d\u00e9sormais \u00e0 travers l\u2019\u00e9cran. <strong>M6 diffuse ce 3 septembre un documentaire exceptionnel consacr\u00e9 aux 30 ans de <\/strong><strong>D\u2019eux<\/strong>, l\u2019album francophone le plus vendu de l\u2019histoire avec plus de dix millions d\u2019exemplaires \u00e9coul\u00e9s.<\/p>\n<p>R\u00e9alis\u00e9 par Nicolas Perge, ce film de 1h48 revient sur la gen\u00e8se de ce disque mythique \u00e9crit et compos\u00e9 par Jean-Jacques Goldman.<strong> La chanteuse y appara\u00eet dans une interview enregistr\u00e9e en mai 2025 \u00e0 Las Vegas, men\u00e9e par sa manageuse de longue date, Val\u00e9rie Michelin<\/strong>. Pour le r\u00e9alisateur, la collaboration s\u2019est faite dans une grande libert\u00e9 : \u00ab\u00a0On a rencontr\u00e9 Val\u00e9rie Michelin en septembre dernier et, lorsqu\u2019elle a transmis notre proposition, la chanteuse l\u2019a tout de suite accept\u00e9e, pr\u00e9cise le r\u00e9alisateur de ce copieux documentaire de 1h48 avec de nombreux intervenants. Et ils n\u2019ont rien demand\u00e9 de couper de l\u2019enregistrement. <strong>On a tent\u00e9 d\u2019avoir Jean-Jacques Goldman, \u00e9videmment. Il estime qu\u2019il en a assez parl\u00e9<\/strong>, mais il nous a donn\u00e9 acc\u00e8s \u00e0 ses maquettes de chansons et \u00e0 des images in\u00e9dites\u00a0\u00bb. <a href=\"https:\/\/www.purepeople.com\/article\/celine-dion-fait-un-retour-remarque-jean-jacques-goldman-na-pas-souhaite-apparaitre-dans-le-documentaire-mais_a541855\/1\" rel=\"nofollow noopener\" target=\"_blank\">Bien qu\u2019il ait refus\u00e9 d\u2019appara\u00eetre devant la cam\u00e9ra, Goldman a jou\u00e9 un r\u00f4le discret mais essentiel dans le projet.\u00a0<\/a><\/p>\n<p>Les rumeurs d&rsquo;un nouvel album enflent<\/p>\n<p>Ces derni\u00e8res semaines, <strong>des rumeurs ont circul\u00e9 sur une possible collaboration \u00e0 grande \u00e9chelle entre C\u00e9line Dion et <\/strong><a href=\"https:\/\/www.purepeople.com\/people\/jean-jacques-goldman_p288\" rel=\"nofollow noopener\" target=\"_blank\"><strong>Jean-Jacques Goldman<\/strong><\/a> pour un futur disque en fran\u00e7ais. <strong>Mais l\u2019entourage du chanteur a rapidement d\u00e9menti<\/strong> : \u00ab\u00a0Jean-Jacques ne travaille absolument pas sur un album complet de C\u00e9line Dion, pr\u00e9cise-t-on \u00e0 nos confr\u00e8re du quotidien. Il a \u00e9crit en 2021 deux chansons pour un \u00e9ventuel prochain album en fran\u00e7ais. Une des deux a \u00e9t\u00e9 accept\u00e9e, mais on ne sait pas si elle a \u00e9t\u00e9 enregistr\u00e9e\u00a0\u00bb.\u00a0<\/p>\n<p>Pour les admirateurs de <a href=\"https:\/\/www.purepeople.com\/article\/celine-dion-surmonte-son-inquietude-et-donne-sa-benediction-a-son-fils-eddy-lance-dans-une-discipline-en-plein-essor_a535112\/1\" rel=\"nofollow noopener\" target=\"_blank\">celle qui a r\u00e9cemment donn\u00e9 la b\u00e9n\u00e9diction \u00e0 son fils Eddy<\/a>, ce documentaire constitue donc un moment ultra privil\u00e9gi\u00e9. Sa parole, devenue rare en raison de sa maladie, reprend ici tout son \u00e9clat, m\u00ealant humour, \u00e9motion et sinc\u00e9rit\u00e9. <strong>Et si son grand retour sc\u00e9nique tarde \u00e0 se concr\u00e9tiser, sa voix et ses souvenirs continuent de vibrer \u00e0 travers ce film qui c\u00e9l\u00e8bre un album ayant marqu\u00e9 plusieurs g\u00e9n\u00e9rations<\/strong>.<\/p>\n","protected":false},"excerpt":{"rendered":"La suite apr\u00e8s la publicit\u00e9 Le 17 mai 2025 devait marquer un moment symbolique : C\u00e9line Dion, victorieuse&hellip;\n","protected":false},"author":2,"featured_media":362973,"comment_status":"","ping_status":"","sticky":false,"template":"","format":"standard","meta":{"footnotes":""},"categories":[1355],"tags":[58,59,1011,27,1361,873],"class_list":{"0":"post-362972","1":"post","2":"type-post","3":"status-publish","4":"format-standard","5":"has-post-thumbnail","7":"category-musique","8":"tag-divertissement","9":"tag-entertainment","10":"tag-fr","11":"tag-france","12":"tag-music","13":"tag-musique"},"share_on_mastodon":{"url":"https:\/\/pubeurope.com\/@fr\/115139798914853932","error":""},"_links":{"self":[{"href":"https:\/\/www.europesays.com\/fr\/wp-json\/wp\/v2\/posts\/362972","targetHints":{"allow":["GET"]}}],"collection":[{"href":"https:\/\/www.europesays.com\/fr\/wp-json\/wp\/v2\/posts"}],"about":[{"href":"https:\/\/www.europesays.com\/fr\/wp-json\/wp\/v2\/types\/post"}],"author":[{"embeddable":true,"href":"https:\/\/www.europesays.com\/fr\/wp-json\/wp\/v2\/users\/2"}],"replies":[{"embeddable":true,"href":"https:\/\/www.europesays.com\/fr\/wp-json\/wp\/v2\/comments?post=362972"}],"version-history":[{"count":0,"href":"https:\/\/www.europesays.com\/fr\/wp-json\/wp\/v2\/posts\/362972\/revisions"}],"wp:featuredmedia":[{"embeddable":true,"href":"https:\/\/www.europesays.com\/fr\/wp-json\/wp\/v2\/media\/362973"}],"wp:attachment":[{"href":"https:\/\/www.europesays.com\/fr\/wp-json\/wp\/v2\/media?parent=362972"}],"wp:term":[{"taxonomy":"category","embeddable":true,"href":"https:\/\/www.europesays.com\/fr\/wp-json\/wp\/v2\/categories?post=362972"},{"taxonomy":"post_tag","embeddable":true,"href":"https:\/\/www.europesays.com\/fr\/wp-json\/wp\/v2\/tags?post=362972"}],"curies":[{"name":"wp","href":"https:\/\/api.w.org\/{rel}","templated":true}]}}