{"id":362974,"date":"2025-09-03T10:04:10","date_gmt":"2025-09-03T10:04:10","guid":{"rendered":"https:\/\/www.europesays.com\/fr\/362974\/"},"modified":"2025-09-03T10:04:10","modified_gmt":"2025-09-03T10:04:10","slug":"28-ans-plus-tard-le-temple-des-morts-bande-annonce-de-la-suite-sur-ralph-fiennes-vf-portail-orange","status":"publish","type":"post","link":"https:\/\/www.europesays.com\/fr\/362974\/","title":{"rendered":"28 Ans Plus Tard : Le Temple Des Morts : bande-annonce de la suite sur Ralph Fiennes (VF) &#8211; Portail Orange"},"content":{"rendered":"<ol>\n<li><a href=\"https:\/\/news.google.com\/rss\/articles\/CBMi3AFBVV95cUxNQzY5T1dOd1hxVjVHU2NNQkt6R19wWEpCUGVCU0VOMDl1ZFloNUNMaXBRaHRNbmxsaDZwYjV4WU9LQUpfTmpCSzg5QjV3Z0g1NkpIeFduVlYyRkczaXVUWWRqTzBEME5FQy1hQ3psRHp1S0RRdXZPaU1jVmw4dXlkQlJsWVEwWWp2b0tseDJyeklsMU5MVHUxaGVGQ1BmV2t0aEY0UEk3SUY1ZXBKUGJyXzI3cUNHLUZjMVlEcndabFFWaVVSV0lRNW1YYTVRTGYyNDFBblo2b1hGZ1p4?oc=5\" target=\"_blank\" rel=\"nofollow noopener\">28 Ans Plus Tard : Le Temple Des Morts : bande-annonce de la suite sur Ralph Fiennes (VF)<\/a>&nbsp;&nbsp;Portail Orange<\/li>\n<li><a href=\"https:\/\/news.google.com\/rss\/articles\/CBMifkFVX3lxTFAyU1FMTWJqbFZaOW9XemkyUWFTWFZJNW1tYTBYQTRGX2EwQU9wcnhwU01QZDhGVjF4c3A5Y0RMNXBRd1NmZGhQQzV3amRMWi1HSWVHV1NxWTJTNWs5WGh2UGt3bXhWeXVOckpncWN2cy1jV3RWWktqejlzbEczQQ?oc=5\" target=\"_blank\" rel=\"nofollow noopener\">28 ans plus tard 2 : la bande-annonce de la suite de la saga horrifique est d\u00e9j\u00e0 l\u00e0 !<\/a>&nbsp;&nbsp;AlloCin\u00e9<\/li>\n<li><a href=\"https:\/\/news.google.com\/rss\/articles\/CBMikAFBVV95cUxOMENrY0JiUUZSM3l3WFExRmVoRWhCWTEwdUZTNEhkc052b2xZc0xIY2haTWFOYTZucnZ4Q3o5NG1RWV8yU3ZOTmRCQTZFVk5QTzRzQUdpc1c1WkM0MExObnl6R2NKaUpwMkl0YmstNzNmN05tSW9xeVNMTzJRLU1TcE8xLUo3ZjUzNVVybXhnOC0?oc=5\" target=\"_blank\" rel=\"nofollow noopener\">28 ans plus tard : premi\u00e8res images de la suite, The Bone Temple<\/a>&nbsp;&nbsp;Ecran Large<\/li>\n<li><a href=\"https:\/\/news.google.com\/rss\/articles\/CBMisAFBVV95cUxQNzlVVHF4N2cwZU9BV294NWNGWjYtTG1GSnlJSmRaWDEwSk9IakpXakQxd0lfNXpDc3JIejc3cHNnOXlkWWtweHpjeHVjMTJuVUpTeGc3NHg1a3pHM2tZRHdGNldaZXpQY2wzN3lNRWxGOGVXMWpuREREMFBqSTNWcHdaNmJ6dVpJY2xFelZ4ZVk5OS05RjNxbXBsbzBGR2t5cXI5UGRrWkJRQXlfZEIzMQ?oc=5\" target=\"_blank\" rel=\"nofollow noopener\">28 Ans Plus Tard, Ralph Fiennes et son Temple Des Morts : bande-annonce<\/a>&nbsp;&nbsp;Premi\u00e8re<\/li>\n<\/ol>\n","protected":false},"excerpt":{"rendered":"28 Ans Plus Tard : Le Temple Des Morts : bande-annonce de la suite sur Ralph Fiennes (VF)&nbsp;&nbsp;Portail&hellip;\n","protected":false},"author":2,"featured_media":362975,"comment_status":"","ping_status":"","sticky":false,"template":"","format":"standard","meta":{"footnotes":""},"categories":[1354],"tags":[58,59,1346,1011,27,1360],"class_list":{"0":"post-362974","1":"post","2":"type-post","3":"status-publish","4":"format-standard","5":"has-post-thumbnail","7":"category-films","8":"tag-divertissement","9":"tag-entertainment","10":"tag-films","11":"tag-fr","12":"tag-france","13":"tag-movies"},"share_on_mastodon":{"url":"https:\/\/pubeurope.com\/@fr\/115139802873762785","error":""},"_links":{"self":[{"href":"https:\/\/www.europesays.com\/fr\/wp-json\/wp\/v2\/posts\/362974","targetHints":{"allow":["GET"]}}],"collection":[{"href":"https:\/\/www.europesays.com\/fr\/wp-json\/wp\/v2\/posts"}],"about":[{"href":"https:\/\/www.europesays.com\/fr\/wp-json\/wp\/v2\/types\/post"}],"author":[{"embeddable":true,"href":"https:\/\/www.europesays.com\/fr\/wp-json\/wp\/v2\/users\/2"}],"replies":[{"embeddable":true,"href":"https:\/\/www.europesays.com\/fr\/wp-json\/wp\/v2\/comments?post=362974"}],"version-history":[{"count":0,"href":"https:\/\/www.europesays.com\/fr\/wp-json\/wp\/v2\/posts\/362974\/revisions"}],"wp:featuredmedia":[{"embeddable":true,"href":"https:\/\/www.europesays.com\/fr\/wp-json\/wp\/v2\/media\/362975"}],"wp:attachment":[{"href":"https:\/\/www.europesays.com\/fr\/wp-json\/wp\/v2\/media?parent=362974"}],"wp:term":[{"taxonomy":"category","embeddable":true,"href":"https:\/\/www.europesays.com\/fr\/wp-json\/wp\/v2\/categories?post=362974"},{"taxonomy":"post_tag","embeddable":true,"href":"https:\/\/www.europesays.com\/fr\/wp-json\/wp\/v2\/tags?post=362974"}],"curies":[{"name":"wp","href":"https:\/\/api.w.org\/{rel}","templated":true}]}}