{"id":362981,"date":"2025-09-03T10:08:10","date_gmt":"2025-09-03T10:08:10","guid":{"rendered":"https:\/\/www.europesays.com\/fr\/362981\/"},"modified":"2025-09-03T10:08:10","modified_gmt":"2025-09-03T10:08:10","slug":"chatgpt-en-panne-lia-indisponible-pour-de-nombreux-utilisateurs","status":"publish","type":"post","link":"https:\/\/www.europesays.com\/fr\/362981\/","title":{"rendered":"ChatGPT en panne, l\u2019IA indisponible pour de nombreux utilisateurs"},"content":{"rendered":"<p>Depuis ce mercredi matin, des milliers d\u2019internautes signalent ne plus parvenir \u00e0 utiliser l\u2019outil d\u2019intelligence artificielle d\u2019OpenAI. Un probl\u00e8me confirm\u00e9 par l\u2019entreprise.<\/p>\n<p class=\"fig-paragraph\">\u00abTout le monde se pr\u00e9cipite sur X pour v\u00e9rifier si\u00a0<a href=\"http:\/\/www.lefigaro.fr\/secteur\/high-tech\/chatgpt-va-instaurer-un-controle-parental-annonce-openai-20250902\" target=\"_blank\" data-fig-type=\"NewsFlash\" rel=\"noopener\" data-gtm-custom-categorie=\"navigation\" data-gtm-custom-action=\"crossclick\" data-gtm-custom-label=\"Contextuel\" data-gtm-event=\"customEventSPE\" data-fig-domain=\"LEFIGARO\">ChatGPT<\/a> \u00a0est bien en panne\u00bb, \u00e9crit un internaute sur le r\u00e9seau social d\u2019Elon Musk. \u00abPeu importe ce que j\u2019\u00e9cris, l\u2019outil ne me r\u00e9pond pas. C\u2019est d\u00e9j\u00e0 ma vingti\u00e8me tentative de conversation\u00bb, se d\u00e9sole un autre. Depuis plusieurs heures ce mercredi, les messages se multiplient sur les r\u00e9seaux sociaux pour signaler des difficult\u00e9s d\u2019acc\u00e8s \u00e0 ChatGPT. Le site DownDetector, qui recense en temps r\u00e9el les signalements de pannes, a enregistr\u00e9 un pic aux alentours de 9h45, avec plus de 840 alertes.<\/p>\n<p class=\"fig-paragraph\">OpenAI, la soci\u00e9t\u00e9 m\u00e8re de ChatGPT, a par ailleurs confirm\u00e9 \u00eatre au courant du probl\u00e8me sur sa page officielle de suivi de ses services. \u00abNous rencontrons actuellement des difficult\u00e9s\u00a0: ChatGPT ne renvoie pas de r\u00e9ponses\u00bb, indique l\u2019entreprise am\u00e9ricaine. Elle pr\u00e9cise qu\u2019il s\u2019agit d\u2019une \u00abpanne partielle\u00bb affectant aussi bien la version web que l\u2019application mobile. Les autres services d\u2019OpenAI, eux, ne semblent pas concern\u00e9s par cette panne.<\/p>\n","protected":false},"excerpt":{"rendered":"Depuis ce mercredi matin, des milliers d\u2019internautes signalent ne plus parvenir \u00e0 utiliser l\u2019outil d\u2019intelligence artificielle d\u2019OpenAI. Un&hellip;\n","protected":false},"author":2,"featured_media":362982,"comment_status":"","ping_status":"","sticky":false,"template":"","format":"standard","meta":{"footnotes":""},"categories":[7],"tags":[141,1011,27,10899,43,40,41,39,42,44],"class_list":{"0":"post-362981","1":"post","2":"type-post","3":"status-publish","4":"format-standard","5":"has-post-thumbnail","7":"category-sciences-et-technologies","8":"tag-chatgpt","9":"tag-fr","10":"tag-france","11":"tag-panne","12":"tag-science","13":"tag-science-and-technology","14":"tag-sciences","15":"tag-sciences-et-technologies","16":"tag-technologies","17":"tag-technology"},"share_on_mastodon":{"url":"https:\/\/pubeurope.com\/@fr\/115139818613008995","error":""},"_links":{"self":[{"href":"https:\/\/www.europesays.com\/fr\/wp-json\/wp\/v2\/posts\/362981","targetHints":{"allow":["GET"]}}],"collection":[{"href":"https:\/\/www.europesays.com\/fr\/wp-json\/wp\/v2\/posts"}],"about":[{"href":"https:\/\/www.europesays.com\/fr\/wp-json\/wp\/v2\/types\/post"}],"author":[{"embeddable":true,"href":"https:\/\/www.europesays.com\/fr\/wp-json\/wp\/v2\/users\/2"}],"replies":[{"embeddable":true,"href":"https:\/\/www.europesays.com\/fr\/wp-json\/wp\/v2\/comments?post=362981"}],"version-history":[{"count":0,"href":"https:\/\/www.europesays.com\/fr\/wp-json\/wp\/v2\/posts\/362981\/revisions"}],"wp:featuredmedia":[{"embeddable":true,"href":"https:\/\/www.europesays.com\/fr\/wp-json\/wp\/v2\/media\/362982"}],"wp:attachment":[{"href":"https:\/\/www.europesays.com\/fr\/wp-json\/wp\/v2\/media?parent=362981"}],"wp:term":[{"taxonomy":"category","embeddable":true,"href":"https:\/\/www.europesays.com\/fr\/wp-json\/wp\/v2\/categories?post=362981"},{"taxonomy":"post_tag","embeddable":true,"href":"https:\/\/www.europesays.com\/fr\/wp-json\/wp\/v2\/tags?post=362981"}],"curies":[{"name":"wp","href":"https:\/\/api.w.org\/{rel}","templated":true}]}}