{"id":362983,"date":"2025-09-03T10:09:11","date_gmt":"2025-09-03T10:09:11","guid":{"rendered":"https:\/\/www.europesays.com\/fr\/362983\/"},"modified":"2025-09-03T10:09:11","modified_gmt":"2025-09-03T10:09:11","slug":"des-blocages-partout-en-france-la-carte-des-mobilisations","status":"publish","type":"post","link":"https:\/\/www.europesays.com\/fr\/362983\/","title":{"rendered":"des blocages partout en France\u00a0? La carte des mobilisations"},"content":{"rendered":"<p>                    <a title=\"\" href=\"https:\/\/www.europesays.com\/fr\/wp-content\/uploads\/2025\/09\/79751052.jpg\" class=\"fancy\"><\/p>\n<p>                            <img loading=\"lazy\" decoding=\"async\" src=\"https:\/\/www.europesays.com\/fr\/wp-content\/uploads\/2025\/09\/79751052.jpg\" alt=\"10\u00a0septembre 2025\u00a0: des blocages partout en France\u00a0? La carte des mobilisations\" width=\"1500\" height=\"1000\"\/><\/p>\n<p>                    <\/a><\/p>\n<p>                L&rsquo;appel du mouvement \u00ab\u00a0Bloquons Tout\u00a0\u00bb \u00e0 la mobilisation le 10\u00a0septembre 2025\u00a0a \u00e9t\u00e9 entendu par plusieurs collectifs locaux qui pr\u00e9parent des actions nombreuses et diverses sur l&rsquo;ensemble du territoire. A quelles mobilisations faut-il s&rsquo;attendre\u00a0?<\/p>\n<p>La tension monte \u00e0 mesure que la date du 10 septembre approche. Les appels \u00e0 la mobilisation du collectif \u00ab\u00a0Bloquons Tout\u00a0\u00bb continuent d&rsquo;\u00eatre diffus\u00e9s et repris et des r\u00e9unions pr\u00e9paratoires pour les diff\u00e9rentes actions \u00e0 l&rsquo;\u00e9chelle locale sont organis\u00e9s un peu partout en\u00a0France. Rassemblements, blocages, actions de sabotage&#8230; Le mouvement du mercredi 10 septembre devrait prendre plusieurs formes, dont certaines inqui\u00e8tent les services de renseignements.<\/p>\n<p>Les appels \u00e0 la mobilisation du 10 septembre, lanc\u00e9s d\u00e8s le mois de mai, ont \u00e9t\u00e9 massivement repris depuis la mi-juillet,\u00a0apr\u00e8s les annonces budg\u00e9taires de Fran\u00e7ois Bayrou.\u00a0\u00ab\u00a0Ce mouvement est n\u00e9 parce qu&rsquo;on en a marre\u00a0\u00bb, pouvait-on lire\u00a0sur <a href=\"https:\/\/mobilisation10septembre.blog\/\" target=\"_blank\" rel=\"nofollow noopener\">le\u00a0site internet mobilisation10septembre<\/a>, d\u00e9sormais inaccessible.\u00a0\u00ab\u00a0Marre de voir Bayrou d\u00e9truire ce qu&rsquo;il reste de justice et de solidarit\u00e9. Assez des coupes, assez des sacrifices toujours impos\u00e9s aux m\u00eames, assez de l\u2019aust\u00e9rit\u00e9 qui \u00e9crase les gens pendant que les puissants continuent tranquilles\u00a0\u00bb. Une col\u00e8re qui a re\u00e7u le soutien de plusieurs partis politique de gauche et d&rsquo;une poign\u00e9e de syndicats (la CGT, SUD et Conf\u00e9d\u00e9ration paysanne). De quoi renforcer le mouvement ?\u00a0<\/p>\n<p>La carte des mobilisations du 10 septembre 2025<\/p>\n<p>Le mouvement du 10 septembre, structur\u00e9 sur le site <a href=\"https:\/\/indignonsnous.fr\/\" target=\"_blank\" rel=\"nofollow noopener\">indignonsnous.fr<\/a>, n&rsquo;est pas sans rappeler les d\u00e9buts du mouvement des Gilets jaunes n\u00e9\u00a0en novembre 2018\u00a0contre la hausse du prix des carburants : m\u00eame logique de blocage, m\u00eame appel \u00e0 la mobilisation sans les structures syndicales. Mais aura-t-il la m\u00eame force ? Le collectif citoyen derri\u00e8re la mobilisation multiplie les id\u00e9es des mobilisations sur les r\u00e9seaux sociaux, sans qu&rsquo;une organisation pr\u00e9cise ne voit le jour. Une absence de leadership confirm\u00e9e dans une note des services de renseignement consult\u00e9e par <a href=\"https:\/\/www.leparisien.fr\/faits-divers\/mouvement-du-10-septembre-greves-blocages-sabotages-la-note-dalerte-des-services-de-renseignement-02-09-2025-2EUT4PQTFNHGTKWTYAH53WBANQ.php?ts=1756887419718\" target=\"_blank\" rel=\"nofollow noopener\">Le Parisien<\/a>.<\/p>\n<p>Les actions de 10 septembre semblent principalement s&rsquo;organiser par des collectifs locaux, dont \u00ab\u00a0la dynamique actuelle repose principalement sur des militants associatifs, politiques, certains notamment\u00a0issus de la mouvance d\u2019ultragauche\u00a0et de certaines fractions syndicales\u00a0\u00bb, selon les renseignements territoriaux. L&rsquo;organisation des mobilisations passe essentiellement par des messageries crypt\u00e9es sur Telegram ou Signal \u00ab\u00a0avec des canaux distincts pour chaque section locale\u00a0\u00bb tous recens\u00e9s sur une carte du site Indignons-nous.<\/p>\n<\/p>\n<p>Plusieurs dizaines de mobilisations sont d\u00e9j\u00e0 renseign\u00e9es sur une autre carte, distinguant les manifestations et rassemblements des actions de blocage. Les principales villes de France sont concern\u00e9es, mais des actions se pr\u00e9parent \u00ab\u00a0en tous points du territoire, dans les villages comme dans les grandes agglom\u00e9rations\u00a0\u00bb d&rsquo;apr\u00e8s les renseignements. Concernant les actions de blocages, elles semblent se concentrer sur des points strat\u00e9giques : le port du Havre, les raffineries d&rsquo;Ile-de-France, les d\u00e9p\u00f4ts p\u00e9troliers de plusieurs r\u00e9gions&#8230; Si aucun blocage concernant des axes routiers n&rsquo;a \u00e9t\u00e9 \u00e9voqu\u00e9 pour l&rsquo;heure, certaines initiatives locales pourraient opter pour ce genre d&rsquo;action le 10 septembre.<\/p>\n<p>Quelles sont les mobilisations\u00a0pr\u00e9vues le 10 septembre ?\u00a0 Trois \u00ab\u00a0modes d&rsquo;actions\u00a0\u00bb annonc\u00e9s<\/p>\n<p>\u00ab\u00a0Bloquons tout, \u00e7a veut dire des manifestations, des blocages de supermarch\u00e9s ou de stations-service\u00a0\u00bb, expliquent plusieurs internautes sur X au sujet du mouvement du 10 septembre.\u00a0Mais la mobilisation risque surtout de s&rsquo;exprimer \u00e0 travers des blocages et des occupations de lieux, plus que par des manifestations traditionnelles sur le voie publique qui sont \u00ab\u00a0peu pris\u00e9es des contestataires\u00a0\u00bb selon\u00a0la note des renseignement territoriaux : des centres commerciaux et des entrep\u00f4ts de grandes entreprises bloqu\u00e9es, des universit\u00e9s occup\u00e9es, des a\u00e9roports et des gares cibl\u00e9s&#8230;\u00a0<\/p>\n<p>A l&rsquo;origine, le collectif citoyen a appel\u00e9 \u00e0 \u00ab\u00a0un arr\u00eat total du pays\u00a0\u00bb qu&rsquo;il pr\u00e9sente comme une action\u00a0\u00ab\u00a0pacifique pour d\u00e9noncer les injustices et reprendre le pouvoir collectivement\u00a0\u00bb. Les organisateurs ont ensuite annonc\u00e9\u00a0trois \u00ab\u00a0modes d&rsquo;action\u00a0\u00bb : le boycott, la d\u00e9sob\u00e9issance et la \u00ab\u00a0solidarit\u00e9 citoyenne\u00a0\u00bb.\u00a0Le boycott est un appel \u00e0 se d\u00e9tacher du syst\u00e8me capitaliste : cesser les achats dans les grandes surfaces, retirer son argent des banques, limiter la consommation (essence, fast-fashion\u2026)\u00a0et arr\u00eater de travailler\u00a0si possible (cong\u00e9s, arr\u00eats maladie\u2026). La d\u00e9sob\u00e9issance, elle, doit s&rsquo;exprimer\u00a0par le\u00a0\u00ab\u00a0refus collectif de remplir certaines obligations\u00a0\u00bb, le\u00a0ralentissement volontaire\u00a0dans les services publics\u00a0\u00bb, mais aussi par\u00a0\u00ab\u00a0l&rsquo;occupation pacifique de lieux symboliques\u00a0\u00bb\u00a0et des \u00ab\u00a0blocages cibl\u00e9s\u00a0\u00bb. Ils appellent enfin \u00e0 une solidarit\u00e9\u00a0citoyenne sans laquelle le mouvement ne pourra pas tenir dans la dur\u00e9e, une solidarit\u00e9\u00a0qui peut prendre la forme de\u00a0caisses de gr\u00e8ve et de soutien local,\u00a0de\u00a0repas partag\u00e9s\u00a0ou encore de cr\u00e9ation d&rsquo;espaces de discussion et de coordination dans chaque quartier et village.<\/p>\n<p>Les mobilisations du 10 septembre seront-elles suivies ?<\/p>\n<p>Le mouvement du 10 septembre b\u00e9n\u00e9ficie du soutien des citoyens\u00a0selon un sondage\u00a0Toluna-Harris Interactive pour <a href=\"https:\/\/www.rtl.fr\/actu\/debats-societe\/info-rtl-pres-de-2-francais-sur-3-indiquent-soutenir-le-mouvement-bloquons-tout-le-10-septembre-7900532091\" target=\"_blank\" rel=\"nofollow noopener\">RTL<\/a>\u00a0publi\u00e9 vendredi 22 ao\u00fbt : 63 % des sond\u00e9s disent adh\u00e9rer au mouvement (surtout les soutiens des \u00e9cologistes (80%), des insoumis (79%) et de l&rsquo;extr\u00eame droite (77%)).\u00a0Toutefois, seuls 58 % des Fran\u00e7ais sont favorables \u00e0 \u00ab\u00a0bloquer le pays\u00a0\u00bb le 10 septembre, 70 % pr\u00e9f\u00e9rant\u00a0\u00ab\u00a0des manifestations pour protester contre le budget du gouvernement\u00a0\u00bb.<\/p>\n<p>Pour l&rsquo;heure, les renseignement estiment que \u00ab\u00a0100 000 personnes pourraient se mobiliser partout en France\u00a0\u00bb. Le mouvement pourrait cependant \u00eatre plus importante gr\u00e2ce \u00e0 \u00ab\u00a0la perspective de la d\u00e9mission du gouvernement [qui] a renforc\u00e9 la d\u00e9termination des contestataires\u00a0\u00bb. L&rsquo;ampleur de la mobilisation du 10 septembre pourrait aussi s&rsquo;accro\u00eetre sous l&rsquo;effet d&rsquo;une convergence des luttes : les renseignement ont not\u00e9 la pr\u00e9sence\u00a0de militants anti-gouvernement et anti-pr\u00e9sident, des personnes se revendiquant\u00a0de la lutte pro-palestinienne et des militants de la communaut\u00e9\u00a0LGBTQIA+.<\/p>\n<p>Voil\u00e0 qui remet en cause un pr\u00e9c\u00e9dent sc\u00e9nario jugeant la convergence des luttes emp\u00each\u00e9e par la politisation du mouvement. L&rsquo;association de la gauche \u00e0 la mobilisation du 10 septembre a eu pour effet de repousser d&rsquo;autres mouvances militantes, notamment celles de le droite et de l&rsquo;extr\u00eame droite\u00a0<a href=\"https:\/\/www.europe1.fr\/politique\/mouvement-du-10-septembre-pourquoi-la-convergence-des-luttes-naura-sans-doute-pas-lieu-770381\" target=\"_blank\" rel=\"nofollow noopener\">analyse\u00a0Europe 1<\/a>. L&rsquo;absence de soutien de l&rsquo;intersyndicale peut aussi affaiblir le mouvement, malgr\u00e9 la participation de quelques syndicats.<\/p>\n<p>Face \u00e0 cette mobilisation soutenu par des mouvances h\u00e9t\u00e9roclites et d\u00e9nu\u00e9e de \u00ab\u00a0leadership clairement identifi\u00e9\u00a0\u00bb, les autorit\u00e9s redoutent que \u00ab\u00a0l\u2019absence de coordination structur\u00e9e\u00a0\u00bb puisse \u00ab\u00a0entra\u00eener des initiatives d\u00e9sorganis\u00e9es et difficilement anticipables\u00a0\u00bb. \u00ab\u00a0L\u2019absence de canalisation majore le risque d\u2019actions par des groupes radicaux et violents\u00a0\u00bb, pr\u00e9viennent-ils.<\/p>\n<p><a name=\"post1756892141\"\/>11:35 &#8211; 100 000 personnes mobilis\u00e9es en France pour le 10 septembre<\/p>\n<p>Difficile d&rsquo;estimer l&rsquo;ampleur du mouvement du 10 septembre. Et pour cause : il vient d&rsquo;un mouvement citoyen et est soutenu par une majorit\u00e9 de Fran\u00e7ais, mais il n&rsquo;a pas \u00e9t\u00e9 rejoint par l&rsquo;intersyndicale et plus devenir clivant pour certains du fait de la r\u00e9cup\u00e9ration politique de certains partis de gauche. De plus, les appels \u00e0 la mobilisation sont surtout relay\u00e9s par des collectifs locaux. Les renseignements anticipent donc, \u00e0 ce stade, un mouvement pouvant rassembler 100 000 personnes partout en France selon une note consult\u00e9e par Le Parisien. Un chiffre loin des records de mobilisation en partie expliquant par la forme du mouvement : la mobilisation s&rsquo;oriente davantage vers des blocages que vers des manifestations. Or, les blocages attirent moins et sont moins soutenus par les Fran\u00e7ais.<\/p>\n<p><a name=\"post1756836495\"\/>02\/09\/25\u00a0&#8211; 20:08 &#8211; Des actes de violence \u00e0 craindre lors de la journ\u00e9e de blocages du 10 septembre<\/p>\n<p><a href=\"https:\/\/www.leparisien.fr\/faits-divers\/mouvement-du-10-septembre-greves-blocages-sabotages-la-note-dalerte-des-services-de-renseignement-02-09-2025-2EUT4PQTFNHGTKWTYAH53WBANQ.php\" target=\"_blank\" rel=\"nofollow noopener\">Le Parisien<\/a> a consult\u00e9 une note des\u00a0renseignements territoriaux (RT) et la direction du renseignement de la pr\u00e9fecture de police de Paris alertant sur de possibles actes de violences, des sabotages et des op\u00e9rations contre des secteurs strat\u00e9giques comme l&rsquo;\u00e9nergie, les transports et la d\u00e9fense. Par exemple, des\u00a0d\u00e9p\u00f4ts p\u00e9troliers pourraient \u00eatre cibl\u00e9s sur la fa\u00e7ade atlantique, dans le Morbihan et la Charente-Maritime, relate le journal. La note ajoute que \u00ab\u00a0l\u2019absence de coordination structur\u00e9e et de leadership clairement identifi\u00e9, ce qui pourrait entra\u00eener des initiatives d\u00e9sorganis\u00e9es et difficilement anticipables. L\u2019absence de canalisation majore le risque d\u2019actions par des groupes radicaux et violents\u00a0\u00bb. De mani\u00e8re plus classique, les RT anticipent l&rsquo;occupation d&rsquo;a\u00e9roports, d&rsquo;universit\u00e9 et de gares ferroviaires.\u00a0<\/p>\n<p><a name=\"post1756810389\"\/>02\/09\/25\u00a0&#8211; 12:53 &#8211; \u00ab\u00a0Mettre \u00e0 l\u2019arr\u00eat la Loire-Atlantique\u00a0\u00bb<\/p>\n<p>\u00a0Dans la Loire-Atlantique, \u00ab\u00a0des\u00a0\u00e9tudiants et lyc\u00e9ens particuli\u00e8rement combatifs ont \u00e9galement propos\u00e9 le blocage de leurs lyc\u00e9es et la tenue d\u2019AG et d\u2019actions sur les campus universitaires pour la rentr\u00e9e. Une tentative de f\u00e9d\u00e9rer la mobilisation \u00e0 l\u2019int\u00e9rieur des quartiers de Nantes va \u00e9galement voir le jour, notamment dans le quartier populaire de Malakoff\u00a0\u00bb, apprend-on dans les colonnes de <a href=\"https:\/\/www.revolutionpermanente.fr\/On-peut-mettre-a-l-arret-la-Loire-Atlantique-500-personnes-en-AG-a-Nantes-pour-le-10-septembre\" rel=\"nofollow noopener\" target=\"_blank\">R\u00e9volution permanente<\/a>. \u00ab\u00a0\u00c0 nous tous, on a le pouvoir de mettre \u00e0 l\u2019arr\u00eat la Loire-Atlantique\u00a0\u00bb,\u00a0r\u00e9sumait un manifestant.\u00a0<\/p>\n<p><a name=\"post1756803030\"\/>02\/09\/25\u00a0&#8211; 10:50 &#8211; \u00ab\u00a0On ne peut pas pr\u00e9voir ce qu&rsquo;il va se passer\u00a0\u00bb le 10 septembre<\/p>\n<p>\u00ab\u00a0Il n&rsquo;y a pas une volont\u00e9 de violence. La violence, elle vient des institutions (&#8230;) On est dans une mobilisation qui touche tout le territoire, des petits groupes discutent, se rencontrent, et je pense qu&rsquo;on ne peut pas pr\u00e9voir ce qu&rsquo;il va se passer. En revanche, c&rsquo;est sur qu&rsquo;il va se passer quelque chose ce jour-l\u00e0 (&#8230;) Mais pour l&rsquo;instant, rien n&rsquo;est arr\u00eat\u00e9, de nombreuses assembl\u00e9es g\u00e9n\u00e9rales se tiennent dans le Gard et c&rsquo;est assez encourageant\u00a0\u00bb, indique ce mardi 2 septembre Elodie au micro de <a href=\"https:\/\/www.radiofrance.fr\/francebleu\/podcasts\/l-invite-de-7h45-d-ici-gard-lozere\/mobilisation-du-10-septembre-deux-gardois-3277402\" rel=\"nofollow noopener\" target=\"_blank\">ICI Gard Loz\u00e8re<\/a>, participante au mouvement \u00ab\u00a0Bloquons tout\u00a0\u00bb qui s&rsquo;organise dans le d\u00e9partement, avant la date cl\u00e9 du 10 septembre.<\/p>\n<p><a name=\"post1756801598\"\/>02\/09\/25\u00a0&#8211; 10:26 &#8211; \u00ab\u00a0Dire notre ras-le-bol de toute cette politique\u00a0\u00bb, l\u00e2che une aide-soignante<\/p>\n<p>Dans les colonnes de <a href=\"https:\/\/france3-regions.franceinfo.fr\/occitanie\/lot\/cahors\/ce-mouvement-10-septembre-ca-m-a-parle-de-suite-paroles-de-citoyens-en-pleine-preparation-de-la-mobilisation-contre-la-politique-de-francois-bayrou-3209003.html\" rel=\"nofollow noopener\" target=\"_blank\">France 3 Occitanie<\/a>, une aide-soignante du Lot explique les raisons qui la poussent \u00e0 soutenir et se joindre au mouvement de blocage du 10 septembre.\u00a0\u00ab\u00a0Ce mouvement, \u00e7a m&rsquo;a parl\u00e9 de suite. Parce que je connais des agriculteurs, des artisans, des personnes qui ne s&rsquo;en sortent plus aujourd&rsquo;hui. Moi, en tant qu&rsquo;aide-soignante, c&rsquo;est pareil. Aujourd&rsquo;hui, quand tu fais les courses, tu as int\u00e9r\u00eat \u00e0 faire attention. Tout a augment\u00e9 et on ne s&rsquo;en sort plus. Par contre, on voit les ultra-riches en profiter. Et aujourd&rsquo;hui, moi, je dis juste que ce mouvement, je l&rsquo;entends et je suis pour\u00a0\u00bb, confie-t-elle. \u00ab\u00a0En tant que citoyens, dire notre ras-le-bol de toute cette politique. Voil\u00e0. Stop\u00a0\u00bb, conclut-elle.<\/p>\n<p><a name=\"post1756795698\"\/>02\/09\/25\u00a0&#8211; 08:48 &#8211; Manifester oui, mais bloquer \u00ab\u00a0c&rsquo;est pire que tout\u00a0\u00bb pr\u00e9vient Bruno Retailleau<\/p>\n<p>Le ministre\u00a0de l&rsquo;Int\u00e9rieur garde un oeil sur les appels \u00e0 la mobilisation pour le 10 septembre et exprime quelques craintes. \u00ab\u00a0On peut manifester en France, c&rsquo;est la libert\u00e9 constitutionnellement garantie. Mais bloquer tout, c&rsquo;est pire que tout, parce qu&rsquo;aujourd&rsquo;hui, le pays doit avancer\u00a0\u00bb, a d\u00e9clar\u00e9 Bruno Retailleau au journal de TF1 lundi soir. \u00ab\u00a0Si demain il y avait une crise, c&rsquo;est toujours les plus vuln\u00e9rables, les plus modestes de nos compatriotes, qui vont trinquer\u00a0\u00bb, a mis en garde le locataire de la place Beauvau. Reprenant des \u00e9l\u00e9ments d\u00e9j\u00e0 \u00e9voqu\u00e9s par un agent du renseignement aupr\u00e8s d&rsquo;Europe 1, Bruno Retailleau a estim\u00e9 que la r\u00e9cup\u00e9ration politique du \u00ab\u00a0mouvement prot\u00e9iforme\u00a0\u00bb est \u00ab\u00a0sans doute un frein\u00a0\u00bb \u00e0 la force de propagation de l&rsquo;appel.<\/p>\n","protected":false},"excerpt":{"rendered":"L&rsquo;appel du mouvement \u00ab\u00a0Bloquons Tout\u00a0\u00bb \u00e0 la mobilisation le 10\u00a0septembre 2025\u00a0a \u00e9t\u00e9 entendu par plusieurs collectifs locaux qui&hellip;\n","protected":false},"author":2,"featured_media":362984,"comment_status":"","ping_status":"","sticky":false,"template":"","format":"standard","meta":{"footnotes":""},"categories":[6],"tags":[35,33,34,1011,27],"class_list":{"0":"post-362983","1":"post","2":"type-post","3":"status-publish","4":"format-standard","5":"has-post-thumbnail","7":"category-economie","8":"tag-business","9":"tag-economie","10":"tag-economy","11":"tag-fr","12":"tag-france"},"share_on_mastodon":{"url":"https:\/\/pubeurope.com\/@fr\/115139822829357044","error":""},"_links":{"self":[{"href":"https:\/\/www.europesays.com\/fr\/wp-json\/wp\/v2\/posts\/362983","targetHints":{"allow":["GET"]}}],"collection":[{"href":"https:\/\/www.europesays.com\/fr\/wp-json\/wp\/v2\/posts"}],"about":[{"href":"https:\/\/www.europesays.com\/fr\/wp-json\/wp\/v2\/types\/post"}],"author":[{"embeddable":true,"href":"https:\/\/www.europesays.com\/fr\/wp-json\/wp\/v2\/users\/2"}],"replies":[{"embeddable":true,"href":"https:\/\/www.europesays.com\/fr\/wp-json\/wp\/v2\/comments?post=362983"}],"version-history":[{"count":0,"href":"https:\/\/www.europesays.com\/fr\/wp-json\/wp\/v2\/posts\/362983\/revisions"}],"wp:featuredmedia":[{"embeddable":true,"href":"https:\/\/www.europesays.com\/fr\/wp-json\/wp\/v2\/media\/362984"}],"wp:attachment":[{"href":"https:\/\/www.europesays.com\/fr\/wp-json\/wp\/v2\/media?parent=362983"}],"wp:term":[{"taxonomy":"category","embeddable":true,"href":"https:\/\/www.europesays.com\/fr\/wp-json\/wp\/v2\/categories?post=362983"},{"taxonomy":"post_tag","embeddable":true,"href":"https:\/\/www.europesays.com\/fr\/wp-json\/wp\/v2\/tags?post=362983"}],"curies":[{"name":"wp","href":"https:\/\/api.w.org\/{rel}","templated":true}]}}