{"id":362985,"date":"2025-09-03T10:10:07","date_gmt":"2025-09-03T10:10:07","guid":{"rendered":"https:\/\/www.europesays.com\/fr\/362985\/"},"modified":"2025-09-03T10:10:07","modified_gmt":"2025-09-03T10:10:07","slug":"en-direct-gaza-11-morts-dans-des-bombardements-et-tirs-israeliens-selon-lagence-palestinienne-wafa-le-monde-fr","status":"publish","type":"post","link":"https:\/\/www.europesays.com\/fr\/362985\/","title":{"rendered":"En direct, Gaza : 11 morts dans des bombardements et tirs isra\u00e9liens, selon l\u2019agence palestinienne WAFa &#8211; Le Monde.fr"},"content":{"rendered":"<ol>\n<li><a href=\"https:\/\/news.google.com\/rss\/articles\/CBMi_wFBVV95cUxOQUV2YzVKMEY1NUFaWDZpSnBXUmlsZUlIVnVwQlZVTC1iSl9IenZ4S0NKaE5sQ1cxSEZkd3pMWTJNQ0l3aHpMT3h4UHZENW9ycHZtcXN5TTVmdVBQVktHN1FLQWRTSFBUeHQtLVZ5MTRQZGJJeGExMXQ4bnEya1l4QTdPX0hHaDdDcUpCOWRqU0loMGd0a2xYYm0yakhtZm5fc2FqLW9xVUxrSU1DcjV5bl9kNFNnMWxSeV8wNWNvS2d0RTBNZ3h1aW91M2MyMnpvb3R0MHZsdDNEaEQ1dzVzNzVCajRzZEhVNy1wb1hELW5DY3VFZzN3Zm5JZE9JQkU?oc=5\" target=\"_blank\" rel=\"nofollow noopener\">En direct, Gaza : 11 morts dans des bombardements et tirs isra\u00e9liens, selon l\u2019agence palestinienne WAFa<\/a>&nbsp;&nbsp;Le Monde.fr<\/li>\n<li><a href=\"https:\/\/news.google.com\/rss\/articles\/CBMi8gFBVV95cUxQbGZGWlVtNmhHQUlDcWYxd2dvMzVpXzdsT2c0ajZHNHM4aHUzZmptanhNN1k1WWxBYWlfeTMyODJ6dXdpWWIxTzduMmdvRlk0c0lMVDJ6R2dpcUFBRlhmbFlIdXVYNUJ2NThncGlfTmZ3Rnc4ZzUxYVhXT0k1TVppTFpuekpnYldZcGhmWUxoYlNqbnNQZjZtSVdTUUVOQzlUeFNvSlJJY0xGRmg1Q1EzMTJHTmxmaVFQaWx3dkRJSWo1c2VpM0tzUkY4UVU2aERyXzRvZGMwenVWXzU4NWt5OW1USUU5TllJb0lMNTBrMHhuZw?oc=5\" target=\"_blank\" rel=\"nofollow noopener\">Reconnaissance de la Palestine : Isra\u00ebl accuse Emmanuel Macron de d\u00e9stabiliser la r\u00e9gion<\/a>&nbsp;&nbsp;Le Monde.fr<\/li>\n<li><a href=\"https:\/\/news.google.com\/rss\/articles\/CBMi_wFBVV95cUxQTWtJano5ZUl5WWFuLUxlaUdRMVFQQlVIa3F1ZjQ1NVJWVjBLRUE1NkNiVG9ISm93b1lyZGFDdHIxT0tnUWF4SjhQVDFUUThFbGhhY0JOazJ6N0lQNjRpWjE5aUM0WWRIN3JMXzVHamtuR1NmdkE1YTJLM3BhZ0FTbkttOHpmOXJsYlM1c21VanVYdzQxUXZvNGY5ZkV6QnNQVHZqN1E0d2x1WHdLc2xpUWpjVTFNVzFBOVd6TzZLc2ZDSzFWQ2RSWjFia1JYUEFxRmFIQm8wSnZnYzFEZGN0a245MVM3R0lJeVNfN3JRZ09yS0JlOTh6T1d1dXJQcDQ?oc=5\" target=\"_blank\" rel=\"nofollow noopener\">Pour Isra\u00ebl, Emmanuel Macron \u00ab sape la stabilit\u00e9 \u00bb du Proche-Orient en reconnaissant la Palestine<\/a>&nbsp;&nbsp;Ouest-France<\/li>\n<li><a href=\"https:\/\/news.google.com\/rss\/articles\/CBMi_AFBVV95cUxNYW5PU29Rb2ZiNWM2bVZSMTFUbmRuYTl3T0cyakl5a1gxUG1COWNKbWJra3hqQ2VocjFVOWUwdVVRR0JMZ1pUaXdZa2Q2Ql9YWnBTQXI0N1VZWmlmbzlJZzZhZy1VM2VabS1kR21jaHFtY2xBcWJEX2J0SG1fSDFtZTdhSDhSeEJpR0tBZkNkSkNpakl3RFN2SE5NMl9TeXgxXzd3aDhTS1dYak5HVUxpYmpQUFVoYVBLdG1MVmNMVVc3R3lqTHVjZ3ZWdTFFcW9EVUFKTmFHTzZ5aHl2ZzA4Z0F5aXRKa3FUaWVNa0gyeC1fU3paY3ZyQ2MwSVM?oc=5\" target=\"_blank\" rel=\"nofollow noopener\">Emmanuel Macron affirme qu\u2019\u00a0\u00bbaucune offensive\u00a0\u00bb ou \u00ab\u00a0tentative d\u2019annexion\u00a0\u00bb n\u2019enrayera le mouvement de reconnaissance de la Palestine<\/a>&nbsp;&nbsp;i24NEWS<\/li>\n<li><a href=\"https:\/\/news.google.com\/rss\/articles\/CBMimgFBVV95cUxOV2VqNHNrQVBlQ2VLZFZNY0N2NnZ4T0dEVzdQZjRncW5pU3hOTFlXNGt1b0cweHkwZUU0MVktZ0pGYko1UlNPN0RiLUpmTDZRcEVvSl9oS2pVcjdFSS1oa3lxWTdRUWdMd1VEUW1FeTRMTHVIeGQ2Z3FrVms5a0RhelE1MXVNcGlyRm1sblVnQTNrQ0pFNFJOV3ZB?oc=5\" target=\"_blank\" rel=\"nofollow noopener\">Palestine. \u00c0 New York, la subversion du droit international &#8211; Rafa\u00eblle Maison<\/a>&nbsp;&nbsp;Orient XXI<\/li>\n<\/ol>\n","protected":false},"excerpt":{"rendered":"En direct, Gaza : 11 morts dans des bombardements et tirs isra\u00e9liens, selon l\u2019agence palestinienne WAFa&nbsp;&nbsp;Le Monde.fr Reconnaissance&hellip;\n","protected":false},"author":2,"featured_media":1445,"comment_status":"","ping_status":"","sticky":false,"template":"","format":"standard","meta":{"footnotes":""},"categories":[5],"tags":[11,1011,27,14,12,28],"class_list":{"0":"post-362985","1":"post","2":"type-post","3":"status-publish","4":"format-standard","5":"has-post-thumbnail","7":"category-international","8":"tag-actualites","9":"tag-fr","10":"tag-france","11":"tag-international","12":"tag-news","13":"tag-world"},"share_on_mastodon":{"url":"https:\/\/pubeurope.com\/@fr\/115139826479040272","error":""},"_links":{"self":[{"href":"https:\/\/www.europesays.com\/fr\/wp-json\/wp\/v2\/posts\/362985","targetHints":{"allow":["GET"]}}],"collection":[{"href":"https:\/\/www.europesays.com\/fr\/wp-json\/wp\/v2\/posts"}],"about":[{"href":"https:\/\/www.europesays.com\/fr\/wp-json\/wp\/v2\/types\/post"}],"author":[{"embeddable":true,"href":"https:\/\/www.europesays.com\/fr\/wp-json\/wp\/v2\/users\/2"}],"replies":[{"embeddable":true,"href":"https:\/\/www.europesays.com\/fr\/wp-json\/wp\/v2\/comments?post=362985"}],"version-history":[{"count":0,"href":"https:\/\/www.europesays.com\/fr\/wp-json\/wp\/v2\/posts\/362985\/revisions"}],"wp:featuredmedia":[{"embeddable":true,"href":"https:\/\/www.europesays.com\/fr\/wp-json\/wp\/v2\/media\/1445"}],"wp:attachment":[{"href":"https:\/\/www.europesays.com\/fr\/wp-json\/wp\/v2\/media?parent=362985"}],"wp:term":[{"taxonomy":"category","embeddable":true,"href":"https:\/\/www.europesays.com\/fr\/wp-json\/wp\/v2\/categories?post=362985"},{"taxonomy":"post_tag","embeddable":true,"href":"https:\/\/www.europesays.com\/fr\/wp-json\/wp\/v2\/tags?post=362985"}],"curies":[{"name":"wp","href":"https:\/\/api.w.org\/{rel}","templated":true}]}}