{"id":362988,"date":"2025-09-03T10:12:11","date_gmt":"2025-09-03T10:12:11","guid":{"rendered":"https:\/\/www.europesays.com\/fr\/362988\/"},"modified":"2025-09-03T10:12:11","modified_gmt":"2025-09-03T10:12:11","slug":"alerte-meteo-orages-et-vent-fort-mercredi-au-nord-ouest-jeudi-au-centre-est","status":"publish","type":"post","link":"https:\/\/www.europesays.com\/fr\/362988\/","title":{"rendered":"Alerte M\u00e9t\u00e9o : Orages et vent fort mercredi au nord-ouest, jeudi au centre-est"},"content":{"rendered":"<p>                    Du<br \/>\n                    mercredi 3 septembre \u00e0 12:00 au<br \/>\n                    jeudi 4 septembre \u00e0 22:00<\/p>\n<p>                    Situation<\/p>\n<p>Ce mercredi, sous l&rsquo;effet d&rsquo;un flux de sud-ouest tr\u00e8s dynamique en altitude, un temps tr\u00e8s instable et agit\u00e9 se met en place sur la partie nord-ouest de la France. De br\u00e8ves mais fortes averses orageuses circulent d\u00e8s le matin de la Bretagne et des Pays de la Loire \u00e0 la Basse Normandie, gagnant l&rsquo;Ile-de-France, la Haute Normandie, les Hauts-de-France et les Ardennes dans l&rsquo;apr\u00e8s-midi.<\/p>\n<p>Jeudi, une nouvelle forte d\u00e9gradation orageuse concerne le centre-est et le sud-est du pays entre la mi-journ\u00e9e et la soir\u00e9e, sous l&rsquo;effet d&rsquo;un conflit de masse d&rsquo;air entre de l&rsquo;air chaud m\u00e9diterran\u00e9en et de l&rsquo;air plus frais arrivant par l&rsquo;Atlantique. Les orages sont forts de part et d&rsquo;autre de la vall\u00e9e du Rh\u00f4ne et s&rsquo;acompagnent de pluies intenses, localement de gr\u00eale et de fortes rafales de vent.<\/p>\n<p>                    Observation<\/p>\n<p>A 11 heures, une violente rafale de vent \u00e0 109 km\/h \u00e9tait observ\u00e9 \u00e0 Lorient au passage d&rsquo;une forte rafale orageuse. On observait aussi 102 km\/h \u00e0 Facamp (Seine-Maritime), 101 km\/h au Talut sur Belle \u00eele (Moribihan), 91 km\/h \u00e0 Gouville dans la Manche et 86 km\/h \u00e0 Pontivy (Morbihan).<\/p>\n<p>\n                    Consulter la m\u00e9t\u00e9o de votre ville\n                <\/p>\n<p>                    Evolution<\/p>\n<p><strong>P\u00e9riodes \u00e0 risque pour les param\u00e8tres orages et vent <\/strong>:<br \/>&#8211; ce mercredi de 12h \u00e0 17h pour la Bretagne, les Pays de la Loire et la Basse Normandie<br \/>&#8211; ce mercredi de 12h \u00e0 20h pour la Haute Normandie, l&rsquo;Ile-de-France, les Hauts-de-France et les Ardennes<br \/>&#8211; ce jeudi de 11h \u00e0 22h pour les d\u00e9partements du centre-est et du sud-est.<\/p>\n<p>Au passage des orages, on attend <strong>de fortes rafales de vent de 70 \u00e0 90 km\/h<\/strong>. On ne peut exclure de mani\u00e8re tr\u00e8s localis\u00e9e <strong>un peu de gr\u00eale<\/strong>, <strong>des rafales \u00e0 100 km\/h et des ph\u00e9nom\u00e8nes tourbillonnaires<\/strong>. Les pluies sont temporairement intenses sous orages mais avec le vent, les averses orageuses ne sont pas tr\u00e8s durables et les cumuls de pluie n&rsquo;exc\u00e8dent g\u00e9n\u00e9ralement pas <strong>15 \u00e0 20 mm<\/strong>. N\u00e9anmoins, <strong>les averses les plus intenses peuvent entra\u00eener des chauss\u00e9es inond\u00e9es dans les points bas, en milieu urbain<\/strong>.<\/p>\n<p>En soir\u00e9e, les plus fortes averses orageuses s&rsquo;\u00e9vacueront par la Belgique. A noter qu&rsquo;<strong>une deuxi\u00e8me salve d&rsquo;orages plus active va concerner l&rsquo;Occitanie et le centre-est du pays ce jeudi avec d&rsquo;importants cumuls de pluie et un risque de gr\u00eale sous les orages les plus forts<\/strong>. Une alerte sera mise en place \u00e0 la mi-journ\u00e9e pour ce nouvel \u00e9pisode orageux actif.<\/p>\n","protected":false},"excerpt":{"rendered":"Du mercredi 3 septembre \u00e0 12:00 au jeudi 4 septembre \u00e0 22:00 Situation Ce mercredi, sous l&rsquo;effet d&rsquo;un&hellip;\n","protected":false},"author":2,"featured_media":362989,"comment_status":"","ping_status":"","sticky":false,"template":"","format":"standard","meta":{"footnotes":""},"categories":[2],"tags":[11,1011,27,12],"class_list":{"0":"post-362988","1":"post","2":"type-post","3":"status-publish","4":"format-standard","5":"has-post-thumbnail","7":"category-actualites","8":"tag-actualites","9":"tag-fr","10":"tag-france","11":"tag-news"},"share_on_mastodon":{"url":"https:\/\/pubeurope.com\/@fr\/115139834279071445","error":""},"_links":{"self":[{"href":"https:\/\/www.europesays.com\/fr\/wp-json\/wp\/v2\/posts\/362988","targetHints":{"allow":["GET"]}}],"collection":[{"href":"https:\/\/www.europesays.com\/fr\/wp-json\/wp\/v2\/posts"}],"about":[{"href":"https:\/\/www.europesays.com\/fr\/wp-json\/wp\/v2\/types\/post"}],"author":[{"embeddable":true,"href":"https:\/\/www.europesays.com\/fr\/wp-json\/wp\/v2\/users\/2"}],"replies":[{"embeddable":true,"href":"https:\/\/www.europesays.com\/fr\/wp-json\/wp\/v2\/comments?post=362988"}],"version-history":[{"count":0,"href":"https:\/\/www.europesays.com\/fr\/wp-json\/wp\/v2\/posts\/362988\/revisions"}],"wp:featuredmedia":[{"embeddable":true,"href":"https:\/\/www.europesays.com\/fr\/wp-json\/wp\/v2\/media\/362989"}],"wp:attachment":[{"href":"https:\/\/www.europesays.com\/fr\/wp-json\/wp\/v2\/media?parent=362988"}],"wp:term":[{"taxonomy":"category","embeddable":true,"href":"https:\/\/www.europesays.com\/fr\/wp-json\/wp\/v2\/categories?post=362988"},{"taxonomy":"post_tag","embeddable":true,"href":"https:\/\/www.europesays.com\/fr\/wp-json\/wp\/v2\/tags?post=362988"}],"curies":[{"name":"wp","href":"https:\/\/api.w.org\/{rel}","templated":true}]}}