{"id":362990,"date":"2025-09-03T10:13:53","date_gmt":"2025-09-03T10:13:53","guid":{"rendered":"https:\/\/www.europesays.com\/fr\/362990\/"},"modified":"2025-09-03T10:13:53","modified_gmt":"2025-09-03T10:13:53","slug":"pourquoi-cette-route-frequentee-est-a-eviter-absolument-a-la-rentree","status":"publish","type":"post","link":"https:\/\/www.europesays.com\/fr\/362990\/","title":{"rendered":"pourquoi cette route fr\u00e9quent\u00e9e est \u00e0 \u00e9viter absolument \u00e0 la rentr\u00e9e"},"content":{"rendered":"<p>            Par<br \/>\n        <strong><br \/>\n            <a href=\"https:\/\/actu.fr\/auteur\/redaction-saint-etienne\" title=\"Consulter tous les articles de R\u00e9daction Saint-\u00c9tienne\" target=\"_blank\" rel=\"noopener\">R\u00e9daction Saint-\u00c9tienne<\/a><br \/>\n        <\/strong><\/p>\n<p>        Publi\u00e9 le<\/p>\n<p>            28 ao\u00fbt 2025 \u00e0 13h35        <\/p>\n<p>Depuis le 1\u1d49\u02b3 ao\u00fbt 2025, en raison d\u2019un ph\u00e9nom\u00e8ne d\u2019affaissement de la voirie, la voie lente de la RN 488 en direction de <a href=\"https:\/\/actu.fr\/auvergne-rhone-alpes\/clermont-ferrand_63113\" target=\"_blank\" rel=\"noopener\">Clermont-Ferrand<\/a>, au niveau de la sortie <a href=\"https:\/\/actu.fr\/auvergne-rhone-alpes\/saint-etienne_42218\/saint-etienne-une-partie-de-cette-route-frequentee-fermee-plusieurs-nuits-voici-pourquoi_63036720.html\" target=\"_blank\" rel=\"noopener\">Saint-\u00c9tienne<\/a> Centre-Monthieu, a \u00e9t\u00e9 neutralis\u00e9e.<\/p>\n<p class=\" wall-content\">Une circulation difficile est \u00e0 anticiper \u00e0 partir de la rentr\u00e9e scolaire sur l\u2019ensemble du secteur.<\/p>\n<p>Un tassement du remblai d\u2019un ancien puits de mine de charbon<\/p>\n<p class=\" wall-content\">L\u2019objectif de la neutralisation de la voie est de pr\u00e9venir tout accident et accentuation du ph\u00e9nom\u00e8ne d\u2019affaissement de la voirie au droit d\u2019un ancien puits de mine.<\/p>\n<p class=\" wall-content\">Une expertise de GEODERIS, l\u2019expert apr\u00e8s-mine de l\u2019\u00c9tat, a r\u00e9v\u00e9l\u00e9 que l\u2019origine du d\u00e9sordre apparu fin juillet correspond \u00e0 un tassement du remblai d\u2019un ancien puits de mine de charbon faisant <strong>211\u00a0m de profondeur<\/strong>\u2009: le \u00ab\u2009puits de la machine anglaise\u2009\u00bb.<\/p>\n<p class=\" wall-content\">Des \u00e9tudes de sol ont \u00e9t\u00e9 r\u00e9alis\u00e9es du 18\u00a0ao\u00fbt au 25\u00a0ao\u00fbt de mani\u00e8re \u00e0 \u00e9tudier diff\u00e9rents sc\u00e9narios afin de rechercher la solution ayant le plus faible impact au niveau du trafic.<\/p>\n<p>Une congestion se formera de l\u2019\u00e9changeur N\u00b016 de la RN 88 en venant de Lyon<\/p>\n<p class=\" wall-content\">\u00c0 partir de la rentr\u00e9e scolaire du 2\u00a0septembre, lors de la p\u00e9riode de pointe du matin (7h00 \u2013 10h00), une congestion se formera vraisemblablement jusqu\u2019\u00e0 l\u2019amont de l\u2019\u00e9changeur N\u00b016 de la RN 88 en venant de Lyon.<\/p>\n<blockquote class=\"ac-article-quote wall-content\">\n<p>Cette congestion se r\u00e9sorbera difficilement et possiblement au-del\u00e0 de 10h. Cette situation durera jusqu\u2019\u00e0 fin septembre au moins. Ceci se traduira, pour un trajet St-Chamond \u2013 St-Etienne et selon les destinations et trajets emprunt\u00e9s \u00e0 partir du n\u0153ud de Terrenoire, par un doublement du temps de parcours habituel, voire un triplement \u00e0 la p\u00e9riode de pointe du matin (par rapport \u00e0 un temps de parcours de r\u00e9f\u00e9rence de 9 min 30).<\/p>\n<p>    <strong>Pr\u00e9fecture de la Loire<\/strong>\n            <\/p><\/blockquote>\n<p>Votre r\u00e9gion, votre actu !<\/p>\n<p>Recevez chaque jour les infos qui comptent pour vous.<\/p>\n<p>\t<a href=\"https:\/\/actu.fr\/newsletter\" class=\"ac-btn ac-btn--corner ac-btn--medium ac-btn--blue800\" target=\"_blank\" rel=\"noopener\">S&rsquo;incrire<\/a><\/p>\n<p class=\" wall-content\">En p\u00e9riode de pointe du soir (16h-19h), des congestions et des allongements de temps de parcours significatifs, mais bien moindres sont \u00e9galement attendus.<\/p>\n<p>Privil\u00e9gier les itin\u00e9raires passant par l\u2019autoroute A89<\/p>\n<p class=\" wall-content\">Les usagers sont invit\u00e9s\u2009:<\/p>\n<ul class=\" wall-content\">\n<li>\u00e0 privil\u00e9gier d\u2019autres modes de d\u00e9placement et en particulier les transports collectifs ou le covoiturage,<\/li>\n<li>\u00e0 \u00e9viter les p\u00e9riodes de pointes 7-10h et 16-19h,<\/li>\n<li>\u00e0 privil\u00e9gier, pour les flux de transit de Lyon et de l\u2019Est de Lyon \u00e0 destination de Clermont-Ferrand, les itin\u00e9raires passant par l\u2019autoroute A89 via Tarare par rapport \u00e0 ceux passant par l\u2019A47 et l\u2019A72.<\/li>\n<\/ul>\n<p class=\" wall-content\">\u00ab\u200910\u2009% de reports des trajets sur la RN88 entre Saint-Chamond et Saint-\u00c9tienne permettraient de r\u00e9duire consid\u00e9rablement les congestions attendues\u2009\u00bb, \u00e9crit la pr\u00e9fecture.<\/p>\n<p class=\" wall-content\">En fonction de l\u2019\u00e9volution de la situation et des op\u00e9rations de travaux n\u00e9cessaires, des p\u00e9riodes de fermeture pourront \u00e9galement s\u2019av\u00e9rer indispensables.<\/p>\n<p class=\" wall-content\">Personnalisez votre actualit\u00e9 en ajoutant vos villes et m\u00e9dias en favori avec <a href=\"https:\/\/moncompte.actu.fr\" title=\"D\u00e9couvez Mon Actu\" rel=\"nofollow noopener\" data-trk=\"{&quot;cta&quot;:{&quot;action&quot;:&quot;https:\\\/\\\/moncompte.actu.fr&quot;,&quot;category&quot;:&quot;mon compte&quot;,&quot;from&quot;:&quot;article footer&quot;,&quot;name&quot;:&quot;Mon actu&quot;,&quot;type&quot;:&quot;cta&quot;}}\" target=\"_blank\">Mon Actu<\/a>.<\/p>\n","protected":false},"excerpt":{"rendered":"Par R\u00e9daction Saint-\u00c9tienne Publi\u00e9 le 28 ao\u00fbt 2025 \u00e0 13h35 Depuis le 1\u1d49\u02b3 ao\u00fbt 2025, en raison d\u2019un&hellip;\n","protected":false},"author":2,"featured_media":362991,"comment_status":"","ping_status":"","sticky":false,"template":"","format":"standard","meta":{"footnotes":""},"categories":[9653],"tags":[1111,11,2430,1777,674,1011,27,803,12,25,18458,4001,104],"class_list":{"0":"post-362990","1":"post","2":"type-post","3":"status-publish","4":"format-standard","5":"has-post-thumbnail","7":"category-saint-etienne","8":"tag-actu","9":"tag-actualites","10":"tag-auvergne-rhone-alpes","11":"tag-eu","12":"tag-europe","13":"tag-fr","14":"tag-france","15":"tag-info-trafic","16":"tag-news","17":"tag-republique-francaise","18":"tag-route-nationale-88-rn88","19":"tag-saint-etienne","20":"tag-societe"},"share_on_mastodon":{"url":"https:\/\/pubeurope.com\/@fr\/115139842192176596","error":""},"_links":{"self":[{"href":"https:\/\/www.europesays.com\/fr\/wp-json\/wp\/v2\/posts\/362990","targetHints":{"allow":["GET"]}}],"collection":[{"href":"https:\/\/www.europesays.com\/fr\/wp-json\/wp\/v2\/posts"}],"about":[{"href":"https:\/\/www.europesays.com\/fr\/wp-json\/wp\/v2\/types\/post"}],"author":[{"embeddable":true,"href":"https:\/\/www.europesays.com\/fr\/wp-json\/wp\/v2\/users\/2"}],"replies":[{"embeddable":true,"href":"https:\/\/www.europesays.com\/fr\/wp-json\/wp\/v2\/comments?post=362990"}],"version-history":[{"count":0,"href":"https:\/\/www.europesays.com\/fr\/wp-json\/wp\/v2\/posts\/362990\/revisions"}],"wp:featuredmedia":[{"embeddable":true,"href":"https:\/\/www.europesays.com\/fr\/wp-json\/wp\/v2\/media\/362991"}],"wp:attachment":[{"href":"https:\/\/www.europesays.com\/fr\/wp-json\/wp\/v2\/media?parent=362990"}],"wp:term":[{"taxonomy":"category","embeddable":true,"href":"https:\/\/www.europesays.com\/fr\/wp-json\/wp\/v2\/categories?post=362990"},{"taxonomy":"post_tag","embeddable":true,"href":"https:\/\/www.europesays.com\/fr\/wp-json\/wp\/v2\/tags?post=362990"}],"curies":[{"name":"wp","href":"https:\/\/api.w.org\/{rel}","templated":true}]}}