{"id":362992,"date":"2025-09-03T10:14:10","date_gmt":"2025-09-03T10:14:10","guid":{"rendered":"https:\/\/www.europesays.com\/fr\/362992\/"},"modified":"2025-09-03T10:14:10","modified_gmt":"2025-09-03T10:14:10","slug":"saint-etienne-une-nouvelle-piscine-exterieure-a-raymond-sommet-la-ville-etudie-la-faisabilite-du-projet","status":"publish","type":"post","link":"https:\/\/www.europesays.com\/fr\/362992\/","title":{"rendered":"Saint-\u00c9tienne. Une nouvelle piscine ext\u00e9rieure \u00e0 Raymond-Sommet\u00a0? La Ville \u00e9tudie la faisabilit\u00e9 du projet"},"content":{"rendered":"<p>\u00c0 six mois des \u00e9ch\u00e9ances municipales, ce n\u2019est s\u00fbrement pas un hasard. <a href=\"https:\/\/www.leprogres.fr\/p\/gael-perdriau\" target=\"_blank\" rel=\"nofollow noopener\">Ga\u00ebl Perdriau<\/a> a profit\u00e9 de la pr\u00e9sence de la presse pour \u00e9voquer un embryon de projet. La municipalit\u00e9 \u00e9tudie la possibilit\u00e9 de construire un bassin ext\u00e9rieur de 25 m\u00e8tres sur le site actuel de Raymond-Sommet.<\/p>\n<p>Le maire a indiqu\u00e9 que les \u00e9tudes pr\u00e9liminaires ont livr\u00e9 leurs premi\u00e8res conclusions\u00a0: \u00ab\u00a0le projet est faisable\u00a0\u00bb.\u00a0La deuxi\u00e8me \u00e9tape sera plus longue. Elle va consister au lancement des \u00e9tudes sur le chiffrage, la conception\u2026 Un an \u00e0 phosphorer avant les arbitrages budg\u00e9taires de l\u2019ex\u00e9cutif.<\/p>\n<p>Si le projet est valid\u00e9, le d\u00e9marrage des travaux devrait \u00eatre act\u00e9 en 2028. Mais d\u2019ici l\u00e0, de l\u2019eau aura coul\u00e9 sous les ponts\u2026 \u00ab\u00a0Cette future r\u00e9alisation permettrait d\u2019ouvrir des cr\u00e9neaux suppl\u00e9mentaires\u00a0\u00bb, a pr\u00e9cis\u00e9 l\u2019\u00e9dile.<\/p>\n<p>  40\u00a0681 entr\u00e9es \u00e0 Raymond-Sommet en juillet et ao\u00fbt<\/p>\n<p>Pour cet \u00e9t\u00e9, la piscine Raymond Sommet, la seule ouverte durant cette p\u00e9riode estivale de 10 \u00e0 20 heures, 7 jours sur 7 &#8211; les autres sont ferm\u00e9es pour cause de vidange et entretien, enregistre une baisse de pr\u00e8s de 15\u00a0% de sa fr\u00e9quentation. 48\u00a0000 entr\u00e9es avaient \u00e9t\u00e9 comptabilis\u00e9es la saison pr\u00e9c\u00e9dente et plus de 49\u00a0000 en 2023. La m\u00e9t\u00e9o d\u00e9favorable (en partie) de juillet et ao\u00fbt permet d\u2019expliquer ce recul.<\/p>\n<p>Le maire a rappel\u00e9 que la piscine municipale disposait d\u2019une capacit\u00e9 instantan\u00e9e de 1\u00a0250 personnes. \u00ab\u00a0Une fr\u00e9quentation maximale, qui contrairement aux ann\u00e9es pr\u00e9c\u00e9dentes, n\u2019a jamais \u00e9t\u00e9 atteinte \u00bb, pr\u00e9cise le premier magistrat. Ce dernier a mis en exergue que l\u2019offre sociale mise en place par la ville avait permis 4\u00a0600 enfants des centres sociaux d\u2019acc\u00e9der gratuitement \u00e0 l\u2019\u00e9quipement municipal.<\/p>\n<p>Brigitte Masson a fait savoir que le budget consacr\u00e9 aux ressources humaines pour le fonctionnement de la piscine Raymond-Sommet en juillet et ao\u00fbt s\u2019\u00e9levait \u00e0 500\u00a0000\u00a0euros dont plus d\u2019un cinqui\u00e8me d\u00e9di\u00e9 \u00e0 la s\u00e9curit\u00e9 avec l\u2019appel d\u2019un prestataire d\u00e8s la fin avril.<\/p>\n<p>  46 jours de baignade \u00e0 la base nautique de Saint-Victor-sur-Loire<\/p>\n<p>Contrairement aux ann\u00e9es pr\u00e9c\u00e9dentes, la base nautique est rest\u00e9e quasiment ouverte (hormis quelques jours, d\u00e9but ao\u00fbt) toute la saison estivale. Le syst\u00e8me immerg\u00e9 \u00e0 ultrasons qui permet d\u2019oxyg\u00e9ner l\u2019eau du barrage, un dispositif mis en place par l\u2019\u00e9quipe municipale en 2018, aurait favoris\u00e9, selon le maire, une bonne qualit\u00e9 de l\u2019eau contr\u00f4l\u00e9e par l\u2019Agence r\u00e9gionale de sant\u00e9 (ARS).<\/p>\n<p>\u00ab\u00a0C\u2019est une grande satisfaction, assure le maire, en comparaison avec d\u2019autres sites comme Villerest (ferm\u00e9 un mois) ou encore celui de Lorette, qui lui, n\u2019a pas ouvert\u00a0\u00bb.<\/p>\n","protected":false},"excerpt":{"rendered":"\u00c0 six mois des \u00e9ch\u00e9ances municipales, ce n\u2019est s\u00fbrement pas un hasard. Ga\u00ebl Perdriau a profit\u00e9 de la&hellip;\n","protected":false},"author":2,"featured_media":362993,"comment_status":"","ping_status":"","sticky":false,"template":"","format":"standard","meta":{"footnotes":""},"categories":[9653],"tags":[1111,11,2430,7539,1777,674,1011,27,5216,12,25,4001,7538,517],"class_list":{"0":"post-362992","1":"post","2":"type-post","3":"status-publish","4":"format-standard","5":"has-post-thumbnail","7":"category-saint-etienne","8":"tag-actu","9":"tag-actualites","10":"tag-auvergne-rhone-alpes","11":"tag-edition-loire-sud","12":"tag-eu","13":"tag-europe","14":"tag-fr","15":"tag-france","16":"tag-natation","17":"tag-news","18":"tag-republique-francaise","19":"tag-saint-etienne","20":"tag-saint-etienne-ville","21":"tag-sport"},"share_on_mastodon":{"url":"https:\/\/pubeurope.com\/@fr\/115139842250545581","error":""},"_links":{"self":[{"href":"https:\/\/www.europesays.com\/fr\/wp-json\/wp\/v2\/posts\/362992","targetHints":{"allow":["GET"]}}],"collection":[{"href":"https:\/\/www.europesays.com\/fr\/wp-json\/wp\/v2\/posts"}],"about":[{"href":"https:\/\/www.europesays.com\/fr\/wp-json\/wp\/v2\/types\/post"}],"author":[{"embeddable":true,"href":"https:\/\/www.europesays.com\/fr\/wp-json\/wp\/v2\/users\/2"}],"replies":[{"embeddable":true,"href":"https:\/\/www.europesays.com\/fr\/wp-json\/wp\/v2\/comments?post=362992"}],"version-history":[{"count":0,"href":"https:\/\/www.europesays.com\/fr\/wp-json\/wp\/v2\/posts\/362992\/revisions"}],"wp:featuredmedia":[{"embeddable":true,"href":"https:\/\/www.europesays.com\/fr\/wp-json\/wp\/v2\/media\/362993"}],"wp:attachment":[{"href":"https:\/\/www.europesays.com\/fr\/wp-json\/wp\/v2\/media?parent=362992"}],"wp:term":[{"taxonomy":"category","embeddable":true,"href":"https:\/\/www.europesays.com\/fr\/wp-json\/wp\/v2\/categories?post=362992"},{"taxonomy":"post_tag","embeddable":true,"href":"https:\/\/www.europesays.com\/fr\/wp-json\/wp\/v2\/tags?post=362992"}],"curies":[{"name":"wp","href":"https:\/\/api.w.org\/{rel}","templated":true}]}}