{"id":362996,"date":"2025-09-03T10:16:21","date_gmt":"2025-09-03T10:16:21","guid":{"rendered":"https:\/\/www.europesays.com\/fr\/362996\/"},"modified":"2025-09-03T10:16:21","modified_gmt":"2025-09-03T10:16:21","slug":"circulation-coupee-entre-verdun-et-nancy-du-3-au-10-septembre","status":"publish","type":"post","link":"https:\/\/www.europesays.com\/fr\/362996\/","title":{"rendered":"circulation coup\u00e9e entre Verdun et Nancy du 3 au 10 septembre"},"content":{"rendered":"<p>            Par<br \/>\n        <strong><br \/>\n            <a href=\"https:\/\/actu.fr\/auteur\/caroline-canault\" title=\"Consulter tous les articles de Agence de presse APEI\" target=\"_blank\" rel=\"noopener\">Agence de presse APEI<\/a><br \/>\n        <\/strong><\/p>\n<p>        Publi\u00e9 le<\/p>\n<p>            3 sept. 2025 \u00e0 11h52        <\/p>\n<p>\u00c0 la suite d\u2019une d\u00e9gradation constat\u00e9e sur un double tron\u00e7on, au niveau de <strong>l\u2019a\u00e9rodrome du Rozelier<\/strong> (Verdun-Sommedieue) dans <a href=\"https:\/\/actu.fr\/grand-est\/meuse_55\" target=\"_blank\" rel=\"noopener\">la Meuse<\/a> et du <strong>carrefour de la tranch\u00e9e de la Calonne<\/strong>, des travaux de r\u00e9fection de chauss\u00e9e d\u00e9butent ce mercredi 3 septembre.<\/p>\n<ul class=\" wall-content\">\n<li><strong>Du 3 au 5 septembre 2025<\/strong> : la circulation sera interrompue de 7 h 30 \u00e0 16 h pour permettre le rabotage de la chauss\u00e9e.<\/li>\n<li><strong>Du 8 au 10 septembre 2025<\/strong> : une seconde phase consistera en la pose d\u2019un nouvel enrob\u00e9, avec les m\u00eames horaires de coupure. La r\u00e9ouverture compl\u00e8te est esp\u00e9r\u00e9e pour le 10 septembre, sous r\u00e9serve de l\u2019avanc\u00e9e du chantier.<\/li>\n<\/ul>\n<p class=\" wall-content\">En dehors de ces cr\u00e9neaux, ainsi que <strong>le week-end, la circulation sera r\u00e9tablie<\/strong>, permettant notamment l\u2019acc\u00e8s \u00e0 la manifestation sportive la Trace de la B\u00e9holle, programm\u00e9e samedi et dimanche.<\/p>\n<p>Arr\u00eat\u00e9 pr\u00e9fectoral et p\u00e9rim\u00e8tre concern\u00e9<\/p>\n<p class=\" wall-content\">Selon<a href=\"https:\/\/panneau-pocket.s3.gra.perf.cloud.ovh.net\/source\/sign_pdf\/167237700068b4a1c79181c0.59205379-1756668359.pdf\" target=\"_blank\" rel=\"noopener\"> l\u2019arr\u00eat\u00e9 temporaire n\u00b0 25_AT_D_139 de la pr\u00e9fecture<\/a>, la circulation de tous les v\u00e9hicules est interdite sur la RD903 sur le territoire de la commune de Sommedieue, entre le PR 6+000 et le PR 7+000 (hors agglom\u00e9ration), du 3 au 10 septembre inclus.<\/p>\n<p>Des d\u00e9viations mises en place<\/p>\n<p class=\" wall-content\">Pendant la p\u00e9riode de coupure, la circulation est d\u00e9vi\u00e9e par :<\/p>\n<ul class=\" wall-content\">\n<li><strong>la RD964<\/strong> depuis le carrefour giratoire avec la RD903 et la RD330,<\/li>\n<li>puis <strong>la RD159<\/strong> depuis son giratoire avec la RD964 et la route communale dite \u00ab route des Dames \u00bb, permettant de rejoindre la RD903,<\/li>\n<li>et inversement dans l\u2019autre sens.<\/li>\n<\/ul>\n<p class=\" wall-content\">Cette d\u00e9viation est autoris\u00e9e aux convois exceptionnels jusqu\u2019\u00e0 48 tonnes, dans la limite des gabarits des infrastructures existantes.<\/p>\n<p>Votre r\u00e9gion, votre actu !<\/p>\n<p>Recevez chaque jour les infos qui comptent pour vous.<\/p>\n<p>\t<a href=\"https:\/\/actu.fr\/newsletter\" class=\"ac-btn ac-btn--corner ac-btn--medium ac-btn--blue800\" target=\"_blank\" rel=\"noopener\">S&rsquo;incrire<\/a><br \/>\nD\u00e9rogations et r\u00e9tablissement de la circulation<\/p>\n<p class=\" wall-content\">Par d\u00e9rogation, <strong>la desserte des propri\u00e9t\u00e9s riveraines reste possible<\/strong>, de m\u00eame que l\u2019acc\u00e8s des services publics, forces de l\u2019ordre et secours depuis les extr\u00e9mit\u00e9s de la section interdite. Toutefois, le chantier formant un obstacle infranchissable, aucun passage ne sera possible dans la zone de travaux elle-m\u00eame.<\/p>\n<p class=\" wall-content\">Les dispositions de coupure sont actives chaque jour de 6 h \u00e0 19 h. <strong>La circulation est r\u00e9tablie chaque soir, la nuit et le dimanche.<\/strong><\/p>\n<p class=\" wall-content\">La signalisation temporaire du chantier est assur\u00e9e par l\u2019entreprise en charge des travaux, tandis que<a href=\"https:\/\/www.meuse.fr\/information-transversale\/annuaire-des-services\/agence-departementale-damenagement-ada-de-verdun-17006\" target=\"_blank\" rel=\"noopener\"> l\u2019Agence d\u00e9partementale d\u2019am\u00e9nagement (ADA) de Verdun<\/a> se charge du jalonnement des d\u00e9viations.<\/p>\n<p>Un axe strat\u00e9gique momentan\u00e9ment perturb\u00e9<\/p>\n<p class=\" wall-content\">La RD903 constitue un axe particuli\u00e8rement fr\u00e9quent\u00e9 entre Verdun et Nancy. Le D\u00e9partement invite les automobilistes \u00e0 <strong>anticiper leurs d\u00e9placements et \u00e0 privil\u00e9gier les itin\u00e9raires de d\u00e9viation<\/strong> durant la p\u00e9riode des travaux.<\/p>\n<p class=\" wall-content\">Personnalisez votre actualit\u00e9 en ajoutant vos villes et m\u00e9dias en favori avec <a href=\"https:\/\/moncompte.actu.fr\" title=\"D\u00e9couvez Mon Actu\" rel=\"nofollow noopener\" data-trk=\"{&quot;cta&quot;:{&quot;action&quot;:&quot;https:\\\/\\\/moncompte.actu.fr&quot;,&quot;category&quot;:&quot;mon compte&quot;,&quot;from&quot;:&quot;article footer&quot;,&quot;name&quot;:&quot;Mon actu&quot;,&quot;type&quot;:&quot;cta&quot;}}\" target=\"_blank\">Mon Actu<\/a>.<\/p>\n","protected":false},"excerpt":{"rendered":"Par Agence de presse APEI Publi\u00e9 le 3 sept. 2025 \u00e0 11h52 \u00c0 la suite d\u2019une d\u00e9gradation constat\u00e9e&hellip;\n","protected":false},"author":2,"featured_media":362997,"comment_status":"","ping_status":"","sticky":false,"template":"","format":"standard","meta":{"footnotes":""},"categories":[9635],"tags":[1111,11,3542,1777,674,1011,27,775,1702,12,25,104,2086],"class_list":{"0":"post-362996","1":"post","2":"type-post","3":"status-publish","4":"format-standard","5":"has-post-thumbnail","7":"category-nancy","8":"tag-actu","9":"tag-actualites","10":"tag-circulation","11":"tag-eu","12":"tag-europe","13":"tag-fr","14":"tag-france","15":"tag-grand-est","16":"tag-nancy","17":"tag-news","18":"tag-republique-francaise","19":"tag-societe","20":"tag-travaux"},"share_on_mastodon":{"url":"https:\/\/pubeurope.com\/@fr\/115139849994660336","error":""},"_links":{"self":[{"href":"https:\/\/www.europesays.com\/fr\/wp-json\/wp\/v2\/posts\/362996","targetHints":{"allow":["GET"]}}],"collection":[{"href":"https:\/\/www.europesays.com\/fr\/wp-json\/wp\/v2\/posts"}],"about":[{"href":"https:\/\/www.europesays.com\/fr\/wp-json\/wp\/v2\/types\/post"}],"author":[{"embeddable":true,"href":"https:\/\/www.europesays.com\/fr\/wp-json\/wp\/v2\/users\/2"}],"replies":[{"embeddable":true,"href":"https:\/\/www.europesays.com\/fr\/wp-json\/wp\/v2\/comments?post=362996"}],"version-history":[{"count":0,"href":"https:\/\/www.europesays.com\/fr\/wp-json\/wp\/v2\/posts\/362996\/revisions"}],"wp:featuredmedia":[{"embeddable":true,"href":"https:\/\/www.europesays.com\/fr\/wp-json\/wp\/v2\/media\/362997"}],"wp:attachment":[{"href":"https:\/\/www.europesays.com\/fr\/wp-json\/wp\/v2\/media?parent=362996"}],"wp:term":[{"taxonomy":"category","embeddable":true,"href":"https:\/\/www.europesays.com\/fr\/wp-json\/wp\/v2\/categories?post=362996"},{"taxonomy":"post_tag","embeddable":true,"href":"https:\/\/www.europesays.com\/fr\/wp-json\/wp\/v2\/tags?post=362996"}],"curies":[{"name":"wp","href":"https:\/\/api.w.org\/{rel}","templated":true}]}}