{"id":362998,"date":"2025-09-03T10:17:15","date_gmt":"2025-09-03T10:17:15","guid":{"rendered":"https:\/\/www.europesays.com\/fr\/362998\/"},"modified":"2025-09-03T10:17:15","modified_gmt":"2025-09-03T10:17:15","slug":"a-sanary-deux-hommes-ligotes-et-roues-de-coups-a-leur-domicile-par-des-individus-armes-qui-sont-repartis-avec-des-bijoux-de-luxe","status":"publish","type":"post","link":"https:\/\/www.europesays.com\/fr\/362998\/","title":{"rendered":"A Sanary, deux hommes ligot\u00e9s et rou\u00e9s de coups \u00e0 leur domicile par des individus arm\u00e9s qui sont repartis avec des bijoux de luxe"},"content":{"rendered":"<p>Les faits se sont d\u00e9roul\u00e9s mardi vers 4h30 du matin, sur le chemin de la Piole Paul Venel, dans un quartier de Sanary r\u00e9put\u00e9 calme. <strong>Cinq individus cagoul\u00e9s et munis d\u2019un fusil automatique<\/strong> ont p\u00e9n\u00e9tr\u00e9 dans une habitation dans laquelle se trouvaient deux hommes \u00e2g\u00e9s de 20 \u00e0 30 ans, dont le propri\u00e9taire des lieux, indique le commissariat de Sanary, <a href=\"https:\/\/www.bfmtv.com\/var\/deux-personnes-ligotees-et-violentees-lors-d-un-home-jacking-a-sanary-sur-mer-les-cinq-agresseurs-en-fuite_AN-202509020260.html\" target=\"_blank\" rel=\"noopener nofollow\">confirmant une information de BFM<\/a>.<\/p>\n<p>Pris par surprise, <strong>le propri\u00e9taire et l\u2019un de ses proches ont \u00e9t\u00e9 rou\u00e9s de coups \u00e0 plusieurs reprises avant d\u2019\u00eatre ligot\u00e9s<\/strong> au moyen de liens en plastique que les agresseurs avaient probablement apport\u00e9s avec eux.<\/p>\n<p>Mis en fuite par un tiers<\/p>\n<p><strong>Les agresseurs se sont ensuite empar\u00e9s de robes et des bijoux de luxe<\/strong>, dont la valeur n\u2019a pas encore \u00e9t\u00e9 \u00e9valu\u00e9e. Mais ils ont quitt\u00e9 pr\u00e9cipitamment la villa en raison de l\u2019arriv\u00e9e d\u2019une personne qui rendait visite au propri\u00e9taire des lieux.<\/p>\n<p>Pour l\u2019heure, <strong>les cinq individus sont en fuite<\/strong> <strong>et aucune interpellation n\u2019a eu lieu<\/strong>. Une enqu\u00eate a \u00e9t\u00e9 ouverte pour \u00ab\u00a0association de malfaiteurs\u00a0\u00bb, \u00ab\u00a0s\u00e9questrations en bande organis\u00e9e\u00a0\u00bb, \u00ab\u00a0vol avec arme et en bande organis\u00e9e\u00a0\u00bb et \u00ab\u00a0d\u00e9tentions d\u2019armes de cat\u00e9gorie A et B en bande organis\u00e9e\u00a0\u00bb.<\/p>\n<p>Le commissariat de Sanary indique que les deux victimes ne sont pas connues des services de police. Il est pr\u00e9cis\u00e9 \u00e9galement que le propri\u00e9taire de la maison, qui poss\u00e8de une affaire sur le port de Bandol, a d\u00fb \u00eatre hospitalis\u00e9 en raison des nombreux coups qu\u2019il a re\u00e7us sur la t\u00eate.<\/p>\n","protected":false},"excerpt":{"rendered":"Les faits se sont d\u00e9roul\u00e9s mardi vers 4h30 du matin, sur le chemin de la Piole Paul Venel,&hellip;\n","protected":false},"author":2,"featured_media":345543,"comment_status":"","ping_status":"","sticky":false,"template":"","format":"standard","meta":{"footnotes":""},"categories":[9619],"tags":[1111,11,1777,674,118,1011,27,12,882,25,2310],"class_list":{"0":"post-362998","1":"post","2":"type-post","3":"status-publish","4":"format-standard","5":"has-post-thumbnail","7":"category-toulon","8":"tag-actu","9":"tag-actualites","10":"tag-eu","11":"tag-europe","12":"tag-faits-divers","13":"tag-fr","14":"tag-france","15":"tag-news","16":"tag-provence-alpes-cote-dazur","17":"tag-republique-francaise","18":"tag-toulon"},"share_on_mastodon":{"url":"https:\/\/pubeurope.com\/@fr\/115139854338300092","error":""},"_links":{"self":[{"href":"https:\/\/www.europesays.com\/fr\/wp-json\/wp\/v2\/posts\/362998","targetHints":{"allow":["GET"]}}],"collection":[{"href":"https:\/\/www.europesays.com\/fr\/wp-json\/wp\/v2\/posts"}],"about":[{"href":"https:\/\/www.europesays.com\/fr\/wp-json\/wp\/v2\/types\/post"}],"author":[{"embeddable":true,"href":"https:\/\/www.europesays.com\/fr\/wp-json\/wp\/v2\/users\/2"}],"replies":[{"embeddable":true,"href":"https:\/\/www.europesays.com\/fr\/wp-json\/wp\/v2\/comments?post=362998"}],"version-history":[{"count":0,"href":"https:\/\/www.europesays.com\/fr\/wp-json\/wp\/v2\/posts\/362998\/revisions"}],"wp:featuredmedia":[{"embeddable":true,"href":"https:\/\/www.europesays.com\/fr\/wp-json\/wp\/v2\/media\/345543"}],"wp:attachment":[{"href":"https:\/\/www.europesays.com\/fr\/wp-json\/wp\/v2\/media?parent=362998"}],"wp:term":[{"taxonomy":"category","embeddable":true,"href":"https:\/\/www.europesays.com\/fr\/wp-json\/wp\/v2\/categories?post=362998"},{"taxonomy":"post_tag","embeddable":true,"href":"https:\/\/www.europesays.com\/fr\/wp-json\/wp\/v2\/tags?post=362998"}],"curies":[{"name":"wp","href":"https:\/\/api.w.org\/{rel}","templated":true}]}}