{"id":362999,"date":"2025-09-03T10:18:10","date_gmt":"2025-09-03T10:18:10","guid":{"rendered":"https:\/\/www.europesays.com\/fr\/362999\/"},"modified":"2025-09-03T10:18:10","modified_gmt":"2025-09-03T10:18:10","slug":"transfert-cet-ailier-international-passe-par-toulon-et-brive-debarque-a-narbonne","status":"publish","type":"post","link":"https:\/\/www.europesays.com\/fr\/362999\/","title":{"rendered":"TRANSFERT. Cet ailier international pass\u00e9 par Toulon et Brive d\u00e9barque \u00e0 Narbonne"},"content":{"rendered":"<p>Le Racing Club Narbonnais frappe un joli coup sur le march\u00e9 avec l\u2019arriv\u00e9e d\u2019Axel M\u00fcller, ailier international argentin de 31 ans, qui s\u2019engage pour la saison 2025-2026.<\/p>\n<p>Un CV solide et une palette compl\u00e8te<\/p>\n<p>Une recrue de poids pour le club audois, qui mise sur son explosivit\u00e9 et son v\u00e9cu au plus haut niveau pour dynamiser sa ligne de trois-quarts.<\/p>\n<p>Form\u00e9 en <a href=\"https:\/\/www.lerugbynistere.fr\/equipes-nationales\/argentine.php\" ui-sref=\"app.team({teamId: 25})\" alt=\"Argentine\" data-route=\"app.team\" data-param=\"teamId\" data-id=\"25\" rel=\"nofollow noopener\" target=\"_blank\">Argentine<\/a>, pass\u00e9 par le <a href=\"https:\/\/www.lerugbynistere.fr\/rugby-a-7\/\" alt=\"Rugby \u00e0 7\" rel=\"nofollow noopener\" target=\"_blank\">rugby \u00e0 7<\/a> (il a disput\u00e9 les JO de Rio en 2016) puis le <a href=\"https:\/\/www.lerugbynistere.fr\/championnats\/top-14\" ui-sref=\"app.competition({competitionId: 1})\" alt=\"Top 14\" data-route=\"app.competition\" data-param=\"competitionId\" data-id=\"1\" rel=\"nofollow noopener\" target=\"_blank\">Top 14<\/a> sous les couleurs de <a href=\"https:\/\/www.lerugbynistere.fr\/clubs\/rugby-club-toulonnais.php\" ui-sref=\"app.team({teamId: 28})\" alt=\"Toulon\" data-route=\"app.team\" data-param=\"teamId\" data-id=\"28\" rel=\"nofollow noopener\" target=\"_blank\">Toulon<\/a> et <a href=\"https:\/\/www.lerugbynistere.fr\/clubs\/cabcl-brive.php\" ui-sref=\"app.team({teamId: 35})\" alt=\"Brive\" data-route=\"app.team\" data-param=\"teamId\" data-id=\"35\" rel=\"nofollow noopener\" target=\"_blank\">Brive<\/a>, M\u00fcller coche toutes les cases de l\u2019ailier moderne : rapide, puissant, propre techniquement, capable d\u2019alterner entre jeu de mouvement et percussion.<\/p>\n<p>Une recrue d\u2019exp\u00e9rience pour encadrer les jeunes<\/p>\n<p>Du haut de ses 1,86 m pour 96 kg, l\u2019Argentin viendra encadrer les jeunes talents narbonnais et apporter toute son exp\u00e9rience des joutes de haut niveau.<\/p>\n<p>Sa capacit\u00e9 \u00e0 cr\u00e9er des d\u00e9calages, \u00e0 finir les coups et \u00e0 se rendre disponible dans tous les coins du terrain en fait une arme offensive pr\u00e9cieuse pour le RCN.<\/p>\n<p>Un profil taill\u00e9 pour le jeu narbonnais<\/p>\n<p>Axel M\u00fcller arrive libre apr\u00e8s\u00a0plusieurs pass\u00e9es\u00a0\u00e0 Brive puis deux saisons au sein de la Major League Rugby. Le staff narbonnais n\u2019a pas h\u00e9sit\u00e9 une seconde pour l\u2019int\u00e9grer au projet. L\u2019objectif : franchir un cap en <a href=\"https:\/\/www.lerugbynistere.fr\/championnats\/nationale\" ui-sref=\"app.competition({competitionId: 80})\" alt=\"Nationale\" data-route=\"app.competition\" data-param=\"competitionId\" data-id=\"80\" rel=\"nofollow noopener\" target=\"_blank\">Nationale<\/a> et viser les phases finales avec un groupe dense et ambitieux.<\/p>\n<p>Dans un championnat o\u00f9 les d\u00e9tails comptent, l\u2019apport d\u2019un joueur rompu aux joutes internationales pourrait bien faire la diff\u00e9rence dans les moments cl\u00e9s.<\/p>\n<p>Avec ce recrutement, le RCN envoie un message clair : <a href=\"https:\/\/www.lerugbynistere.fr\/clubs\/rcnm-narbonne.php\" ui-sref=\"app.team({teamId: 50})\" alt=\"Narbonne\" data-route=\"app.team\" data-param=\"teamId\" data-id=\"50\" rel=\"nofollow noopener\" target=\"_blank\">Narbonne<\/a> veut (re)jouer les premiers r\u00f4les. Et avec un finisseur du calibre d\u2019Axel M\u00fcller, le public narbonnais pourrait vite se remettre \u00e0 r\u00eaver.<\/p>\n","protected":false},"excerpt":{"rendered":"Le Racing Club Narbonnais frappe un joli coup sur le march\u00e9 avec l\u2019arriv\u00e9e d\u2019Axel M\u00fcller, ailier international argentin&hellip;\n","protected":false},"author":2,"featured_media":363000,"comment_status":"","ping_status":"","sticky":false,"template":"","format":"standard","meta":{"footnotes":""},"categories":[9619],"tags":[1111,11,1777,674,1011,27,12,882,25,2310],"class_list":{"0":"post-362999","1":"post","2":"type-post","3":"status-publish","4":"format-standard","5":"has-post-thumbnail","7":"category-toulon","8":"tag-actu","9":"tag-actualites","10":"tag-eu","11":"tag-europe","12":"tag-fr","13":"tag-france","14":"tag-news","15":"tag-provence-alpes-cote-dazur","16":"tag-republique-francaise","17":"tag-toulon"},"share_on_mastodon":{"url":"https:\/\/pubeurope.com\/@fr\/115139857870903342","error":""},"_links":{"self":[{"href":"https:\/\/www.europesays.com\/fr\/wp-json\/wp\/v2\/posts\/362999","targetHints":{"allow":["GET"]}}],"collection":[{"href":"https:\/\/www.europesays.com\/fr\/wp-json\/wp\/v2\/posts"}],"about":[{"href":"https:\/\/www.europesays.com\/fr\/wp-json\/wp\/v2\/types\/post"}],"author":[{"embeddable":true,"href":"https:\/\/www.europesays.com\/fr\/wp-json\/wp\/v2\/users\/2"}],"replies":[{"embeddable":true,"href":"https:\/\/www.europesays.com\/fr\/wp-json\/wp\/v2\/comments?post=362999"}],"version-history":[{"count":0,"href":"https:\/\/www.europesays.com\/fr\/wp-json\/wp\/v2\/posts\/362999\/revisions"}],"wp:featuredmedia":[{"embeddable":true,"href":"https:\/\/www.europesays.com\/fr\/wp-json\/wp\/v2\/media\/363000"}],"wp:attachment":[{"href":"https:\/\/www.europesays.com\/fr\/wp-json\/wp\/v2\/media?parent=362999"}],"wp:term":[{"taxonomy":"category","embeddable":true,"href":"https:\/\/www.europesays.com\/fr\/wp-json\/wp\/v2\/categories?post=362999"},{"taxonomy":"post_tag","embeddable":true,"href":"https:\/\/www.europesays.com\/fr\/wp-json\/wp\/v2\/tags?post=362999"}],"curies":[{"name":"wp","href":"https:\/\/api.w.org\/{rel}","templated":true}]}}