{"id":363001,"date":"2025-09-03T10:19:10","date_gmt":"2025-09-03T10:19:10","guid":{"rendered":"https:\/\/www.europesays.com\/fr\/363001\/"},"modified":"2025-09-03T10:19:10","modified_gmt":"2025-09-03T10:19:10","slug":"fermeture-definitive-cette-enseigne-de-burgers-bien-connue-a-montpellier-baisse-le-rideau","status":"publish","type":"post","link":"https:\/\/www.europesays.com\/fr\/363001\/","title":{"rendered":"\u00ab\u00a0Fermeture d\u00e9finitive\u00a0\u00bb\u00a0: cette enseigne de burgers bien connue \u00e0 Montpellier baisse le rideau"},"content":{"rendered":"<p>\n                                                                La franchise Big Fernand, install\u00e9e depuis 2016 place Jean-Jaur\u00e8s en plein centre de Montpellier, vient d\u2019annoncer sa fermeture d\u00e9finitive.\n                            <\/p>\n<p>Presque dix ans apr\u00e8s son ouverture, le restaurant sp\u00e9cialiste des burgers Big Fernand baisse le rideau \u00e0 Montpellier. L\u2019enseigne situ\u00e9e 6 place Jean-Jaur\u00e8s vient d\u2019informer sa client\u00e8le de sa \u00ab\u00a0fermeture d\u00e9finitive\u00a0\u00bb en ce d\u00e9but du mois de septembre.<\/p>\n<p>Depuis plusieurs semaines d\u00e9j\u00e0, son propri\u00e9taire avait annonc\u00e9 la mise en vente du restaurant franchis\u00e9, situ\u00e9\u00a0en plein centre-ville de Montpellier.<\/p>\n<p>La franchise implant\u00e9e depuis 2016<\/p>\n<p>Imagin\u00e9 en 2012 \u00e0 Paris, le concept Big Fernand, qui\u00a0promet un \u00ab\u00a0hamburg\u00e9\u00a0\u00e0 la fran\u00e7aise\u00a0\u00bb, compte une cinquantaine de restaurants \u00e0 travers l\u2019hexagone.<a href=\"https:\/\/www.midilibre.fr\/2016\/06\/16\/le-specialiste-du-burger-big-fernand-arrive-a-montpellier-et-nimes,1350185.php\" target=\"_blank\" rel=\"nofollow noopener\"> En juin\u00a02016, ils avaient ouvert<\/a> quasi simultan\u00e9ment deux nouveaux points de vente \u00e0 Montpellier et N\u00eemes.<\/p>\n","protected":false},"excerpt":{"rendered":"La franchise Big Fernand, install\u00e9e depuis 2016 place Jean-Jaur\u00e8s en plein centre de Montpellier, vient d\u2019annoncer sa fermeture&hellip;\n","protected":false},"author":2,"featured_media":363002,"comment_status":"","ping_status":"","sticky":false,"template":"","format":"standard","meta":{"footnotes":""},"categories":[9599],"tags":[1111,11,1777,674,1011,27,2208,12,2680,25],"class_list":{"0":"post-363001","1":"post","2":"type-post","3":"status-publish","4":"format-standard","5":"has-post-thumbnail","7":"category-montpellier","8":"tag-actu","9":"tag-actualites","10":"tag-eu","11":"tag-europe","12":"tag-fr","13":"tag-france","14":"tag-montpellier","15":"tag-news","16":"tag-occitanie","17":"tag-republique-francaise"},"share_on_mastodon":{"url":"https:\/\/pubeurope.com\/@fr\/115139861841372573","error":""},"_links":{"self":[{"href":"https:\/\/www.europesays.com\/fr\/wp-json\/wp\/v2\/posts\/363001","targetHints":{"allow":["GET"]}}],"collection":[{"href":"https:\/\/www.europesays.com\/fr\/wp-json\/wp\/v2\/posts"}],"about":[{"href":"https:\/\/www.europesays.com\/fr\/wp-json\/wp\/v2\/types\/post"}],"author":[{"embeddable":true,"href":"https:\/\/www.europesays.com\/fr\/wp-json\/wp\/v2\/users\/2"}],"replies":[{"embeddable":true,"href":"https:\/\/www.europesays.com\/fr\/wp-json\/wp\/v2\/comments?post=363001"}],"version-history":[{"count":0,"href":"https:\/\/www.europesays.com\/fr\/wp-json\/wp\/v2\/posts\/363001\/revisions"}],"wp:featuredmedia":[{"embeddable":true,"href":"https:\/\/www.europesays.com\/fr\/wp-json\/wp\/v2\/media\/363002"}],"wp:attachment":[{"href":"https:\/\/www.europesays.com\/fr\/wp-json\/wp\/v2\/media?parent=363001"}],"wp:term":[{"taxonomy":"category","embeddable":true,"href":"https:\/\/www.europesays.com\/fr\/wp-json\/wp\/v2\/categories?post=363001"},{"taxonomy":"post_tag","embeddable":true,"href":"https:\/\/www.europesays.com\/fr\/wp-json\/wp\/v2\/tags?post=363001"}],"curies":[{"name":"wp","href":"https:\/\/api.w.org\/{rel}","templated":true}]}}