{"id":363004,"date":"2025-09-03T10:21:10","date_gmt":"2025-09-03T10:21:10","guid":{"rendered":"https:\/\/www.europesays.com\/fr\/363004\/"},"modified":"2025-09-03T10:21:10","modified_gmt":"2025-09-03T10:21:10","slug":"lenseignant-reste-a-lecart-du-campus","status":"publish","type":"post","link":"https:\/\/www.europesays.com\/fr\/363004\/","title":{"rendered":"l&rsquo;enseignant reste \u00e0 l&rsquo;\u00e9cart du campus"},"content":{"rendered":"<p>            Par<br \/>\n        <strong><br \/>\n            <a href=\"https:\/\/actu.fr\/auteur\/julien-bouteiller\" title=\"Consulter tous les articles de Julien Bouteiller\" target=\"_blank\" rel=\"noopener\">Julien Bouteiller<\/a><br \/>\n        <\/strong><\/p>\n<p>        Publi\u00e9 le<\/p>\n<p>            3 sept. 2025 \u00e0 12h00        <\/p>\n<p>Souvenez-vous, en mars dernier, <a href=\"https:\/\/actu.fr\/normandie\/rouen_76540\/chute-etudiant-a-la-fac-de-droit-a-rouen-questionnements-et-loi-du-silence-sur-le-campus_62364159.html\" target=\"_blank\" rel=\"noopener\">la tentative de suicide d\u2019un \u00e9tudiant<\/a> <strong>sur le campus de la fac de droit de Rouen<\/strong> suscitait une vive \u00e9motion. Alors que l\u2019Universit\u00e9 fait sa rentr\u00e9e en ce d\u00e9but septembre 2025, on apprend que l\u2019enseignant mis en cause dans cette affaire se <strong>tient toujours \u00e0 l\u2019\u00e9cart du campus<\/strong>. On fait le point.<\/p>\n<p>Accusations de racisme et tentative de suicide<\/p>\n<p class=\" wall-content\">En effet, la tentative de suicide d\u2019un \u00e9tudiant, en plein hall du campus Pasteur \u00e9tait la suite d\u2019une affaire qui secouait d\u00e9j\u00e0 l\u2019Universit\u00e9. Le jeune homme avait <strong>d\u00e9nonc\u00e9 les propos racistes et humiliants<\/strong> de son enseignant Pierre Antoine-Sprimont (<a href=\"https:\/\/actu.fr\/normandie\/rouen_76540\/la-tentative-de-suicide-d-un-etudiant-s-invite-au-conseil-municipal-de-rouen_62462273.html\" target=\"_blank\" rel=\"noopener\">par ailleurs \u00e9lu d\u2019opposition au conseil municipal de Rouen<\/a>).<\/p>\n<p class=\" wall-content\">Ce dernier a \u00e9t\u00e9 <strong>suspendu pendant deux ans d\u2019une partie de ses cours<\/strong> suite \u00e0 ces d\u00e9nonciations. L\u2019affaire a ensuite \u00e9t\u00e9 m\u00e9diatis\u00e9e, donnant lieu \u00e0 un droit de r\u00e9ponse cinglant de l\u2019enseignant. Quelques jours apr\u00e8s, son \u00e9tudiant sautait d\u2019une passerelle de la fac.<\/p>\n<p>\u00ab\u00a0Pour l\u2019Universit\u00e9, le probl\u00e8me a \u00e9t\u00e9 trait\u00e9\u00a0\u00bb<\/p>\n<p class=\" wall-content\"><strong>\u00ab\u00a0Cet \u00e9tudiant va bien\u00a0\u00bb<\/strong>, assure aujourd\u2019hui Franck Le Derf, pr\u00e9sident de l\u2019Universit\u00e9 de Rouen. \u00ab\u00a0Il est toujours suivi.\u00a0\u00bb<\/p>\n<p class=\" wall-content\">Quant \u00e0 l\u2019enseignant ? \u00ab\u00a0Il est toujours suspendu [d\u2019une partie de ses cours]. Mais je ne souhaite pas le suspendre [du reste]. <strong>Pour l\u2019Universit\u00e9, le probl\u00e8me a \u00e9t\u00e9 trait\u00e9<\/strong>.\u00a0\u00bb<\/p>\n<p class=\" wall-content\">Le pr\u00e9sident pr\u00e9cise toutefois que les enseignements encore assur\u00e9s par Pierre-Antoine Sprimont le sont <strong>en distanciel.\u00a0<\/strong><\/p>\n<p>Votre r\u00e9gion, votre actu !<\/p>\n<p>Recevez chaque jour les infos qui comptent pour vous.<\/p>\n<p>\t<a href=\"https:\/\/actu.fr\/newsletter\" class=\"ac-btn ac-btn--corner ac-btn--medium ac-btn--blue800\" target=\"_blank\" rel=\"noopener\">S&rsquo;incrire<\/a><\/p>\n<p class=\" wall-content\">Il faut par ailleurs rappeler <strong>qu\u2019une enqu\u00eate judiciaire est en cours<\/strong>, cons\u00e9cutive \u00e0 la tentative de suicide. Et aussi qu\u2019une enqu\u00eate interne \u00e0 l\u2019Universit\u00e9 a \u00e9t\u00e9 men\u00e9e. \u00ab\u00a0Le compte-rendu doit arriver courant octobre\u00a0\u00bb, selon Franck Le Derf qui insiste sur le fait que depuis, \u00ab\u00a0on a augment\u00e9 la pr\u00e9vention avec une cellule d\u2019\u00e9coute et les prestations d\u2019accompagnement\u00a0\u00bb.<\/p>\n<p>Face au d\u00e9sespoir, il ne faut surtout pas rester seul. Des plateformes t\u00e9l\u00e9phoniques d\u2019\u00e9coute et structures d\u2019accueil existent partout sur le territoire normand pour aider les personnes les plus d\u00e9munies. <a href=\"https:\/\/www.normandie.ars.sante.fr\/prevention-du-suicide\" target=\"_blank\" rel=\"noopener\">Plus d\u2019informations ici<\/a>.Suivez l\u2019actualit\u00e9 de Rouen <a href=\"https:\/\/www.whatsapp.com\/channel\/0029VaKfnf99hXF2ddApFB1D\" target=\"_blank\" rel=\"noopener\">sur notre cha\u00eene WhatsApp<\/a> et <a href=\"https:\/\/www.tiktok.com\/@76actu.fr?lang=fr\" target=\"_blank\" rel=\"noopener\">sur notre compte TikTok<\/a><\/p>\n<p class=\" wall-content\">Personnalisez votre actualit\u00e9 en ajoutant vos villes et m\u00e9dias en favori avec <a href=\"https:\/\/moncompte.actu.fr\" title=\"D\u00e9couvez Mon Actu\" rel=\"nofollow noopener\" data-trk=\"{&quot;cta&quot;:{&quot;action&quot;:&quot;https:\\\/\\\/moncompte.actu.fr&quot;,&quot;category&quot;:&quot;mon compte&quot;,&quot;from&quot;:&quot;article footer&quot;,&quot;name&quot;:&quot;Mon actu&quot;,&quot;type&quot;:&quot;cta&quot;}}\" target=\"_blank\">Mon Actu<\/a>.<\/p>\n<p>                    <script async src=\"\/\/www.tiktok.com\/embed.js\"><\/script><\/p>\n","protected":false},"excerpt":{"rendered":"Par Julien Bouteiller Publi\u00e9 le 3 sept. 2025 \u00e0 12h00 Souvenez-vous, en mars dernier, la tentative de suicide&hellip;\n","protected":false},"author":2,"featured_media":363005,"comment_status":"","ping_status":"","sticky":false,"template":"","format":"standard","meta":{"footnotes":""},"categories":[9587],"tags":[1111,11,1777,674,1011,27,12,5161,25,9590,104,18094],"class_list":{"0":"post-363004","1":"post","2":"type-post","3":"status-publish","4":"format-standard","5":"has-post-thumbnail","7":"category-rouen","8":"tag-actu","9":"tag-actualites","10":"tag-eu","11":"tag-europe","12":"tag-fr","13":"tag-france","14":"tag-news","15":"tag-normandie","16":"tag-republique-francaise","17":"tag-rouen","18":"tag-societe","19":"tag-universite-de-rouen"},"share_on_mastodon":{"url":"https:\/\/pubeurope.com\/@fr\/115139869628297508","error":""},"_links":{"self":[{"href":"https:\/\/www.europesays.com\/fr\/wp-json\/wp\/v2\/posts\/363004","targetHints":{"allow":["GET"]}}],"collection":[{"href":"https:\/\/www.europesays.com\/fr\/wp-json\/wp\/v2\/posts"}],"about":[{"href":"https:\/\/www.europesays.com\/fr\/wp-json\/wp\/v2\/types\/post"}],"author":[{"embeddable":true,"href":"https:\/\/www.europesays.com\/fr\/wp-json\/wp\/v2\/users\/2"}],"replies":[{"embeddable":true,"href":"https:\/\/www.europesays.com\/fr\/wp-json\/wp\/v2\/comments?post=363004"}],"version-history":[{"count":0,"href":"https:\/\/www.europesays.com\/fr\/wp-json\/wp\/v2\/posts\/363004\/revisions"}],"wp:featuredmedia":[{"embeddable":true,"href":"https:\/\/www.europesays.com\/fr\/wp-json\/wp\/v2\/media\/363005"}],"wp:attachment":[{"href":"https:\/\/www.europesays.com\/fr\/wp-json\/wp\/v2\/media?parent=363004"}],"wp:term":[{"taxonomy":"category","embeddable":true,"href":"https:\/\/www.europesays.com\/fr\/wp-json\/wp\/v2\/categories?post=363004"},{"taxonomy":"post_tag","embeddable":true,"href":"https:\/\/www.europesays.com\/fr\/wp-json\/wp\/v2\/tags?post=363004"}],"curies":[{"name":"wp","href":"https:\/\/api.w.org\/{rel}","templated":true}]}}