{"id":363006,"date":"2025-09-03T10:24:10","date_gmt":"2025-09-03T10:24:10","guid":{"rendered":"https:\/\/www.europesays.com\/fr\/363006\/"},"modified":"2025-09-03T10:24:10","modified_gmt":"2025-09-03T10:24:10","slug":"grenoble-voici-les-candidats-prets-a-remplacer-eric-piolle-des-surprises-possibles","status":"publish","type":"post","link":"https:\/\/www.europesays.com\/fr\/363006\/","title":{"rendered":"Grenoble. Voici les candidats pr\u00eats \u00e0 remplacer \u00c9ric Piolle, des surprises possibles"},"content":{"rendered":"<p>            Par<br \/>\n        <strong><br \/>\n            <a href=\"https:\/\/actu.fr\/auteur\/lisa-rodrigues\" title=\"Consulter tous les articles de Lisa Rodrigues\" rel=\"nofollow noopener\" target=\"_blank\">Lisa Rodrigues<\/a><br \/>\n        <\/strong><\/p>\n<p>        Publi\u00e9 le<\/p>\n<p>            3 sept. 2025 \u00e0 12h13        <\/p>\n<p>Fin ao\u00fbt, le gouvernement a annonc\u00e9 les <a href=\"https:\/\/actu.fr\/politique\/elections-municipales\/les-dates-des-elections-municipales-sont-tombees-elles-auront-lieu-les-15-et-22-mars-2026_63083223.html\" rel=\"nofollow noopener\" target=\"_blank\">dates des municipales 2026<\/a>, fix\u00e9es au 15 et 22 mars prochains. Avec la rentr\u00e9e, la campagne devrait s\u2019acc\u00e9l\u00e9rer.<br \/>\u00c0 <a href=\"https:\/\/actu.fr\/auvergne-rhone-alpes\/grenoble_38185\" rel=\"nofollow noopener\" target=\"_blank\">Grenoble<\/a>, le maire \u00e9cologiste \u00c9ric Piolle ne se repr\u00e9sentera pas pour un troisi\u00e8me mandat. Ils sont encore peu \u00e0 s\u2019\u00eatre officiellement d\u00e9clar\u00e9s candidats pour le si\u00e8ge de maire, mais en coulisses, on s\u2019active. Petit tour d\u2019horizon de ce que l\u2019on sait en ce d\u00e9but du mois de septembre.<\/p>\n<p>Les candidats d\u00e9clar\u00e9s<\/p>\n<p class=\" wall-content\">Il a \u00e9t\u00e9 le premier \u00e0 se d\u00e9clarer candidat \u00e0 la mairie de Grenoble en avril. <a href=\"https:\/\/actu.fr\/auvergne-rhone-alpes\/grenoble_38185\/municipales-2026-qui-est-herve-gerbi-le-premier-candidat-a-la-mairie-de-grenoble_62539289.html\" rel=\"nofollow noopener\" target=\"_blank\">Herv\u00e9 Gerbi<\/a>, avocat de profession, se place plut\u00f4t au centre-droit de l\u2019\u00e9chiquier politique. Fin juillet, il a \u00e9t\u00e9 d\u00e9sign\u00e9 chef de file du parti Horizons \u2013 cr\u00e9\u00e9 par l\u2019ancien Premier ministre \u00c9douard Philippe \u2013 \u00e0 Grenoble. Il compte toutefois attirer au-del\u00e0 de la droite et vient d\u2019ailleurs de recevoir le soutien de <a href=\"https:\/\/actu.fr\/auvergne-rhone-alpes\/grenoble_38185\/insecurite-a-grenoble-le-bilan-catastrophique-d-eric-piolle-denonce-par-une-ex-elue_62308004.html\" rel=\"nofollow noopener\" target=\"_blank\">Hakima Necib<\/a>, ex-\u00e9lue du PS et pr\u00e9sidente du collectif Demain Grenoble.<\/p>\n<p>    <a href=\"https:\/\/www.facebook.com\/plugins\/post.php?href=https%3A%2F%2Fwww.facebook.com%2Fherve.gerbi%2Fposts%2Fpfbid02SATD9szA2sxU5RQjYQ8Hc5JVqxRT9D52HePk6EgqSE8Zwgzr7beTRURr1wijTgCzl&amp;show_text=true&amp;width=350\" title=\"Ouvrie le lien\" rel=\"nofollow noopener\" target=\"_blank\">Cliquez ici pour visualiser le contenu<\/a><\/p>\n<p class=\" wall-content\">Il y a aussi\u00a0<a href=\"https:\/\/actu.fr\/auvergne-rhone-alpes\/grenoble_38185\/municipales-2026-a-grenoble-alain-carignon-est-candidat-les-grenoblois-meritent-le-meilleur_62735518.html\" rel=\"nofollow noopener\" target=\"_blank\">Alain Carignon<\/a> (LR), ancien maire de la capitale des Alpes et actuel chef de file d\u2019un des groupes d\u2019opposition municipale, qui a officialis\u00e9 sa candidature en juin. Une d\u00e9cision qui n\u2019est pas vraiment une surprise, son nom \u00e9tant cit\u00e9 depuis des mois par la droite grenobloise pour le scrutin.<\/p>\n<p>    <a href=\"https:\/\/www.facebook.com\/plugins\/video.php?height=476&amp;href=https%3A%2F%2Fwww.facebook.com%2Freel%2F2145588882594568%2F&amp;show_text=false&amp;width=350&amp;t=0\" title=\"Ouvrie le lien\" rel=\"nofollow noopener\" target=\"_blank\">Cliquez ici pour visualiser le contenu<\/a><\/p>\n<p>La majorit\u00e9 sortante pas encore d\u00e9cid\u00e9e<\/p>\n<p class=\" wall-content\">Chez les \u00c9cologistes, le nom de <strong>Laurence Ruffin<\/strong> \u2013 dirigeante d\u2019une coop\u00e9rative et s\u0153ur du d\u00e9put\u00e9 Fran\u00e7ois Ruffin \u2013 revient fr\u00e9quemment. Elle a \u00e9t\u00e9 d\u00e9sign\u00e9e avec deux adjointes d\u2019<a href=\"https:\/\/actu.fr\/tag\/eric-piolle\" rel=\"nofollow noopener\" target=\"_blank\">\u00c9ric Piolle<\/a>, Lucille Lheureux et Margot Belair, et un conseiller d\u00e9l\u00e9gu\u00e9, Nicolas Beron-Perez, pour organiser la candidature du parti \u00e0 Grenoble.<\/p>\n<p class=\" wall-content\">Si LFI est actuellement alli\u00e9 de la majorit\u00e9 municipale, le parti ne cache pas ses intentions de faire cavalier seul l\u00e0 o\u00f9 c\u2019est possible. <strong>Allan Brunon<\/strong>, co-chef de file LFI avec la d\u00e9put\u00e9e \u00c9lisa Martin, n\u2019\u00e9carte d\u2019ailleurs pas cette possibilit\u00e9 pour Grenoble dans une interview r\u00e9cemment accord\u00e9e \u00e0 <a href=\"https:\/\/www.placegrenet.fr\/2025\/08\/11\/une-liste-lfi-aux-municipales-de-grenoble-allan-brunon-chef-de-file-des-insoumis-laisse-planer-le-suspense\/657605\" rel=\"nofollow noopener\" target=\"_blank\">Place Gre\u2019Net<\/a>.\u00a0<\/p>\n<p>Votre r\u00e9gion, votre actu !<\/p>\n<p>Recevez chaque jour les infos qui comptent pour vous.<\/p>\n<p>\t<a href=\"https:\/\/actu.fr\/newsletter\" class=\"ac-btn ac-btn--corner ac-btn--medium ac-btn--blue800\" rel=\"nofollow noopener\" target=\"_blank\">S&rsquo;incrire<\/a><\/p>\n<p class=\" wall-content\">\n<p>\u00c0 gauche, le choix est large<\/p>\n<p class=\" wall-content\">Pour ce qui concerne le reste de la gauche, la situation reste encore floue. Aucun nom ne se d\u00e9tache vraiment, mais des regroupements de listes sont possibles.<\/p>\n<p class=\" wall-content\">Le collectif <a href=\"https:\/\/actu.fr\/auvergne-rhone-alpes\/grenoble_38185\/municipales-a-grenoble-a-gauche-un-mouvement-citoyen-veut-redistribuer-les-cartes_62448230.html\" rel=\"nofollow noopener\" target=\"_blank\">Grenoble Capitale Citoyenne<\/a> vient de passer une \u00e9tape en d\u00e9signant <strong>Romain Gentil<\/strong> (Place Publique), conseiller municipal d\u2019opposition, comme chef de file. Et il ne cache pas son envie de devenir t\u00eate de liste\u2026<\/p>\n<p>    <a href=\"https:\/\/www.facebook.com\/plugins\/post.php?href=https%3A%2F%2Fwww.facebook.com%2FGrenobleCapitaleCitoyenne%2Fposts%2Fpfbid0KRUtBYw9uGpu1o8CFP9S4tsRxqk6nNFR7vp3hBxNNawmWqsmqkU4zweNN6e2aF4Kl&amp;show_text=true&amp;width=350\" title=\"Ouvrie le lien\" rel=\"nofollow noopener\" target=\"_blank\">Cliquez ici pour visualiser le contenu<\/a><\/p>\n<p class=\" wall-content\">Du c\u00f4t\u00e9 du PS, c\u2019est <strong>Amandine Germain<\/strong>, conseill\u00e8re d\u00e9partementale de l\u2019Is\u00e8re, qui porte actuellement les couleurs du parti dans la campagne, sans avoir \u00e9t\u00e9 officiellement d\u00e9sign\u00e9e candidate.<\/p>\n<p>    <a href=\"https:\/\/www.facebook.com\/plugins\/post.php?href=https%3A%2F%2Fwww.facebook.com%2Fpermalink.php%3Fstory_fbid%3Dpfbid0dAgHAjCLhLtjKNpoLYsUoLu7rgL75keXTc9i98WBUpQmW4JVy6TsDn3Wa1sc5Jazl%26id%3D100009204550118&amp;show_text=true&amp;width=350\" title=\"Ouvrie le lien\" rel=\"nofollow noopener\" target=\"_blank\">Cliquez ici pour visualiser le contenu<\/a><\/p>\n<p>Ils ne se sont pas encore prononc\u00e9s<\/p>\n<p class=\" wall-content\">Pour ce qui est du parti pr\u00e9sidentiel, le d\u00e9but de la campagne des municipales est pour le moins calme. <strong>\u00c9milie Chalas<\/strong>, d\u00e9j\u00e0 candidate sous les couleurs de Renaissance en 2020 pour la mairie de Grenoble, n\u2019a pas encore indiqu\u00e9 si elle retourne dans l\u2019ar\u00e8ne.<\/p>\n<p class=\" wall-content\">Enfin, du c\u00f4t\u00e9 du RN \u2013 qui n\u2019avait finalement pas pr\u00e9sent\u00e9 de liste lors des derni\u00e8res municipales grenobloises -, on ne cache pas r\u00e9fl\u00e9chir s\u00e9rieusement \u00e0 proposer un candidat dans la capitale des Alpes. Aucun nom n\u2019a, pour le moment, \u00e9t\u00e9 avanc\u00e9.<\/p>\n<p class=\" wall-content\">Personnalisez votre actualit\u00e9 en ajoutant vos villes et m\u00e9dias en favori avec <a href=\"https:\/\/moncompte.actu.fr\" title=\"D\u00e9couvez Mon Actu\" rel=\"nofollow noopener\" data-trk=\"{&quot;cta&quot;:{&quot;action&quot;:&quot;https:\\\/\\\/moncompte.actu.fr&quot;,&quot;category&quot;:&quot;mon compte&quot;,&quot;from&quot;:&quot;article footer&quot;,&quot;name&quot;:&quot;Mon actu&quot;,&quot;type&quot;:&quot;cta&quot;}}\" target=\"_blank\">Mon Actu<\/a>.<\/p>\n","protected":false},"excerpt":{"rendered":"Par Lisa Rodrigues Publi\u00e9 le 3 sept. 2025 \u00e0 12h13 Fin ao\u00fbt, le gouvernement a annonc\u00e9 les dates&hellip;\n","protected":false},"author":2,"featured_media":363007,"comment_status":"","ping_status":"","sticky":false,"template":"","format":"standard","meta":{"footnotes":""},"categories":[9566],"tags":[1111,11,2430,9607,1777,674,1011,27,2731,3434,12,25,104],"class_list":{"0":"post-363006","1":"post","2":"type-post","3":"status-publish","4":"format-standard","5":"has-post-thumbnail","7":"category-grenoble","8":"tag-actu","9":"tag-actualites","10":"tag-auvergne-rhone-alpes","11":"tag-eric-piolle","12":"tag-eu","13":"tag-europe","14":"tag-fr","15":"tag-france","16":"tag-grenoble","17":"tag-municipales-2026","18":"tag-news","19":"tag-republique-francaise","20":"tag-societe"},"share_on_mastodon":{"url":"https:\/\/pubeurope.com\/@fr\/115139881518288737","error":""},"_links":{"self":[{"href":"https:\/\/www.europesays.com\/fr\/wp-json\/wp\/v2\/posts\/363006","targetHints":{"allow":["GET"]}}],"collection":[{"href":"https:\/\/www.europesays.com\/fr\/wp-json\/wp\/v2\/posts"}],"about":[{"href":"https:\/\/www.europesays.com\/fr\/wp-json\/wp\/v2\/types\/post"}],"author":[{"embeddable":true,"href":"https:\/\/www.europesays.com\/fr\/wp-json\/wp\/v2\/users\/2"}],"replies":[{"embeddable":true,"href":"https:\/\/www.europesays.com\/fr\/wp-json\/wp\/v2\/comments?post=363006"}],"version-history":[{"count":0,"href":"https:\/\/www.europesays.com\/fr\/wp-json\/wp\/v2\/posts\/363006\/revisions"}],"wp:featuredmedia":[{"embeddable":true,"href":"https:\/\/www.europesays.com\/fr\/wp-json\/wp\/v2\/media\/363007"}],"wp:attachment":[{"href":"https:\/\/www.europesays.com\/fr\/wp-json\/wp\/v2\/media?parent=363006"}],"wp:term":[{"taxonomy":"category","embeddable":true,"href":"https:\/\/www.europesays.com\/fr\/wp-json\/wp\/v2\/categories?post=363006"},{"taxonomy":"post_tag","embeddable":true,"href":"https:\/\/www.europesays.com\/fr\/wp-json\/wp\/v2\/tags?post=363006"}],"curies":[{"name":"wp","href":"https:\/\/api.w.org\/{rel}","templated":true}]}}