{"id":363008,"date":"2025-09-03T10:25:15","date_gmt":"2025-09-03T10:25:15","guid":{"rendered":"https:\/\/www.europesays.com\/fr\/363008\/"},"modified":"2025-09-03T10:25:15","modified_gmt":"2025-09-03T10:25:15","slug":"dope-par-les-skieurs-laeroport-de-grenoble-prepare-sa-saison-et-lance-sa-campagne-de-recrutement","status":"publish","type":"post","link":"https:\/\/www.europesays.com\/fr\/363008\/","title":{"rendered":"Dop\u00e9 par les skieurs, l&rsquo;a\u00e9roport de Grenoble pr\u00e9pare sa saison et lance sa campagne de recrutement"},"content":{"rendered":"<p class=\"article__intro\">\u00c0 l&rsquo;approche de la saison hivernale, l&rsquo;a\u00e9roport Grenoble Alpes Is\u00e8re recherche 300 saisonniers pour assurer le trafic des passagers. Des renforts de poids en vue de poursuivre le d\u00e9veloppement de ses offres \u00e0 destination des locaux.<\/p>\n<p>\n      L\u2019actu des r\u00e9gions\n    <\/p>\n<p>\n      Chaque jour, un tour d\u2019horizon des principales infos de toutes les r\u00e9gions.\n    <\/p>\n<p>    France T\u00e9l\u00e9visions utilise votre adresse e-mail afin de vous envoyer la newsletter \u00ab\u00a0L\u2019actu des r\u00e9gions\u00a0\u00bb. Vous pouvez vous d\u00e9sinscrire \u00e0 tout moment via le lien en bas de cette newsletter. <a target=\"_blank\" href=\"https:\/\/www.francetelevisions.fr\/groupe\/confidentialite\/politique-de-confidentialite\/politique-de-confidentialite-de-france-televisions-6503\" rel=\"nofollow noopener\">Notre politique de confidentialit\u00e9<\/a><\/p>\n<p>Le compte \u00e0 rebours est bel et bien lanc\u00e9. La reprise du trafic a\u00e9rien approche \u00e0 grand pas \u00e0 l&rsquo;a\u00e9roport Grenoble Alpes Is\u00e8re. Et les salari\u00e9s sont sur le qui-vive pour accueillir pr\u00e8s de 250 000 voyageurs annuels.<\/p>\n<p>Les premiers avions devraient d\u00e9coller de nouveau du tarmac \u00e0 partir de d\u00e9cembre et ce jusqu&rsquo;\u00e0 fin avril. Cinq mois d&rsquo;activit\u00e9 intense pour laquelle se pr\u00e9parent l&rsquo;a\u00e9roport et sa quarantaine de collaborateurs permanents.<\/p>\n<p>Il faut dire que l&rsquo;an pass\u00e9, le trafic a \u00e9t\u00e9 dense sur la piste. Avec 21 destinations desservies, l&rsquo;a\u00e9roport Grenoble Alpes Is\u00e8re a r\u00e9alis\u00e9 une grosse saison 2024-2025. De nombreuses lignes r\u00e9guli\u00e8res (Londres, Edimbourg, Manchester, Bristol&#8230;) relient le Royaume-Uni \u00e0 la capitale des Alpes, permettant ainsi aux Anglo-Saxons de profiter des sports d&rsquo;hiver.<\/p>\n<p>Car c&rsquo;est l\u00e0, la principale client\u00e8le vis\u00e9e par l&rsquo;a\u00e9roport et les 11 compagnies a\u00e9riennes &#8211; low-cost et nationales &#8211; qui op\u00e8rent \u00e0 Grenoble. Le samedi est d&rsquo;ailleurs la journ\u00e9e la plus charg\u00e9e avec pr\u00e8s de 45 vols par jour \u00ab\u00a0en raison des s\u00e9jours \u00e0 la semaine propos\u00e9s dans les stations\u00a0\u00bb, indique la direction de l&rsquo;a\u00e9roport. Le dimanche, la tour de contr\u00f4le recense deux fois moins de d\u00e9collages ou atterrissages. Et en semaine, le chiffre tombe m\u00eame \u00e0 six vols par jour en moyenne.<\/p>\n<p>Mais il n&rsquo;y a pas seulement le Royaume-Uni qui est desservi. D&rsquo;autres lignes r\u00e9guli\u00e8res existent \u00e0 destination de certains pays de l&rsquo;Est comme la Pologne ou encore la Lituanie. Sans oublier les vols charters qui sont r\u00e9servables uniquement par le biais de tours op\u00e9rateurs, vendant bien souvent la destination ski des Alpes.<\/p>\n<p>L&rsquo;un des chantiers principaux entam\u00e9s par l&rsquo;a\u00e9roport ces derni\u00e8res ann\u00e9es est celui du d\u00e9veloppement de l&rsquo;export, c&rsquo;est-\u00e0-dire des d\u00e9parts depuis Grenoble. Mais la direction ne cache pas son envie \u00ab\u00a0d&rsquo;arriver \u00e0 l&rsquo;\u00e9quilibre\u00a0\u00bb pour faire de la capitale des Alpes, \u00ab\u00a0un bon point de d\u00e9part\u00a0\u00bb. Plusieurs campagnes de communication ont \u00e9t\u00e9 lanc\u00e9es en ce sens.<\/p>\n<p>Et pour multiplier ses services et s\u00e9duire les Is\u00e9rois, l&rsquo;a\u00e9roport s&rsquo;appuie sur ses salari\u00e9s permanents et sur 300 saisonniers recrut\u00e9s avant chaque hiver. Pour la saison 2025-2026, la campagne est lanc\u00e9e. Son traditionnel Forum Is\u00e8re A\u00e9ro Emploi se tiendra le mercredi 3 septembre \u00e0 15 heures dans l&rsquo;a\u00e9rogare.<\/p>\n<p>Objectif : trouver de nouveaux collaborateurs et pourvoir les diff\u00e9rents postes essentiels au fonctionnement de l&rsquo;a\u00e9roport. Trois cat\u00e9gories sont ainsi recherch\u00e9es : les m\u00e9tiers de la piste (bagagiste, agent de m\u00e9nage, avitailleur&#8230;), les m\u00e9tiers du passage (agent d&rsquo;accueil, agent d&#8217;embarquement&#8230;) et les m\u00e9tiers des op\u00e9rations (agent de trafic).<\/p>\n<\/p>\n<p>Les candidats sont invit\u00e9s \u00e0 s&rsquo;inscrire d\u00e8s maintenant en ligne, puis \u00e0 participer \u00e0 ce job dating pour d\u00e9couvrir ces diff\u00e9rents m\u00e9tiers. \u00ab\u00a0Aucun dipl\u00f4me n&rsquo;est requis. Seul un niveau d&rsquo;anglais de niveau B1 minimum est souhait\u00e9 pour les m\u00e9tiers du passage et des op\u00e9rations\u00a0\u00bb, assure la direction de l&rsquo;a\u00e9roport.<\/p>\n<p>En cas d&rsquo;indisponibilit\u00e9 ce mercredi, les candidats sont invit\u00e9s \u00e0 d\u00e9poser leur CV en ligne sur la <a href=\"https:\/\/www.nosaeroportsrecrutent.com\/\" target=\"_blank\" rel=\"noopener nofollow\">plateforme d\u00e9di\u00e9e<\/a>.<\/p>\n<p>Si certains saisonniers reviennent d&rsquo;une ann\u00e9e sur l&rsquo;autre, l&rsquo;a\u00e9roport Grenoble Alpes Is\u00e8re forme chaque automne, de nouveaux employ\u00e9s pour \u00eatre fin pr\u00eats pour le d\u00e9but de la saison hivernale.<\/p>\n","protected":false},"excerpt":{"rendered":"\u00c0 l&rsquo;approche de la saison hivernale, l&rsquo;a\u00e9roport Grenoble Alpes Is\u00e8re recherche 300 saisonniers pour assurer le trafic des&hellip;\n","protected":false},"author":2,"featured_media":363009,"comment_status":"","ping_status":"","sticky":false,"template":"","format":"standard","meta":{"footnotes":""},"categories":[9566],"tags":[1111,11,2430,1777,674,1011,27,2731,12,25],"class_list":{"0":"post-363008","1":"post","2":"type-post","3":"status-publish","4":"format-standard","5":"has-post-thumbnail","7":"category-grenoble","8":"tag-actu","9":"tag-actualites","10":"tag-auvergne-rhone-alpes","11":"tag-eu","12":"tag-europe","13":"tag-fr","14":"tag-france","15":"tag-grenoble","16":"tag-news","17":"tag-republique-francaise"},"share_on_mastodon":{"url":"https:\/\/pubeurope.com\/@fr\/115139885384856104","error":""},"_links":{"self":[{"href":"https:\/\/www.europesays.com\/fr\/wp-json\/wp\/v2\/posts\/363008","targetHints":{"allow":["GET"]}}],"collection":[{"href":"https:\/\/www.europesays.com\/fr\/wp-json\/wp\/v2\/posts"}],"about":[{"href":"https:\/\/www.europesays.com\/fr\/wp-json\/wp\/v2\/types\/post"}],"author":[{"embeddable":true,"href":"https:\/\/www.europesays.com\/fr\/wp-json\/wp\/v2\/users\/2"}],"replies":[{"embeddable":true,"href":"https:\/\/www.europesays.com\/fr\/wp-json\/wp\/v2\/comments?post=363008"}],"version-history":[{"count":0,"href":"https:\/\/www.europesays.com\/fr\/wp-json\/wp\/v2\/posts\/363008\/revisions"}],"wp:featuredmedia":[{"embeddable":true,"href":"https:\/\/www.europesays.com\/fr\/wp-json\/wp\/v2\/media\/363009"}],"wp:attachment":[{"href":"https:\/\/www.europesays.com\/fr\/wp-json\/wp\/v2\/media?parent=363008"}],"wp:term":[{"taxonomy":"category","embeddable":true,"href":"https:\/\/www.europesays.com\/fr\/wp-json\/wp\/v2\/categories?post=363008"},{"taxonomy":"post_tag","embeddable":true,"href":"https:\/\/www.europesays.com\/fr\/wp-json\/wp\/v2\/tags?post=363008"}],"curies":[{"name":"wp","href":"https:\/\/api.w.org\/{rel}","templated":true}]}}