{"id":363010,"date":"2025-09-03T10:26:10","date_gmt":"2025-09-03T10:26:10","guid":{"rendered":"https:\/\/www.europesays.com\/fr\/363010\/"},"modified":"2025-09-03T10:26:10","modified_gmt":"2025-09-03T10:26:10","slug":"cest-un-mal-pour-un-bien-un-gros-chantier-demarre-dans-cette-rue-commercante-de-rennes","status":"publish","type":"post","link":"https:\/\/www.europesays.com\/fr\/363010\/","title":{"rendered":"\u00ab\u00a0C\u2019est un mal pour un bien\u00a0\u00bb\u00a0: un gros chantier d\u00e9marre dans cette rue commer\u00e7ante de Rennes"},"content":{"rendered":"<p>C\u2019est parti ! Depuis lundi 1er septembre, les travaux ont d\u00e9marr\u00e9 rue d\u2019Antrain \u00e0 Rennes. Ils dureront jusqu\u2019\u00e0 juin 2026. Les ouvriers devront refaire le r\u00e9seau d\u2019assainissement. Les trottoirs seront \u00e9largis. La chauss\u00e9e sera recouverte de grandes dalles. Contrairement, \u00e0 la rue du Champ-Jacquet ou \u00e0 la rue le Bastard, il n\u2019y aura pas de pav\u00e9s. <\/p>\n<p>Des arbres seront plant\u00e9s du lyc\u00e9e Saint-Martin jusqu\u2019au carrefour Saint-Jean-Eudes. \u00c0 la place de la base de chantier qui a \u00e9t\u00e9 install\u00e9e place Saint-Jean-Eudes il y a plus d\u2019un an, un petit square v\u00e9g\u00e9talis\u00e9 sera cr\u00e9\u00e9.<\/p>\n<p>\u00ab Je ne pense pas que ces travaux impactent trop mon commerce, explique <a href=\"https:\/\/www.letelegramme.fr\/ille-et-vilaine\/rennes-35000\/rennes-a-toujours-ete-une-ville-rock-elle-ouvre-un-magasin-specialise-rue-dantrain-6701459.php\" target=\"_blank\" rel=\"nofollow noopener\">Jo\u00eblle Le Du, patronne du commerce l\u2019Ar\u00e8ne rock<\/a>. Il y avait tr\u00e8s peu de voitures \u00e0 passer rue d\u2019Antrain. Il n\u2019y avait de toute fa\u00e7on pas de parking. Les gens venaient \u00e0 pied. Le temps des travaux va certainement \u00eatre p\u00e9nible mais c\u2019est un mal pour un bien. La rue sera plus agr\u00e9able apr\u00e8s. Il y aura des terrasses, des arbres un peu plus loin et de larges trottoirs. C\u2019est positif. \u00bb<\/p>\n<p>Apr\u00e8s la rue d\u2019Antrain, les ouvriers s\u2019attaqueront \u00e0 la rue de la Motte-Fablet, trait d\u2019union entre la rue Le Bastard et la rue d\u2019Antrain. Ce sera alors la fin de la requalification et de l\u2019extension du plateau pi\u00e9tonnier du centre-ville. D\u00e9marr\u00e9 sur le quai Duguay-Trouin \u00e0 hauteur des Galeries-Lafayette, tout l\u2019axe (Rohan, Horloge, Ch\u00e2teaurenault, place du Champs-Jacquet, Motte-Fablet, Antrain, place Saint-Jean-Eudes) aura \u00e9t\u00e9 refait.<\/p>\n","protected":false},"excerpt":{"rendered":"C\u2019est parti ! Depuis lundi 1er septembre, les travaux ont d\u00e9marr\u00e9 rue d\u2019Antrain \u00e0 Rennes. Ils dureront jusqu\u2019\u00e0&hellip;\n","protected":false},"author":2,"featured_media":363011,"comment_status":"","ping_status":"","sticky":false,"template":"","format":"standard","meta":{"footnotes":""},"categories":[2821],"tags":[1111,11,829,765,1777,674,1011,27,12,584,25],"class_list":{"0":"post-363010","1":"post","2":"type-post","3":"status-publish","4":"format-standard","5":"has-post-thumbnail","7":"category-rennes","8":"tag-actu","9":"tag-actualites","10":"tag-bretagne","11":"tag-en-continu","12":"tag-eu","13":"tag-europe","14":"tag-fr","15":"tag-france","16":"tag-news","17":"tag-rennes","18":"tag-republique-francaise"},"share_on_mastodon":{"url":"https:\/\/pubeurope.com\/@fr\/115139889327809017","error":""},"_links":{"self":[{"href":"https:\/\/www.europesays.com\/fr\/wp-json\/wp\/v2\/posts\/363010","targetHints":{"allow":["GET"]}}],"collection":[{"href":"https:\/\/www.europesays.com\/fr\/wp-json\/wp\/v2\/posts"}],"about":[{"href":"https:\/\/www.europesays.com\/fr\/wp-json\/wp\/v2\/types\/post"}],"author":[{"embeddable":true,"href":"https:\/\/www.europesays.com\/fr\/wp-json\/wp\/v2\/users\/2"}],"replies":[{"embeddable":true,"href":"https:\/\/www.europesays.com\/fr\/wp-json\/wp\/v2\/comments?post=363010"}],"version-history":[{"count":0,"href":"https:\/\/www.europesays.com\/fr\/wp-json\/wp\/v2\/posts\/363010\/revisions"}],"wp:featuredmedia":[{"embeddable":true,"href":"https:\/\/www.europesays.com\/fr\/wp-json\/wp\/v2\/media\/363011"}],"wp:attachment":[{"href":"https:\/\/www.europesays.com\/fr\/wp-json\/wp\/v2\/media?parent=363010"}],"wp:term":[{"taxonomy":"category","embeddable":true,"href":"https:\/\/www.europesays.com\/fr\/wp-json\/wp\/v2\/categories?post=363010"},{"taxonomy":"post_tag","embeddable":true,"href":"https:\/\/www.europesays.com\/fr\/wp-json\/wp\/v2\/tags?post=363010"}],"curies":[{"name":"wp","href":"https:\/\/api.w.org\/{rel}","templated":true}]}}