{"id":363012,"date":"2025-09-03T10:27:13","date_gmt":"2025-09-03T10:27:13","guid":{"rendered":"https:\/\/www.europesays.com\/fr\/363012\/"},"modified":"2025-09-03T10:27:13","modified_gmt":"2025-09-03T10:27:13","slug":"replayce-annonce-une-nouvelle-implantation-a-rennes","status":"publish","type":"post","link":"https:\/\/www.europesays.com\/fr\/363012\/","title":{"rendered":"Replayce annonce une nouvelle implantation \u00e0 Rennes"},"content":{"rendered":"<p>L\u2019enseigne de r\u00e9paration et reconditionnement de smartphones Replayce poursuit sa conqu\u00eate du territoire breton avec l\u2019inauguration d\u2019une <strong>nouvelle boutique \u00e0 Rennes, au 4 rue Julien Offray de La Mettrie.<\/strong> Cette expansion t\u00e9moigne de la dynamique positive que conna\u00eet la marque, port\u00e9e par un <strong>mod\u00e8le \u00e9conomique particuli\u00e8rement attractif pour les entrepreneurs.<\/strong> Le cas du <strong>franchis\u00e9 de Bruz<\/strong> illustre parfaitement cette r\u00e9ussite : apr\u00e8s <strong>l\u2019ouverture de sa<\/strong> <strong>premi\u00e8re boutique, il lance d\u00e9j\u00e0 un<\/strong> <strong>second point de vente et pr\u00e9voit une troisi\u00e8me implantation d\u2019ici fin 2025. <\/strong><\/p>\n<p><img fetchpriority=\"high\" decoding=\"async\" class=\"aligncenter wp-image-440525 size-full\" src=\"https:\/\/www.europesays.com\/fr\/wp-content\/uploads\/2025\/09\/devanture-magasin-replayce-merignac.jpg\" alt=\"Devanture magasin Replayce M\u00e9rignac\" width=\"655\" height=\"350\"  \/><\/p>\n<p>Un mod\u00e8le financier con\u00e7u pour la rentabilit\u00e9 rapide<\/p>\n<p>Contrairement \u00e0 de nombreux r\u00e9seaux de franchise qui imposent des royalties proportionnelles au chiffre d\u2019affaires, <strong>Replayce a fait le choix d\u2019une redevance mensuelle fixe de seulement 250\u20ac HT<\/strong>. Cette structure tarifaire constitue un avantage consid\u00e9rable pour les franchis\u00e9s, particuli\u00e8rement en phase de croissance o\u00f9 chaque euro de chiffre d\u2019affaires suppl\u00e9mentaire contribue directement \u00e0 leur rentabilit\u00e9 sans \u00eatre ponctionn\u00e9 par des redevances variables.<\/p>\n<p><strong>Le mod\u00e8le op\u00e9rationnel<\/strong> pr\u00e9sente \u00e9galement des atouts majeurs pour les entrepreneurs soucieux d\u2019optimiser leur investissement. L\u2019activit\u00e9 ne n\u00e9cessite <strong>pas de stocks importants ni d\u2019\u00e9quipes pl\u00e9thoriques,<\/strong> r\u00e9duisant ainsi les co\u00fbts fixes et les risques financiers. En tant qu\u2019ancien grossiste en pi\u00e8ces d\u00e9tach\u00e9es pour la r\u00e9paration de t\u00e9l\u00e9phones et tablettes toutes marques, <strong>le <a href=\"https:\/\/ac-franchise.com\/annuaire\/franchise-replayce\" rel=\"nofollow noopener\" target=\"_blank\">r\u00e9seau Replayce<\/a> offre \u00e0 ses franchis\u00e9s l\u2019acc\u00e8s \u00e0 une centrale d\u2019achat int\u00e9gr\u00e9e<\/strong>, garantissant qualit\u00e9, tra\u00e7abilit\u00e9 des composants et un sourcing permanent de nouveaux produits, tout en optimisant les marges.<\/p>\n<p>Plus qu\u2019un simple service de r\u00e9paration, Replayce s\u2019inscrit dans une <strong>logique d\u2019\u00e9conomie circulaire<\/strong> : on r\u00e9pare pour r\u00e9utiliser, on reconditionne pour recycler. Dans ses boutiques, les clients retrouvent un <strong>univers complet incluant la r\u00e9paration d\u2019appareils, la vente d\u2019accessoires et protections sur mesure, ainsi que le rachat et la vente de smartphones reconditionn\u00e9s en atelier<\/strong>, avec les propres pi\u00e8ces d\u00e9tach\u00e9es de la marque.<\/p>\n<p>L\u2019expansion multi-unit\u00e9s comme preuve de concept<\/p>\n<p><strong>En quelques mois seulement apr\u00e8s le lancement de sa premi\u00e8re boutique, le franchis\u00e9 de Bruz<\/strong> <strong>a pu investir dans un second point de vente \u00e0 Rennes<\/strong>, avec une <strong>troisi\u00e8me ouverture programm\u00e9e avant la fin de l\u2019ann\u00e9e. <\/strong>Cette trajectoire illustre non seulement la solidit\u00e9 du mod\u00e8le \u00e9conomique Replayce, mais aussi sa capacit\u00e9 \u00e0 g\u00e9n\u00e9rer rapidement les liquidit\u00e9s n\u00e9cessaires au r\u00e9investissement.<\/p>\n<p>Cette r\u00e9ussite s\u2019inscrit dans un contexte de march\u00e9 particuli\u00e8rement favorable. Avec <strong>95% des Fran\u00e7ais \u00e9quip\u00e9s de smartphones (selon le Barom\u00e8tre du num\u00e9rique 2019),<\/strong> la demande en services de r\u00e9paration et reconditionnement ne cesse de cro\u00eetre. <strong>Le concept Replayce r\u00e9pond parfaitement \u00e0 cette tendance <\/strong>en combinant <strong>r\u00e9paration express, vente de produits reconditionn\u00e9s et engagement \u00e9cologique <\/strong>\u2013 une proposition de valeur qui r\u00e9sonne aupr\u00e8s d\u2019une client\u00e8le de plus en plus sensible aux enjeux de durabilit\u00e9.<\/p>\n<p>Pour les entrepreneurs int\u00e9ress\u00e9s, les opportunit\u00e9s restent nombreuses avec de multiples zones encore disponibles sur le territoire fran\u00e7ais. Le succ\u00e8s rapide du franchis\u00e9 breton d\u00e9montre que m\u00eame sans exp\u00e9rience pr\u00e9alable dans la r\u00e9paration, il est possible de <strong>d\u00e9velopper un r\u00e9seau de boutiques rentables en s\u2019appuyant sur l\u2019expertise et les outils de gestion fournis par Replayce.<\/strong><\/p>\n","protected":false},"excerpt":{"rendered":"L\u2019enseigne de r\u00e9paration et reconditionnement de smartphones Replayce poursuit sa conqu\u00eate du territoire breton avec l\u2019inauguration d\u2019une nouvelle&hellip;\n","protected":false},"author":2,"featured_media":363013,"comment_status":"","ping_status":"","sticky":false,"template":"","format":"standard","meta":{"footnotes":""},"categories":[2821],"tags":[1111,11,829,1777,674,1011,27,12,584,25],"class_list":{"0":"post-363012","1":"post","2":"type-post","3":"status-publish","4":"format-standard","5":"has-post-thumbnail","7":"category-rennes","8":"tag-actu","9":"tag-actualites","10":"tag-bretagne","11":"tag-eu","12":"tag-europe","13":"tag-fr","14":"tag-france","15":"tag-news","16":"tag-rennes","17":"tag-republique-francaise"},"share_on_mastodon":{"url":"https:\/\/pubeurope.com\/@fr\/115139893544326509","error":""},"_links":{"self":[{"href":"https:\/\/www.europesays.com\/fr\/wp-json\/wp\/v2\/posts\/363012","targetHints":{"allow":["GET"]}}],"collection":[{"href":"https:\/\/www.europesays.com\/fr\/wp-json\/wp\/v2\/posts"}],"about":[{"href":"https:\/\/www.europesays.com\/fr\/wp-json\/wp\/v2\/types\/post"}],"author":[{"embeddable":true,"href":"https:\/\/www.europesays.com\/fr\/wp-json\/wp\/v2\/users\/2"}],"replies":[{"embeddable":true,"href":"https:\/\/www.europesays.com\/fr\/wp-json\/wp\/v2\/comments?post=363012"}],"version-history":[{"count":0,"href":"https:\/\/www.europesays.com\/fr\/wp-json\/wp\/v2\/posts\/363012\/revisions"}],"wp:featuredmedia":[{"embeddable":true,"href":"https:\/\/www.europesays.com\/fr\/wp-json\/wp\/v2\/media\/363013"}],"wp:attachment":[{"href":"https:\/\/www.europesays.com\/fr\/wp-json\/wp\/v2\/media?parent=363012"}],"wp:term":[{"taxonomy":"category","embeddable":true,"href":"https:\/\/www.europesays.com\/fr\/wp-json\/wp\/v2\/categories?post=363012"},{"taxonomy":"post_tag","embeddable":true,"href":"https:\/\/www.europesays.com\/fr\/wp-json\/wp\/v2\/tags?post=363012"}],"curies":[{"name":"wp","href":"https:\/\/api.w.org\/{rel}","templated":true}]}}