{"id":363014,"date":"2025-09-03T10:28:09","date_gmt":"2025-09-03T10:28:09","guid":{"rendered":"https:\/\/www.europesays.com\/fr\/363014\/"},"modified":"2025-09-03T10:28:09","modified_gmt":"2025-09-03T10:28:09","slug":"la-ville-de-strasbourg-recrute-350-vacataires-pour-ses-cantines","status":"publish","type":"post","link":"https:\/\/www.europesays.com\/fr\/363014\/","title":{"rendered":"la Ville de Strasbourg recrute 350 vacataires pour ses cantines"},"content":{"rendered":"<p>            Par<br \/>\n        <strong><br \/>\n            <a href=\"https:\/\/actu.fr\/auteur\/ivan-capecchi\" title=\"Consulter tous les articles de Ivan CAPECCHI\" rel=\"nofollow noopener\" target=\"_blank\">Ivan CAPECCHI<\/a><br \/>\n        <\/strong><\/p>\n<p>        Publi\u00e9 le<\/p>\n<p>            3 sept. 2025 \u00e0 11h45        <\/p>\n<p>La Ville de Strasbourg cherche <strong>350 vacataires<\/strong> pour encadrer les <a href=\"https:\/\/actu.fr\/tag\/enfants\" rel=\"nofollow noopener\" target=\"_blank\">enfants<\/a> pendant la pause m\u00e9ridienne, dans le cadre de l\u2019<strong>ann\u00e9e scolaire 2025\/2026<\/strong>.<\/p>\n<p class=\" wall-content\">Les missions : <strong>accueillir, surveiller et animer les temps de repas en maternelle et \u00e9l\u00e9mentaire<\/strong>.<\/p>\n<p>Un poste r\u00e9mun\u00e9r\u00e9 13 \u20ac brut de l\u2019heure<\/p>\n<p class=\" wall-content\">Le poste est <strong>r\u00e9mun\u00e9r\u00e9 13,07 \u20ac brut de l\u2019heure<\/strong>, repas inclus.<\/p>\n<p class=\" wall-content\">Les vacations ont lieu <strong>hors vacances scolaires, principalement de 11h30 \u00e0 14h15. <\/strong>\u00ab\u00a0Une <strong>disponibilit\u00e9 de quatre jours par semaine<\/strong> (lundi, mardi, jeudi, vendredi) est souhaitable\u00a0\u00bb, est-il pr\u00e9cis\u00e9 dans une fiche de poste.<\/p>\n<p class=\" wall-content\">Un <strong>BAFA<\/strong> ou une exp\u00e9rience aupr\u00e8s d\u2019enfants est souhait\u00e9, tout comme le <strong>PSC1<\/strong> (formation premiers secours).<\/p>\n<p>Retrouvez la <a href=\"https:\/\/www.strasbourg.eu\/documents\/d\/strasbourg.eu\/flyer-appel-a-candidatures-surveillant-et-animateur-d-enfants-en-cantine-2025-26-pdf\" rel=\"nofollow noopener\" target=\"_blank\">fiche de poste compl\u00e8te ici<\/a>.<\/p>\n<p class=\" wall-content\">Personnalisez votre actualit\u00e9 en ajoutant vos villes et m\u00e9dias en favori avec <a href=\"https:\/\/moncompte.actu.fr\" title=\"D\u00e9couvez Mon Actu\" rel=\"nofollow noopener\" data-trk=\"{&quot;cta&quot;:{&quot;action&quot;:&quot;https:\\\/\\\/moncompte.actu.fr&quot;,&quot;category&quot;:&quot;mon compte&quot;,&quot;from&quot;:&quot;article footer&quot;,&quot;name&quot;:&quot;Mon actu&quot;,&quot;type&quot;:&quot;cta&quot;}}\" target=\"_blank\">Mon Actu<\/a>.<\/p>\n","protected":false},"excerpt":{"rendered":"Par Ivan CAPECCHI Publi\u00e9 le 3 sept. 2025 \u00e0 11h45 La Ville de Strasbourg cherche 350 vacataires pour&hellip;\n","protected":false},"author":2,"featured_media":363015,"comment_status":"","ping_status":"","sticky":false,"template":"","format":"standard","meta":{"footnotes":""},"categories":[2820],"tags":[1111,11,341,1719,1777,674,1011,27,775,12,25,104,640],"class_list":{"0":"post-363014","1":"post","2":"type-post","3":"status-publish","4":"format-standard","5":"has-post-thumbnail","7":"category-strasbourg","8":"tag-actu","9":"tag-actualites","10":"tag-emploi","11":"tag-enfants","12":"tag-eu","13":"tag-europe","14":"tag-fr","15":"tag-france","16":"tag-grand-est","17":"tag-news","18":"tag-republique-francaise","19":"tag-societe","20":"tag-strasbourg"},"share_on_mastodon":{"url":"https:\/\/pubeurope.com\/@fr\/115139897155879511","error":""},"_links":{"self":[{"href":"https:\/\/www.europesays.com\/fr\/wp-json\/wp\/v2\/posts\/363014","targetHints":{"allow":["GET"]}}],"collection":[{"href":"https:\/\/www.europesays.com\/fr\/wp-json\/wp\/v2\/posts"}],"about":[{"href":"https:\/\/www.europesays.com\/fr\/wp-json\/wp\/v2\/types\/post"}],"author":[{"embeddable":true,"href":"https:\/\/www.europesays.com\/fr\/wp-json\/wp\/v2\/users\/2"}],"replies":[{"embeddable":true,"href":"https:\/\/www.europesays.com\/fr\/wp-json\/wp\/v2\/comments?post=363014"}],"version-history":[{"count":0,"href":"https:\/\/www.europesays.com\/fr\/wp-json\/wp\/v2\/posts\/363014\/revisions"}],"wp:featuredmedia":[{"embeddable":true,"href":"https:\/\/www.europesays.com\/fr\/wp-json\/wp\/v2\/media\/363015"}],"wp:attachment":[{"href":"https:\/\/www.europesays.com\/fr\/wp-json\/wp\/v2\/media?parent=363014"}],"wp:term":[{"taxonomy":"category","embeddable":true,"href":"https:\/\/www.europesays.com\/fr\/wp-json\/wp\/v2\/categories?post=363014"},{"taxonomy":"post_tag","embeddable":true,"href":"https:\/\/www.europesays.com\/fr\/wp-json\/wp\/v2\/tags?post=363014"}],"curies":[{"name":"wp","href":"https:\/\/api.w.org\/{rel}","templated":true}]}}