{"id":36302,"date":"2025-04-19T10:52:25","date_gmt":"2025-04-19T10:52:25","guid":{"rendered":"https:\/\/www.europesays.com\/fr\/36302\/"},"modified":"2025-04-19T10:52:25","modified_gmt":"2025-04-19T10:52:25","slug":"plus-quun-week-end-pour-lexpo-de-peintures-au-charmois","status":"publish","type":"post","link":"https:\/\/www.europesays.com\/fr\/36302\/","title":{"rendered":"Plus qu\u2019un week-end pour l\u2019expo de peintures au Charmois"},"content":{"rendered":"<p>Il ne reste plus que quelques jours pour d\u00e9couvrir l\u2019exposition de peinture de Dorota Szymanska \u00e0 la ferme du Charmois, \u00e0 Vand\u0153uvre-l\u00e8s-Nancy. L\u2019artiste plasticienne, art-th\u00e9rapeute et enseignante, allie cr\u00e9ation, transmission et soin. Son travail est profond\u00e9ment inspir\u00e9 par la nature et ses souvenirs d\u2019enfance. Elle explore une po\u00e9tique du vivant \u00e0 travers couleurs, mati\u00e8res et gestes.<\/p>\n<p class=\"note\">Jusqu\u2019au 20\u00a0avril, de 14\u00a0h \u00e0 18\u00a0h, \u00e0 la Ferme du Charmois, 2, avenue du Charmois, \u00e0 Vand\u0153uvre. Entr\u00e9e libre.<\/p>\n","protected":false},"excerpt":{"rendered":"Il ne reste plus que quelques jours pour d\u00e9couvrir l\u2019exposition de peinture de Dorota Szymanska \u00e0 la ferme&hellip;\n","protected":false},"author":2,"featured_media":36303,"comment_status":"","ping_status":"","sticky":false,"template":"","format":"standard","meta":{"footnotes":""},"categories":[9635],"tags":[1111,11,1687,1704,1777,674,2271,1011,27,775,6364,1702,12,25,5711],"class_list":{"0":"post-36302","1":"post","2":"type-post","3":"status-publish","4":"format-standard","5":"has-post-thumbnail","7":"category-nancy","8":"tag-actu","9":"tag-actualites","10":"tag-culture-loisirs","11":"tag-edition-nancy-et-agglomeration","12":"tag-eu","13":"tag-europe","14":"tag-exposition-arts-plastiques","15":"tag-fr","16":"tag-france","17":"tag-grand-est","18":"tag-metropole-du-grand-nancy-54b1","19":"tag-nancy","20":"tag-news","21":"tag-republique-francaise","22":"tag-vandoeuvre-les-nancy"},"share_on_mastodon":{"url":"https:\/\/pubeurope.com\/@fr\/114364255047504492","error":""},"_links":{"self":[{"href":"https:\/\/www.europesays.com\/fr\/wp-json\/wp\/v2\/posts\/36302","targetHints":{"allow":["GET"]}}],"collection":[{"href":"https:\/\/www.europesays.com\/fr\/wp-json\/wp\/v2\/posts"}],"about":[{"href":"https:\/\/www.europesays.com\/fr\/wp-json\/wp\/v2\/types\/post"}],"author":[{"embeddable":true,"href":"https:\/\/www.europesays.com\/fr\/wp-json\/wp\/v2\/users\/2"}],"replies":[{"embeddable":true,"href":"https:\/\/www.europesays.com\/fr\/wp-json\/wp\/v2\/comments?post=36302"}],"version-history":[{"count":0,"href":"https:\/\/www.europesays.com\/fr\/wp-json\/wp\/v2\/posts\/36302\/revisions"}],"wp:featuredmedia":[{"embeddable":true,"href":"https:\/\/www.europesays.com\/fr\/wp-json\/wp\/v2\/media\/36303"}],"wp:attachment":[{"href":"https:\/\/www.europesays.com\/fr\/wp-json\/wp\/v2\/media?parent=36302"}],"wp:term":[{"taxonomy":"category","embeddable":true,"href":"https:\/\/www.europesays.com\/fr\/wp-json\/wp\/v2\/categories?post=36302"},{"taxonomy":"post_tag","embeddable":true,"href":"https:\/\/www.europesays.com\/fr\/wp-json\/wp\/v2\/tags?post=36302"}],"curies":[{"name":"wp","href":"https:\/\/api.w.org\/{rel}","templated":true}]}}