{"id":363020,"date":"2025-09-03T10:31:12","date_gmt":"2025-09-03T10:31:12","guid":{"rendered":"https:\/\/www.europesays.com\/fr\/363020\/"},"modified":"2025-09-03T10:31:12","modified_gmt":"2025-09-03T10:31:12","slug":"magasin-de-bernard-chaix-tague-plainte-contre-christian-estrosi-la-campagne-pour-les-municipales-de-nice-ne-fait-pas-de-cadeaux","status":"publish","type":"post","link":"https:\/\/www.europesays.com\/fr\/363020\/","title":{"rendered":"Magasin de Bernard Chaix tagu\u00e9, plainte contre Christian Estrosi&#8230; La campagne pour les municipales de Nice ne fait pas de cadeaux"},"content":{"rendered":"<p class=\"article__intro\">Dans la nuit du mardi 2 au mercredi 3 septembre, le magasin \u00ab\u00a0Chaix d\u00e9coration\u00a0\u00bb dans le centre-ville de Nice a \u00e9t\u00e9 tagu\u00e9. Christian Estrosi a publi\u00e9 un message sur X relayant ces d\u00e9gradations, entra\u00eenant Bernard Chaix, \u00e9lu UDR \u00e0 porter plainte pour diffamation contre lui.<\/p>\n<p>\n      La Quotidienne Soci\u00e9t\u00e9\n    <\/p>\n<p>\n      De la vie quotidienne aux grands enjeux, recevez tous les jours les sujets qui font la soci\u00e9t\u00e9 locale, comme la justice, l\u2019\u00e9ducation, la sant\u00e9 et la famille.\n    <\/p>\n<p>    France T\u00e9l\u00e9visions utilise votre adresse e-mail afin de vous envoyer la newsletter \u00ab\u00a0La Quotidienne Soci\u00e9t\u00e9\u00a0\u00bb. Vous pouvez vous d\u00e9sinscrire \u00e0 tout moment via le lien en bas de cette newsletter. <a target=\"_blank\" href=\"https:\/\/www.francetelevisions.fr\/groupe\/confidentialite\/politique-de-confidentialite\/politique-de-confidentialite-de-france-televisions-6503\" rel=\"nofollow noopener\">Notre politique de confidentialit\u00e9<\/a><\/p>\n<p>Le nom du fils du d\u00e9put\u00e9 Bernard Chaix suivi d&rsquo;une insulte p\u00e9nalement r\u00e9pr\u00e9hensible tagu\u00e9 sur la face du magasin \u00ab\u00a0Chaix d\u00e9coration\u00a0\u00bb.<\/p>\n<p>Des d\u00e9gradations et accusations qui ont tout de suite fait r\u00e9agir, Bernard Chaix \u00e9tant l&rsquo;alli\u00e9 politique d&rsquo;Eric Ciotti.<\/p>\n<blockquote class=\"ftvi_content_quote\">\n<p class=\"ftvi_citation_quote\">Pas de doute : la campagne est bel et bien lanc\u00e9e. Je condamne avec la plus grande gravit\u00e9 les d\u00e9gradations et attaques ignobles dont ma famille et moi venons d&rsquo;\u00eatre victimes. On s&rsquo;en prend aujourd&rsquo;hui \u00e0 l&rsquo;honneur de mes enfants, \u00e0 celui de ma famille et \u00e0 un commerce familial respectable.<\/p>\n<p>Bernard Chaix, d\u00e9put\u00e9 UDR des Alpes-Maritimes.<\/p>\n<p class=\"ftvi_citation_source\">Sur le r\u00e9seau social X.<\/p>\n<\/blockquote>\n<p><a href=\"https:\/\/france3-regions.franceinfo.fr\/provence-alpes-cote-d-azur\/alpes-maritimes\/nice\/christian-estrosi-eric-ciotti-des-allies-politiques-devenus-ennemis-et-un-combat-sans-merci-pour-la-mairie-de-nice-3207725.html\" target=\"_blank\" data-tooltip-url=\"https:\/\/france3-regions.franceinfo.fr\/provence-alpes-cote-d-azur\/alpes-maritimes\/nice\/christian-estrosi-eric-ciotti-des-allies-politiques-devenus-ennemis-et-un-combat-sans-merci-pour-la-mairie-de-nice-3207725.html\" rel=\"noopener nofollow\">Christian Estrosi<\/a>, maire de Nice, a r\u00e9agi ce matin sur X aussi expliquant que \u00ab\u00a0les affaires judiciaires qui sa touche sa famille (celle de B.Chaix) ne doivent pas servir politiquement !\u00a0\u00bb Un tweet modifi\u00e9 quelques minutes apr\u00e8s sa parution.<\/p>\n<p>Eric Ciotti, <a href=\"https:\/\/france3-regions.franceinfo.fr\/provence-alpes-cote-d-azur\/alpes-maritimes\/nice\/officiellement-candidat-a-la-mairie-de-nice-eric-ciotti-commence-sa-campagne-dans-les-rues-de-la-ville-3208148.html\" target=\"_blank\" data-tooltip-url=\"https:\/\/france3-regions.franceinfo.fr\/provence-alpes-cote-d-azur\/alpes-maritimes\/nice\/officiellement-candidat-a-la-mairie-de-nice-eric-ciotti-commence-sa-campagne-dans-les-rues-de-la-ville-3208148.html\" rel=\"noopener nofollow\">candidat aux municipales<\/a> \u00e0 la mairie de Nice s&rsquo;en est fait l&rsquo;\u00e9cho \u00ab\u00a0une calomnie grossi\u00e8rement mensong\u00e8re et honteuse relay\u00e9e par le maire de Nice. Christian Estrosi plonge la campagne \u00e9lectorale dans le caniveau\u00a0\u00bb publie-t-il sur X.<\/p>\n<blockquote class=\"twitter-tweet\" data-media-max-width=\"560\">\n<p dir=\"ltr\" lang=\"fr\">Des tags injurieux sur la vitrine de mon ami le d\u00e9put\u00e9 <a href=\"https:\/\/twitter.com\/BernardChaix?ref_src=twsrc%5Etfw\" rel=\"nofollow noopener\" target=\"_blank\">@BernardChaix<\/a>. Puis, aussit\u00f4t, une calomnie grossi\u00e8rement mensong\u00e8re et honteuse relay\u00e9e par le maire de Nice.Christian Estrosi plonge la campagne \u00e9lectorale dans le caniveau. La naus\u00e9e et la honte. <a href=\"https:\/\/t.co\/HQJqFfJTds\" rel=\"nofollow\">pic.twitter.com\/HQJqFfJTds<\/a><\/p>\n<p>\u2014 Eric Ciotti (@eciotti) <a href=\"https:\/\/twitter.com\/eciotti\/status\/1963141238707863555?ref_src=twsrc%5Etfw\" rel=\"nofollow noopener\" target=\"_blank\">September 3, 2025<\/a><\/p><\/blockquote>\n<p>Bernard Chaix annonce porter plainte en diffamation contre Christian Estrosi :\u00a0\u00bbface aux attaques mensong\u00e8res, non fond\u00e9es et aux insinuations calomnieuses qui circulent sur les r\u00e9seaux sociaux, j&rsquo;ai d\u00e9cid\u00e9 de porter plainte contre Christian Estrosi pour diffamation. Christian Estrosi a dans un premier temps \u00e9voqu\u00e9 \u00ab\u00a0les affaires judiciaires concernant (ma) famille\u00a0\u00bb avant de modifier sa communication puisqu&rsquo;il n&rsquo;y a pas d&rsquo;affaires judiciaires\u00a0\u00bb.<\/p>\n<p>Le tag a \u00e9t\u00e9 effac\u00e9 par les services de la ville de Nice, les messages de soutiens \u00e0 la famille Chaix se multiplient sur les r\u00e9seaux sociaux.<\/p>\n<p>  <script async src=\"https:\/\/platform.twitter.com\/widgets.js\" charset=\"utf-8\"><\/script><\/p>\n","protected":false},"excerpt":{"rendered":"Dans la nuit du mardi 2 au mercredi 3 septembre, le magasin \u00ab\u00a0Chaix d\u00e9coration\u00a0\u00bb dans le centre-ville de&hellip;\n","protected":false},"author":2,"featured_media":363021,"comment_status":"","ping_status":"","sticky":false,"template":"","format":"standard","meta":{"footnotes":""},"categories":[2819],"tags":[1111,11,1777,674,1011,27,12,2401,882,25],"class_list":{"0":"post-363020","1":"post","2":"type-post","3":"status-publish","4":"format-standard","5":"has-post-thumbnail","7":"category-nice","8":"tag-actu","9":"tag-actualites","10":"tag-eu","11":"tag-europe","12":"tag-fr","13":"tag-france","14":"tag-news","15":"tag-nice","16":"tag-provence-alpes-cote-dazur","17":"tag-republique-francaise"},"share_on_mastodon":{"url":"https:\/\/pubeurope.com\/@fr\/115139908996191138","error":""},"_links":{"self":[{"href":"https:\/\/www.europesays.com\/fr\/wp-json\/wp\/v2\/posts\/363020","targetHints":{"allow":["GET"]}}],"collection":[{"href":"https:\/\/www.europesays.com\/fr\/wp-json\/wp\/v2\/posts"}],"about":[{"href":"https:\/\/www.europesays.com\/fr\/wp-json\/wp\/v2\/types\/post"}],"author":[{"embeddable":true,"href":"https:\/\/www.europesays.com\/fr\/wp-json\/wp\/v2\/users\/2"}],"replies":[{"embeddable":true,"href":"https:\/\/www.europesays.com\/fr\/wp-json\/wp\/v2\/comments?post=363020"}],"version-history":[{"count":0,"href":"https:\/\/www.europesays.com\/fr\/wp-json\/wp\/v2\/posts\/363020\/revisions"}],"wp:featuredmedia":[{"embeddable":true,"href":"https:\/\/www.europesays.com\/fr\/wp-json\/wp\/v2\/media\/363021"}],"wp:attachment":[{"href":"https:\/\/www.europesays.com\/fr\/wp-json\/wp\/v2\/media?parent=363020"}],"wp:term":[{"taxonomy":"category","embeddable":true,"href":"https:\/\/www.europesays.com\/fr\/wp-json\/wp\/v2\/categories?post=363020"},{"taxonomy":"post_tag","embeddable":true,"href":"https:\/\/www.europesays.com\/fr\/wp-json\/wp\/v2\/tags?post=363020"}],"curies":[{"name":"wp","href":"https:\/\/api.w.org\/{rel}","templated":true}]}}