{"id":363022,"date":"2025-09-03T10:32:22","date_gmt":"2025-09-03T10:32:22","guid":{"rendered":"https:\/\/www.europesays.com\/fr\/363022\/"},"modified":"2025-09-03T10:32:22","modified_gmt":"2025-09-03T10:32:22","slug":"une-femme-menera-une-liste-divers-gauche-dans-cette-ville-pres-de-nantes","status":"publish","type":"post","link":"https:\/\/www.europesays.com\/fr\/363022\/","title":{"rendered":"Une femme m\u00e8nera une liste divers gauche dans cette ville pr\u00e8s de Nantes"},"content":{"rendered":"<p>            Par<br \/>\n        <strong><br \/>\n            <a href=\"https:\/\/actu.fr\/auteur\/laurent-fortin\" title=\"Consulter tous les articles de Laurent Fortin\" target=\"_blank\" rel=\"noopener\">Laurent Fortin<\/a><br \/>\n        <\/strong><\/p>\n<p>        Publi\u00e9 le<\/p>\n<p>            3 sept. 2025 \u00e0 8h46        <\/p>\n<p>\u00ab\u00a0Pas possible qu\u2019il n\u2019y ait <b>qu\u2019une seule liste aux prochaines \u00e9lections municipales<\/b>\u00ab\u00a0. Claudine Jouan ne voulait pas prendre le risque de ne pas laisser le choix aux \u00e9lecteurs de la commune. Ce qui <b>avait failli \u00eatre le cas en 2020<\/b>. Jusqu\u2019\u00e0 trois mois du scrutin, seule la liste d\u2019Alain Vey \u00e9tait en lice; juste avant que Michel Aub\u00e9 ne se d\u00e9clare.<\/p>\n<p class=\" wall-content\">Celle qui <b>habite la commune depuis 2014<\/b> a, cette fois-ci, d\u00e9cid\u00e9 de prendre les devants.<\/p>\n<blockquote class=\"ac-article-quote wall-content\">\n<p>Nous approchons des 10 000 habitants. Il est important pour la d\u00e9mocratie qu\u2019il y ait plusieurs listes.<\/p>\n<p>Claudine Jouan<\/p><\/blockquote>\n<p class=\" wall-content\">Elle est la seule \u00e0 poursuivre l\u2019aventure municipale, puisque Michel Aub\u00e9 et Jean-Pierre Dautais, ses comp\u00e8res, ont d\u00e9cid\u00e9 d\u2019arr\u00eater. Pour l\u2019instant, <b>il n\u2019y en a toutefois qu\u2019une puisque la majorit\u00e9 n\u2019a toujours rien annonc\u00e9<\/b> : Alain Vey sera-t-il candidat \u00e0 un 4e mandat ? Ou laissera-t-il sa place \u00e0 un autre chef de file ?\u00a0<\/p>\n<p>Une liste \u00e0 33<\/p>\n<p class=\" wall-content\">La liste de cette<b> commer\u00e7ante retrait\u00e9e des Galeries Lafayette<\/b> n\u2019est toutefois pas boucl\u00e9e.<\/p>\n<p>Vid\u00e9os : en ce moment sur Actu<\/p>\n<blockquote class=\"ac-article-quote wall-content\">\n<p>Elle est bien engag\u00e9e, mais il reste de la place.<\/p>\n<\/blockquote>\n<p class=\" wall-content\">Elle est <b>partie sur une \u00e9quipe de 33 noms. <\/b><\/p>\n<p>Votre r\u00e9gion, votre actu !<\/p>\n<p>Recevez chaque jour les infos qui comptent pour vous.<\/p>\n<p>\t<a href=\"https:\/\/actu.fr\/newsletter\" class=\"ac-btn ac-btn--corner ac-btn--medium ac-btn--blue800\" target=\"_blank\" rel=\"noopener\">S&rsquo;incrire<\/a><\/p>\n<blockquote class=\"ac-article-quote wall-content\">\n<p>M\u00eame si nous ne savons pas encore si on atteindra ce seuil en d\u00e9passant les 10 000 habitants ou on restera \u00e0 29, nous n\u2019avons pas pris de risque. Nous ne voulons pas \u00eatre pris au d\u00e9pourvu.<\/p>\n<p>La femme de 67 ans.<\/p><\/blockquote>\n<p class=\" wall-content\">Si c\u2019est le cas, <b>elle pourra toujours mettre deux noms en r\u00e9servistes<\/b>, tel que le pr\u00e9voit la loi depuis les derni\u00e8res \u00e9lections municipales.<\/p>\n<blockquote class=\"ac-article-quote wall-content\">\n<p>Ce qui fait plaisir, c\u2019est que nous avons des jeunes investis. Mais globalement, l\u2019engagement n\u2019est pas inn\u00e9.<\/p>\n<\/blockquote>\n<p class=\" wall-content\">Avec son groupe, elle organise des rencontres dans le caf\u00e9 du centre-ville (<a href=\"https:\/\/www.google.com\/search?sa=X&amp;sca_esv=8c966bae1d54a914&amp;rlz=1C1GCEA_enFR1159FR1159&amp;biw=1536&amp;bih=791&amp;tbm=lcl&amp;sxsrf=AE3TifO-40XMMNqNzhq5XP3P5EutDd1hyA:1756876448887&amp;q=avis%20sur%20le%20roi%20singe%20basse-goulaine&amp;rflfq=1&amp;num=20&amp;stick=H4sIAAAAAAAAAONgkxK2NDEwNjAztDAwNDSxsDQ2MDE23cDI-IpRJbEss1ihuLRIISdVoSg_U6E4My89VSEpsbg4VTc9vzQnMTMvdRErUcoAA0A9zmgAAAA&amp;rldimm=9403061801148930435&amp;hl=fr-FR&amp;ved=0CAwQ5foLahcKEwiw5v3l6ruPAxUAAAAAHQAAAAAQBg#lkt=LocalPoiReviews&amp;arid=Ci9DQUlRQUNvZENodHljRjlvT21OWmFHNDFabDlXVURWSk4wZFlWMU5JU1RKVE1YYxAB\" target=\"_blank\" rel=\"noopener\">Le Roi singe<\/a>).<\/p>\n<blockquote class=\"ac-article-quote wall-content\">\n<p>Pour attirer des gens dans notre \u00e9quipe, nous faire connaitre et recueillir les souhaits des citoyens. On n\u2019a beaucoup de beaux et grands \u00e9quipements, mais cela m\u00e9riterait davantage de projets plus humains.<\/p>\n<\/blockquote>\n<p class=\" wall-content\"><b>Un rapprochement avec la population<\/b> dont Claudine Jouan veut faire un <b>principe si elle est \u00e9lue maire. <\/b><\/p>\n<blockquote class=\"ac-article-quote wall-content\">\n<p>La consultation sur les projets, \u00eatre \u00e0 l\u2019\u00e9coute des habitants, l\u2019organisation de r\u00e9unions publiques\u2026 c\u2019est ce qu\u2019il manque dans notre ville. Il n\u2019y a pas de soucis de gestion, c\u2019est certain, mais un peu plus de proximit\u00e9 ne serait pas un mal.<\/p>\n<\/blockquote>\n<p>Contente du bilan de la minorit\u00e9<\/p>\n<blockquote class=\"ac-article-quote wall-content\">\n<p>L\u2019adh\u00e9rente au Parti socialiste pointe aussi la distance avec les agents municipaux. Une mairie ce n\u2019est pas une entreprise. C\u2019est pourquoi, un autre projet serait de r\u00e9aliser un audit sur la situation de travail des agents.<\/p>\n<\/blockquote>\n<p class=\" wall-content\">Elle reste encore marqu\u00e9e par <b>le conflit entre le personnel et le maire <\/b>durant le mandat. Un sextennat durant lequel <b>l\u2019ex-d\u00e9l\u00e9gu\u00e9e syndicale CFDT<\/b> aura beaucoup appris.<\/p>\n<blockquote class=\"ac-article-quote wall-content\">\n<p>Je faisais partie de trois commissions majeures (finances, jeunesse, centre communale d\u2019action sociale). Cela m\u2019a permis de mieux conna\u00eetre les attentes de la population, retient-elle. Il a fallu cravacher car \u00e0 trois, ce n\u2019\u00e9tait pas simple de suivre les 11 commissions.<\/p>\n<\/blockquote>\n<p class=\" wall-content\">Pourtant, Claudine Jouan estime que <b>le trio auquel elle appartenait, n\u2019a pas \u00e0 rougir de son bilan<\/b>.<\/p>\n<blockquote class=\"ac-article-quote wall-content\">\n<p>Nous avons bataill\u00e9, \u00e0 c\u00f4t\u00e9 de l\u2019association de citoyens et avec succ\u00e8s, contre l\u2019installation d\u2019une station service pr\u00e8s de P\u00f4le sud, \u00e0 la place d\u2019un carr\u00e9 de verdure. Mes coll\u00e8gues ont beaucoup oeuvr\u00e9 sur le projet de Longue mine (am\u00e9nagement touristique en bord de Loire) avec Nantes m\u00e9tropole.<\/p>\n<\/blockquote>\n<p class=\" wall-content\">La vice-pr\u00e9sidente de l\u2019association de Vertou des <a href=\"https:\/\/www.lespapiersdelespoir.fr\/\" target=\"_blank\" rel=\"noopener\">Papiers de l\u2019espoir<\/a>. Un espoir qui guidera son \u00e9quipe jusqu\u2019en mars prochain.<\/p>\n<p>Pour une alternance \u00e0 Basse-Goulaine, contact : <a href=\"https:\/\/actu.fr\/cdn-cgi\/l\/email-protection\" class=\"__cf_email__\" data-cfemail=\"6a0905041e0b091e2a080b19190f470d051f060b03040f47585a585c440c18\" target=\"_blank\" rel=\"noopener\">[email\u00a0protected]<\/a><\/p>\n<p class=\" wall-content\">Personnalisez votre actualit\u00e9 en ajoutant vos villes et m\u00e9dias en favori avec <a href=\"https:\/\/moncompte.actu.fr\" title=\"D\u00e9couvez Mon Actu\" rel=\"nofollow noopener\" data-trk=\"{&quot;cta&quot;:{&quot;action&quot;:&quot;https:\\\/\\\/moncompte.actu.fr&quot;,&quot;category&quot;:&quot;mon compte&quot;,&quot;from&quot;:&quot;article footer&quot;,&quot;name&quot;:&quot;Mon actu&quot;,&quot;type&quot;:&quot;cta&quot;}}\" target=\"_blank\">Mon Actu<\/a>.<\/p>\n","protected":false},"excerpt":{"rendered":"Par Laurent Fortin Publi\u00e9 le 3 sept. 2025 \u00e0 8h46 \u00ab\u00a0Pas possible qu\u2019il n\u2019y ait qu\u2019une seule liste&hellip;\n","protected":false},"author":2,"featured_media":363023,"comment_status":"","ping_status":"","sticky":false,"template":"","format":"standard","meta":{"footnotes":""},"categories":[2818],"tags":[1111,11,1777,674,1011,27,3434,766,12,2636,316,25,2900],"class_list":{"0":"post-363022","1":"post","2":"type-post","3":"status-publish","4":"format-standard","5":"has-post-thumbnail","7":"category-nantes","8":"tag-actu","9":"tag-actualites","10":"tag-eu","11":"tag-europe","12":"tag-fr","13":"tag-france","14":"tag-municipales-2026","15":"tag-nantes","16":"tag-news","17":"tag-pays-de-la-loire","18":"tag-politique","19":"tag-republique-francaise","20":"tag-vignoble-nantais"},"share_on_mastodon":{"url":"https:\/\/pubeurope.com\/@fr\/115139913224617458","error":""},"_links":{"self":[{"href":"https:\/\/www.europesays.com\/fr\/wp-json\/wp\/v2\/posts\/363022","targetHints":{"allow":["GET"]}}],"collection":[{"href":"https:\/\/www.europesays.com\/fr\/wp-json\/wp\/v2\/posts"}],"about":[{"href":"https:\/\/www.europesays.com\/fr\/wp-json\/wp\/v2\/types\/post"}],"author":[{"embeddable":true,"href":"https:\/\/www.europesays.com\/fr\/wp-json\/wp\/v2\/users\/2"}],"replies":[{"embeddable":true,"href":"https:\/\/www.europesays.com\/fr\/wp-json\/wp\/v2\/comments?post=363022"}],"version-history":[{"count":0,"href":"https:\/\/www.europesays.com\/fr\/wp-json\/wp\/v2\/posts\/363022\/revisions"}],"wp:featuredmedia":[{"embeddable":true,"href":"https:\/\/www.europesays.com\/fr\/wp-json\/wp\/v2\/media\/363023"}],"wp:attachment":[{"href":"https:\/\/www.europesays.com\/fr\/wp-json\/wp\/v2\/media?parent=363022"}],"wp:term":[{"taxonomy":"category","embeddable":true,"href":"https:\/\/www.europesays.com\/fr\/wp-json\/wp\/v2\/categories?post=363022"},{"taxonomy":"post_tag","embeddable":true,"href":"https:\/\/www.europesays.com\/fr\/wp-json\/wp\/v2\/tags?post=363022"}],"curies":[{"name":"wp","href":"https:\/\/api.w.org\/{rel}","templated":true}]}}