{"id":363024,"date":"2025-09-03T10:33:23","date_gmt":"2025-09-03T10:33:23","guid":{"rendered":"https:\/\/www.europesays.com\/fr\/363024\/"},"modified":"2025-09-03T10:33:23","modified_gmt":"2025-09-03T10:33:23","slug":"comment-faire-vivre-le-patrimoine-nantais","status":"publish","type":"post","link":"https:\/\/www.europesays.com\/fr\/363024\/","title":{"rendered":"Comment faire vivre le patrimoine nantais ?"},"content":{"rendered":"<p>\u00c0 Nantes, la <a href=\"https:\/\/patrimonia.nantes.fr\/home\/decouvrir\/themes-et-quartiers\/chantiers-navals.html\" rel=\"nofollow noopener\" target=\"_blank\">fin des chantiers navals<\/a> en 1987 marque un\u00a0tournant, autour de la pr\u00e9servation de cette m\u00e9moire ouvri\u00e8re. \u00ab\u00a0Quand une activit\u00e9 cesse dans un lieu, il faut une\u00a0d\u00e9marche pour valoriser les traces mat\u00e9rielles, rappelle l\u2019historien. Les \u00e9lus \u00e9taient confront\u00e9s \u00e0 une forme de crise d\u2019identit\u00e9 li\u00e9e \u00e0 la d\u00e9sindustrialisation et ce patrimoine, loin d\u2019\u00eatre classique, \u00e9tait vu comme une verrue.\u00a0\u00bb<\/p>\n<p>Constitu\u00e9s en collectif des associations du patrimoine industriel et portuaire, anciens de la navale et militants se mobilisent, manifestent, inventorient. On leur doit la pr\u00e9servation de la grue Titan jaune, des cales de lancement, des nefs ou de la gare de l\u2019\u00c9tat, qui abrite aujourd\u2019hui la Maison des syndicats. Ils participent \u00e0 changer le regard des citoyens et des \u00e9lus et faire comprendre l\u2019int\u00e9r\u00eat architectural et m\u00e9moriel de ces sites.<\/p>\n<p>Dans les ann\u00e9es 1990, cette approche se confirme quand le\u00a0maire Jean-Marc Ayrault \u00ab affirme la dimension culturelle et touristique du patrimoine comme levier de d\u00e9veloppement\u00a0\u00bb, souligne Olivier Absalon, directeur de la\u00a0DPARC (direction patrimoine et arch\u00e9ologie de Nantes M\u00e9tropole). Dans les ann\u00e9es 2000, les trois \u00e9ditions d\u2019Estuaire puis le Voyage \u00e0 Nantes, lanc\u00e9 en 2012, vont fa\u00e7onner un riche paysage artistique. \u00ab\u00a0Le Voyage \u00e0 Nantes est n\u00e9 d\u2019un constat : il fallait construire le patrimoine de demain \u00bb, note sa directrice Sophie L\u00e9vy. 84 \u0153uvres sont d\u00e9sormais int\u00e9gr\u00e9es au <a href=\"https:\/\/www.levoyageanantes.fr\/a-voir\/le-voyage-permanent\/\" rel=\"nofollow noopener\" target=\"_blank\">Voyage permanent<\/a>.<\/p>\n","protected":false},"excerpt":{"rendered":"\u00c0 Nantes, la fin des chantiers navals en 1987 marque un\u00a0tournant, autour de la pr\u00e9servation de cette m\u00e9moire&hellip;\n","protected":false},"author":2,"featured_media":363025,"comment_status":"","ping_status":"","sticky":false,"template":"","format":"standard","meta":{"footnotes":""},"categories":[2818],"tags":[1111,11,1777,674,1011,27,766,12,2636,25],"class_list":{"0":"post-363024","1":"post","2":"type-post","3":"status-publish","4":"format-standard","5":"has-post-thumbnail","7":"category-nantes","8":"tag-actu","9":"tag-actualites","10":"tag-eu","11":"tag-europe","12":"tag-fr","13":"tag-france","14":"tag-nantes","15":"tag-news","16":"tag-pays-de-la-loire","17":"tag-republique-francaise"},"share_on_mastodon":{"url":"https:\/\/pubeurope.com\/@fr\/115139916885330000","error":""},"_links":{"self":[{"href":"https:\/\/www.europesays.com\/fr\/wp-json\/wp\/v2\/posts\/363024","targetHints":{"allow":["GET"]}}],"collection":[{"href":"https:\/\/www.europesays.com\/fr\/wp-json\/wp\/v2\/posts"}],"about":[{"href":"https:\/\/www.europesays.com\/fr\/wp-json\/wp\/v2\/types\/post"}],"author":[{"embeddable":true,"href":"https:\/\/www.europesays.com\/fr\/wp-json\/wp\/v2\/users\/2"}],"replies":[{"embeddable":true,"href":"https:\/\/www.europesays.com\/fr\/wp-json\/wp\/v2\/comments?post=363024"}],"version-history":[{"count":0,"href":"https:\/\/www.europesays.com\/fr\/wp-json\/wp\/v2\/posts\/363024\/revisions"}],"wp:featuredmedia":[{"embeddable":true,"href":"https:\/\/www.europesays.com\/fr\/wp-json\/wp\/v2\/media\/363025"}],"wp:attachment":[{"href":"https:\/\/www.europesays.com\/fr\/wp-json\/wp\/v2\/media?parent=363024"}],"wp:term":[{"taxonomy":"category","embeddable":true,"href":"https:\/\/www.europesays.com\/fr\/wp-json\/wp\/v2\/categories?post=363024"},{"taxonomy":"post_tag","embeddable":true,"href":"https:\/\/www.europesays.com\/fr\/wp-json\/wp\/v2\/tags?post=363024"}],"curies":[{"name":"wp","href":"https:\/\/api.w.org\/{rel}","templated":true}]}}