{"id":363026,"date":"2025-09-03T10:34:17","date_gmt":"2025-09-03T10:34:17","guid":{"rendered":"https:\/\/www.europesays.com\/fr\/363026\/"},"modified":"2025-09-03T10:34:17","modified_gmt":"2025-09-03T10:34:17","slug":"a630-rocade-de-bordeaux-amenagement-dune-voie-dentrecroisement-entre-les-echangeurs-n17-et-18-septembre-2025-communiques-de-presse-2025-communiques-de-presse-actualit","status":"publish","type":"post","link":"https:\/\/www.europesays.com\/fr\/363026\/","title":{"rendered":"A630 &#8211; Rocade de Bordeaux Am\u00e9nagement d\u2019une voie d\u2019entrecroisement entre les \u00e9changeurs n\u00b017 et 18 &#8211; Septembre 2025 &#8211; Communiqu\u00e9s de presse 2025 &#8211; Communiqu\u00e9s de presse &#8211; Actualit\u00e9s"},"content":{"rendered":"<p>\n            Mis \u00e0 jour le\u00a003\/09\/2025\n        <\/p>\n<p>                                                                                                    <img decoding=\"async\" class=\"fr-responsive-img\" src=\"https:\/\/www.europesays.com\/fr\/wp-content\/uploads\/2025\/09\/A630-Rocade-de-Bordeaux-Amenagement-d-une-voie-d-entrecroisement-entre-les-echangeurs-n-17-et-18_lar.png\" alt=\"\" style=\"aspect-ratio: 1.6010638297872;\"\/><\/p>\n<p class=\" text-justify\">L\u2019\u00c9tat, direction interd\u00e9partementale des routes Atlantique, ach\u00e8ve l\u2019am\u00e9nagement de la voie d\u2019entrecroisement de la rocade de Bordeaux, en sens ext\u00e9rieur, entre les \u00e9changeurs 17 (Chanteloiseau) et 18 (Pont de la Maye) situ\u00e9 sur la commune de Villenave d\u2019Ornon.<\/p>\n<p class=\" text-justify\">Les travaux de finition et de r\u00e9alisation de la couche de roulement,n\u00e9cessitent <b>l<\/b><b>a fermeture de la rocade ext\u00e9rieure entre les \u00e9changeurs<\/b><b>\u00a017 (Chanteloiseau) <\/b><b>et <\/b><b>1<\/b><b>9<\/b><b>\u00a0(<\/b><b>A62<\/b><b>) <\/b><b>du vendredi 5 septembre \u00e0 22h au lundi <\/b><b>8<\/b><b>\u00a0septembre \u00e0 6h<\/b><b>. <\/b>(annexe 1)<\/p>\n<p class=\" text-justify\">Cette \u00e9tape sera pr\u00e9c\u00e9d\u00e9e par la fermeture d\u2019une des bretelles d\u2019entr\u00e9e sur la rocade ext\u00e9rieure \u00e0 l\u2019\u00e9changeur 17 \u00e0 compter du mercredi 3 septembre 6h. (annexe 2)<\/p>\n<p class=\" text-justify\">Des d\u00e9viations sont mises en place par la rocade int\u00e9rieure et le r\u00e9seau secondaire pour minimiser la g\u00eane occasionn\u00e9e.<\/p>\n<p class=\" text-justify\">Ces travaux sont financ\u00e9s \u00e0 50\u00a0% par l\u2019\u00c9tat et 50\u00a0% par Bordeaux M\u00e9tropole.<\/p>\n<p class=\" text-justify\">Les usagers sont inform\u00e9s par les panneaux \u00e0 message variable de la rocade et par une signalisation fixe implant\u00e9e en amont du chantier. Ils sont invit\u00e9s \u00e0 renforcer leur vigilance et leur prudence en respectant la signalisation, pour leur s\u00e9curit\u00e9 et celle des intervenants.<\/p>\n<p class=\" text-justify\"><b>Pour tout renseignement compl\u00e9mentaire, pour pr\u00e9parer leurs d\u00e9placements et pour s\u2019informer sur les conditions de circulation, les usagers sont invit\u00e9s \u00e0 consulter le<\/b><b>s<\/b><b>\u00a0site<\/b><b>s<\/b><b>\u00a0internet <\/b>    <a href=\"https:\/\/www.bison-fute.gouv.fr\/bordeaux.html\" id=\"1445006df462105fb65998bcc2796982\" target=\"_self\" class=\"fr-link\" rel=\"noopener\"><b>Bison fut\u00e9<\/b><\/a><b>\u00a0et <\/b>    <a href=\"https:\/\/www.dir.atlantique.developpement-durable.gouv.fr\/\" id=\"870ca102b442586ed03020e5cc777be0\" target=\"_self\" class=\"fr-link\" rel=\"noopener\"><b>dira.fr<\/b><\/a><b>\u00a0ainsi que <\/b><b>le compte Twitter <\/b>    <a href=\"https:\/\/twitter.com\/BordeauxTrafic\" id=\"22bb974e2122d048277ba09e71945a9b\" target=\"_self\" class=\"fr-link\" rel=\"noopener\"><b>@BordeauxTrafic<\/b><\/a><b>.<\/b><\/p>\n<p>        <script async src=\"https:\/\/platform.twitter.com\/widgets.js\" charset=\"utf-8\"><\/script><\/p>\n","protected":false},"excerpt":{"rendered":"Mis \u00e0 jour le\u00a003\/09\/2025 L\u2019\u00c9tat, direction interd\u00e9partementale des routes Atlantique, ach\u00e8ve l\u2019am\u00e9nagement de la voie d\u2019entrecroisement de la&hellip;\n","protected":false},"author":2,"featured_media":363027,"comment_status":"","ping_status":"","sticky":false,"template":"","format":"standard","meta":{"footnotes":""},"categories":[2817],"tags":[1111,11,1997,1777,674,1011,27,12,2219,25],"class_list":{"0":"post-363026","1":"post","2":"type-post","3":"status-publish","4":"format-standard","5":"has-post-thumbnail","7":"category-bordeaux","8":"tag-actu","9":"tag-actualites","10":"tag-bordeaux","11":"tag-eu","12":"tag-europe","13":"tag-fr","14":"tag-france","15":"tag-news","16":"tag-nouvelle-aquitaine","17":"tag-republique-francaise"},"share_on_mastodon":{"url":"https:\/\/pubeurope.com\/@fr\/115139921062695136","error":""},"_links":{"self":[{"href":"https:\/\/www.europesays.com\/fr\/wp-json\/wp\/v2\/posts\/363026","targetHints":{"allow":["GET"]}}],"collection":[{"href":"https:\/\/www.europesays.com\/fr\/wp-json\/wp\/v2\/posts"}],"about":[{"href":"https:\/\/www.europesays.com\/fr\/wp-json\/wp\/v2\/types\/post"}],"author":[{"embeddable":true,"href":"https:\/\/www.europesays.com\/fr\/wp-json\/wp\/v2\/users\/2"}],"replies":[{"embeddable":true,"href":"https:\/\/www.europesays.com\/fr\/wp-json\/wp\/v2\/comments?post=363026"}],"version-history":[{"count":0,"href":"https:\/\/www.europesays.com\/fr\/wp-json\/wp\/v2\/posts\/363026\/revisions"}],"wp:featuredmedia":[{"embeddable":true,"href":"https:\/\/www.europesays.com\/fr\/wp-json\/wp\/v2\/media\/363027"}],"wp:attachment":[{"href":"https:\/\/www.europesays.com\/fr\/wp-json\/wp\/v2\/media?parent=363026"}],"wp:term":[{"taxonomy":"category","embeddable":true,"href":"https:\/\/www.europesays.com\/fr\/wp-json\/wp\/v2\/categories?post=363026"},{"taxonomy":"post_tag","embeddable":true,"href":"https:\/\/www.europesays.com\/fr\/wp-json\/wp\/v2\/tags?post=363026"}],"curies":[{"name":"wp","href":"https:\/\/api.w.org\/{rel}","templated":true}]}}