{"id":363028,"date":"2025-09-03T10:35:21","date_gmt":"2025-09-03T10:35:21","guid":{"rendered":"https:\/\/www.europesays.com\/fr\/363028\/"},"modified":"2025-09-03T10:35:21","modified_gmt":"2025-09-03T10:35:21","slug":"adolescentes-retrouvees-sur-une-voie-ferree-pres-de-bordeaux-la-mort-due-a-une-haute-energie-cinetique-telle-quun-choc-par-un-train-selon-lautopsie","status":"publish","type":"post","link":"https:\/\/www.europesays.com\/fr\/363028\/","title":{"rendered":"Adolescentes retrouv\u00e9es sur une voie ferr\u00e9e pr\u00e8s de Bordeaux\u00a0: la mort due \u00e0 une \u00ab\u00a0haute \u00e9nergie cin\u00e9tique, telle qu\u2019un choc par un train\u00a0\u00bb, selon l\u2019autopsie"},"content":{"rendered":"<p>\n                                                                    l&rsquo;essentiel<br \/>\n                                                                Selon les premiers r\u00e9sultats d\u2019autopsie r\u00e9v\u00e9l\u00e9s ce lundi, la th\u00e8se de l\u2019accident semble d\u00e9sormais la plus probable. La mort des deux adolescentes a visiblement \u00e9t\u00e9 caus\u00e9e par un choc violent concordant avec une percussion par un train. Les r\u00e9sultats d\u00e9finitifs de l\u2019autopsie ne sont cependant pas encore connus.\n                            <\/p>\n<p>Une semaine apr\u00e8s la d\u00e9couverte des corps de deux adolescentes dans un tunnel ferroviaire de Lormont, pr\u00e8s de Bordeaux (Gironde), l\u2019enqu\u00eate avance.<\/p>\n<p>Lundi 1er\u00a0septembre, les premiers r\u00e9sultats des autopsies ont \u00e9t\u00e9 r\u00e9v\u00e9l\u00e9s. Le procureur de la R\u00e9publique, Renaud Gaudeul, a notamment confirm\u00e9 que \u00ab\u00a0les premi\u00e8res constatations autopsiques sont compatibles avec une origine traumatique \u00e0 haute \u00e9nergie cin\u00e9tique, telle qu\u2019un choc par un train\u00a0\u00bb, rapporte <a href=\"https:\/\/www.sudouest.fr\/faits-divers\/adolescentes-percutees-par-un-train-a-lormont-un-choc-a-haute-energie-cinetique-confirme-le-procureur-25745630.php\" target=\"_self\" rel=\"nofollow noopener\">Sud Ouest<\/a>.<\/p>\n<p>De premiers \u00e9l\u00e9ments qui semblent confirmer la piste accidentelle. Les r\u00e9sultats d\u00e9finitifs de l\u2019autopsie ne seront cependant pas connus avant plusieurs semaines.<\/p>\n<p>Le 28\u00a0ao\u00fbt dernier, les corps de\u00a0Selma et Yolanda, 14 et 15 ans, \u00e9taient retrouv\u00e9s\u00a0au petit matin, dans un tunnel ferroviaire \u00e0 Lormont, pr\u00e8s de Bordeaux apr\u00e8s avoir vraisemblablement \u00e9t\u00e9 percut\u00e9s par un train.<\/p>\n","protected":false},"excerpt":{"rendered":"l&rsquo;essentiel Selon les premiers r\u00e9sultats d\u2019autopsie r\u00e9v\u00e9l\u00e9s ce lundi, la th\u00e8se de l\u2019accident semble d\u00e9sormais la plus probable.&hellip;\n","protected":false},"author":2,"featured_media":354060,"comment_status":"","ping_status":"","sticky":false,"template":"","format":"standard","meta":{"footnotes":""},"categories":[2817],"tags":[1111,11,1997,1777,674,1011,27,12,2219,25],"class_list":{"0":"post-363028","1":"post","2":"type-post","3":"status-publish","4":"format-standard","5":"has-post-thumbnail","7":"category-bordeaux","8":"tag-actu","9":"tag-actualites","10":"tag-bordeaux","11":"tag-eu","12":"tag-europe","13":"tag-fr","14":"tag-france","15":"tag-news","16":"tag-nouvelle-aquitaine","17":"tag-republique-francaise"},"share_on_mastodon":{"url":"https:\/\/pubeurope.com\/@fr\/115139924724448193","error":""},"_links":{"self":[{"href":"https:\/\/www.europesays.com\/fr\/wp-json\/wp\/v2\/posts\/363028","targetHints":{"allow":["GET"]}}],"collection":[{"href":"https:\/\/www.europesays.com\/fr\/wp-json\/wp\/v2\/posts"}],"about":[{"href":"https:\/\/www.europesays.com\/fr\/wp-json\/wp\/v2\/types\/post"}],"author":[{"embeddable":true,"href":"https:\/\/www.europesays.com\/fr\/wp-json\/wp\/v2\/users\/2"}],"replies":[{"embeddable":true,"href":"https:\/\/www.europesays.com\/fr\/wp-json\/wp\/v2\/comments?post=363028"}],"version-history":[{"count":0,"href":"https:\/\/www.europesays.com\/fr\/wp-json\/wp\/v2\/posts\/363028\/revisions"}],"wp:featuredmedia":[{"embeddable":true,"href":"https:\/\/www.europesays.com\/fr\/wp-json\/wp\/v2\/media\/354060"}],"wp:attachment":[{"href":"https:\/\/www.europesays.com\/fr\/wp-json\/wp\/v2\/media?parent=363028"}],"wp:term":[{"taxonomy":"category","embeddable":true,"href":"https:\/\/www.europesays.com\/fr\/wp-json\/wp\/v2\/categories?post=363028"},{"taxonomy":"post_tag","embeddable":true,"href":"https:\/\/www.europesays.com\/fr\/wp-json\/wp\/v2\/tags?post=363028"}],"curies":[{"name":"wp","href":"https:\/\/api.w.org\/{rel}","templated":true}]}}