{"id":363029,"date":"2025-09-03T10:36:09","date_gmt":"2025-09-03T10:36:09","guid":{"rendered":"https:\/\/www.europesays.com\/fr\/363029\/"},"modified":"2025-09-03T10:36:09","modified_gmt":"2025-09-03T10:36:09","slug":"la-police-recherche-lidentite-de-la-femme-noyee-dans-le-canal-du-midi-a-toulouse","status":"publish","type":"post","link":"https:\/\/www.europesays.com\/fr\/363029\/","title":{"rendered":"la police recherche l&rsquo;identit\u00e9 de la femme noy\u00e9e dans le canal du Midi \u00e0 Toulouse"},"content":{"rendered":"<p>            Par<br \/>\n        <strong><br \/>\n            <a href=\"https:\/\/actu.fr\/auteur\/mareva-laville-actu-fr\" title=\"Consulter tous les articles de Mar\u00e9va Laville\" rel=\"nofollow noopener\" target=\"_blank\">Mar\u00e9va Laville<\/a><br \/>\n        <\/strong><\/p>\n<p>        Publi\u00e9 le<\/p>\n<p>            3 sept. 2025 \u00e0 11h52        <\/p>\n<p>Son identit\u00e9 demeure inconnue depuis vendredi 29 ao\u00fbt. Ce jour-l\u00e0, \u00e0 8 heures du matin, les pompiers ont \u00e9t\u00e9 appel\u00e9s pour <a href=\"https:\/\/actu.fr\/occitanie\/toulouse_31555\/toulouse-une-femme-se-noie-dans-le-canal-du-midi-elle-est-declaree-morte-sur-place_63091772.html\" rel=\"nofollow noopener\" target=\"_blank\">un<strong> corps sans vie<\/strong> flottant sur le <strong>canal du Midi<\/strong><\/a> \u00e0 hauteur de l\u2019h\u00f4tel B&amp;B, sur le boulevard de l\u2019embouchure. Il s\u2019agit d\u2019une femme d\u2019environ 80 ans, d\u2019apr\u00e8s la <strong>police de Toulouse.\u00a0<\/strong><\/p>\n<p>    <a href=\"https:\/\/www.google.com\/maps\/embed?pb=!1m18!1m12!1m3!1d15270.858563288051!2d1.4189252768580336!3d43.61331387332669!2m3!1f0!2f0!3f0!3m2!1i1024!2i768!4f13.1!3m3!1m2!1s0x12aebb43e0d207bb%3A0xbdbacec2de7c6881!2s61%20Bd%20de%20l%27Embouchure%2C%2031200%20Toulouse!5e1!3m2!1sfr!2sfr!4v1756889450592!5m2!1sfr!2sfr\" title=\"Ouvrie le lien\" rel=\"nofollow noopener\" target=\"_blank\">Cliquez ici pour visualiser le contenu<\/a><\/p>\n<p class=\" wall-content\">Mais les forces de l\u2019ordre cherchent \u00e0 en savoir plus. \u00ab\u00a0La victime (d\u00e9clar\u00e9e d\u00e9c\u00e9d\u00e9e sur place, NDLR) \u00e9tait d\u00e9pourvue de documents d\u2019identit\u00e9\u00a0\u00bb, explique la police dans une publication sur ses r\u00e9seaux.\u00a0<\/p>\n<p>La police lance un appel \u00e0 t\u00e9moins<\/p>\n<p class=\" wall-content\">\n<p class=\" wall-content\">Un <strong>appel \u00e0 t\u00e9moins<\/strong> est donc lanc\u00e9 depuis ce mercredi 3 septembre 2025, six jours apr\u00e8s la d\u00e9couverte de la victime. \u00ab\u00a0Si vous avez des informations permettant d\u2019aider les enqu\u00eateurs \u00e0 <strong>identifier cette personne<\/strong>, contactez le 05 61 12 85 59 ou le 05 61 12 80 10.\u00a0\u00bb<\/p>\n<p>L\u2019identit\u00e9 d\u2019une petite femme aux cheveux gris recherch\u00e9e<\/p>\n<p class=\" wall-content\">En guise d\u2019indices, la police indique que l\u2019octog\u00e9naire \u00ab\u00a0mesure <strong>1,50 m<\/strong>, est de corpulence normale et porteuse de <strong>lunettes de vue ovales<\/strong> dont les montures sont en acier fin\u00a0\u00bb. La victime a les <strong>cheveux gris mi-longs,<\/strong> pr\u00e9sente une <strong>cicatrice au poignet droit<\/strong> et une autre au niveau du <strong>rachis lombaire.<\/strong> Le jour de sa d\u00e9couverte par les secours, elle \u00e9tait v\u00eatue de mocassins rouges, d\u2019un legging noir, d\u2019un chemisier bariol\u00e9 orange et noir et d\u2019une veste blazer gris-bleu.\u00a0<\/p>\n<p><strong>Pour r\u00e9pondre \u00e0 l\u2019appel \u00e0 t\u00e9moins, contactez le 05 61 12 85 59 ou le 05 61 12 80 10.<\/strong><\/p>\n<p class=\" wall-content\">Personnalisez votre actualit\u00e9 en ajoutant vos villes et m\u00e9dias en favori avec <a href=\"https:\/\/moncompte.actu.fr\" title=\"D\u00e9couvez Mon Actu\" rel=\"nofollow noopener\" data-trk=\"{&quot;cta&quot;:{&quot;action&quot;:&quot;https:\\\/\\\/moncompte.actu.fr&quot;,&quot;category&quot;:&quot;mon compte&quot;,&quot;from&quot;:&quot;article footer&quot;,&quot;name&quot;:&quot;Mon actu&quot;,&quot;type&quot;:&quot;cta&quot;}}\" target=\"_blank\">Mon Actu<\/a>.<\/p>\n","protected":false},"excerpt":{"rendered":"Par Mar\u00e9va Laville Publi\u00e9 le 3 sept. 2025 \u00e0 11h52 Son identit\u00e9 demeure inconnue depuis vendredi 29 ao\u00fbt.&hellip;\n","protected":false},"author":2,"featured_media":363030,"comment_status":"","ping_status":"","sticky":false,"template":"","format":"standard","meta":{"footnotes":""},"categories":[2816],"tags":[1111,11,4260,1777,674,1011,27,12,2680,1072,1311,25,104,2312],"class_list":{"0":"post-363029","1":"post","2":"type-post","3":"status-publish","4":"format-standard","5":"has-post-thumbnail","7":"category-toulouse","8":"tag-actu","9":"tag-actualites","10":"tag-appel-a-temoins","11":"tag-eu","12":"tag-europe","13":"tag-fr","14":"tag-france","15":"tag-news","16":"tag-occitanie","17":"tag-police","18":"tag-pompiers","19":"tag-republique-francaise","20":"tag-societe","21":"tag-toulouse"},"share_on_mastodon":{"url":"https:\/\/pubeurope.com\/@fr\/115139928655454678","error":""},"_links":{"self":[{"href":"https:\/\/www.europesays.com\/fr\/wp-json\/wp\/v2\/posts\/363029","targetHints":{"allow":["GET"]}}],"collection":[{"href":"https:\/\/www.europesays.com\/fr\/wp-json\/wp\/v2\/posts"}],"about":[{"href":"https:\/\/www.europesays.com\/fr\/wp-json\/wp\/v2\/types\/post"}],"author":[{"embeddable":true,"href":"https:\/\/www.europesays.com\/fr\/wp-json\/wp\/v2\/users\/2"}],"replies":[{"embeddable":true,"href":"https:\/\/www.europesays.com\/fr\/wp-json\/wp\/v2\/comments?post=363029"}],"version-history":[{"count":0,"href":"https:\/\/www.europesays.com\/fr\/wp-json\/wp\/v2\/posts\/363029\/revisions"}],"wp:featuredmedia":[{"embeddable":true,"href":"https:\/\/www.europesays.com\/fr\/wp-json\/wp\/v2\/media\/363030"}],"wp:attachment":[{"href":"https:\/\/www.europesays.com\/fr\/wp-json\/wp\/v2\/media?parent=363029"}],"wp:term":[{"taxonomy":"category","embeddable":true,"href":"https:\/\/www.europesays.com\/fr\/wp-json\/wp\/v2\/categories?post=363029"},{"taxonomy":"post_tag","embeddable":true,"href":"https:\/\/www.europesays.com\/fr\/wp-json\/wp\/v2\/tags?post=363029"}],"curies":[{"name":"wp","href":"https:\/\/api.w.org\/{rel}","templated":true}]}}