{"id":363031,"date":"2025-09-03T10:37:13","date_gmt":"2025-09-03T10:37:13","guid":{"rendered":"https:\/\/www.europesays.com\/fr\/363031\/"},"modified":"2025-09-03T10:37:13","modified_gmt":"2025-09-03T10:37:13","slug":"on-connait-les-dates-et-les-nouveautes-de-la-fete-foraine-saint-michel-pres-de-toulouse","status":"publish","type":"post","link":"https:\/\/www.europesays.com\/fr\/363031\/","title":{"rendered":"On conna\u00eet les dates (et les nouveaut\u00e9s) de la f\u00eate foraine Saint Michel, pr\u00e8s de Toulouse"},"content":{"rendered":"<p>\n                                                                    l&rsquo;essentiel<br \/>\n                                                                Du 19\u00a0septembre au 12\u00a0octobre, la F\u00eate Saint-Michel s\u2019installe au MEETT. Avec ses nouveaut\u00e9s vertigineuses comme la Mega King Tower ou le Star Wars, man\u00e8ges familiaux et gourmandises, le rendez-vous forain promet des sensations XXL.\n                            <\/p>\n<p>Le compte \u00e0 rebours est lanc\u00e9. Dans deux semaines, le vendredi 19\u00a0septembre \u00e0 16\u00a0h\u00a030, la traditionnelle F\u00eate foraine Saint-Michel ouvrira ses portes aux abords du MEETT, \u00e0 Aussonne. Et les forains r\u00e9servent d\u00e9j\u00e0 plusieurs nouveaut\u00e9s spectaculaires aux visiteurs. L\u2019\u00e9v\u00e9nement se tiendra jusqu\u2019au 12\u00a0octobre 2025, avec trois semaines de man\u00e8ges, d\u2019animations et de gourmandises.<\/p>\n<p>        <img decoding=\"async\" class=\"std-img__img responsive-img\" src=\"https:\/\/www.europesays.com\/fr\/wp-content\/uploads\/2025\/09\/1756895832_196_image.jpg\" alt=\"Plus de 120 attractions seront r\u00e9unies pr\u00e8s du MEETT.\"\/><\/p>\n<p>                Plus de 120 attractions seront r\u00e9unies pr\u00e8s du MEETT.<br \/>\n                                    DDM &#8211; FREDERIC SCHEIBER<\/p>\n<p>Des nouveaut\u00e9s vertigineuses<\/p>\n<p>Parmi les attractions annonc\u00e9es, la Mega King Tower devrait faire parler d\u2019elle. Cette tour de chute libre, sign\u00e9e FunTime, culmine \u00e0 80 m\u00e8tres et promet une descente vertigineuse \u00e0 100\u00a0km\/h en seulement 4 secondes. \u00ab\u00a0Alors, qui osera l\u2019affronter\u00a0?\u00a0\u00bb, lancent les forains avec un sourire sur leur <a href=\"https:\/\/www.facebook.com\/profile.php?id=100054482019108\" target=\"_self\" rel=\"nofollow noopener\">page Facebook<\/a>.<\/p>\n<p>Autre nouveaut\u00e9, le Star Wars, un man\u00e8ge Tango de chez KMG qui emm\u00e8nera les passagers \u00e0 30 m\u00e8tres de haut, la t\u00eate en bas et tournoyant dans tous les sens. Une exp\u00e9rience r\u00e9serv\u00e9e aux plus t\u00e9m\u00e9raires.<\/p>\n<p>        <img decoding=\"async\" class=\"std-img__img responsive-img\" src=\"https:\/\/www.europesays.com\/fr\/wp-content\/uploads\/2025\/09\/1756895833_198_image.jpg\" alt=\"Une des nouveaut\u00e9s, le Star Wars\"\/><\/p>\n<p>                Une des nouveaut\u00e9s, le Star Wars<br \/>\n                                    DDM<\/p>\n<p>Enfin, le public retrouvera avec plaisir le XXL Apr\u00e8s Ski, qui avait marqu\u00e9 les esprits il y a deux ans. Ce man\u00e8ge remplace le Billabong, absent cette ann\u00e9e. \u00ab\u00a0C\u2019\u00e9tait une des attractions les plus demand\u00e9es, son retour devrait ravir beaucoup de monde\u00a0\u00bb, confie un habitu\u00e9 de la f\u00eate.<\/p>\n<p>        <img decoding=\"async\" class=\"std-img__img responsive-img\" src=\"https:\/\/www.europesays.com\/fr\/wp-content\/uploads\/2025\/09\/1756895833_701_image.jpg\" alt=\"Le XXL Apr\u00e8s ski est de retour\"\/><\/p>\n<p>                Le XXL Apr\u00e8s ski est de retour<br \/>\n                                    DDM<\/p>\n<p>Un rendez-vous populaire<\/p>\n<p>Comme chaque ann\u00e9e, des dizaines de man\u00e8ges pour petits et grands, des stands de jeux et de gourmandises \u2013 churros, pommes d\u2019amour, gaufres et autres friandises \u2013 accueilleront les visiteurs. Les organisateurs promettent aussi des animations sp\u00e9ciales et des tarifs r\u00e9duits, dont les d\u00e9tails seront d\u00e9voil\u00e9s dans les prochaines heures.<\/p>\n<p>Pour les familles, l\u2019accessibilit\u00e9 est pens\u00e9e au mieux\u00a0: un parking gratuit jouxte la f\u00eate et l\u2019on peut rejoindre facilement le MEETT par le tramway (arr\u00eat MEETT) ou gr\u00e2ce \u00e0 des navettes mises en place.<\/p>\n<p>    Infos pratiques<\/p>\n<p>Dates\u00a0: du 19\u00a0septembre au 12\u00a0octobre 2025<\/p>\n<p>Lieu\u00a0: aux abords du MEETT (Aussonne)<\/p>\n<p>Acc\u00e8s\u00a0: parking gratuit +\u00a0tramway arr\u00eat MEETT +\u00a0navettes<\/p>\n<p>Horaires\u00a0:<\/p>\n<p>Lundi, mardi, jeudi\u00a0: 16\u00a0h\u00a030 \u2013 0\u00a0h<\/p>\n<p>Mercredi, dimanche\u00a0: 14\u00a0h \u2013 0\u00a0h<\/p>\n<p>Vendredi, samedi\u00a0: 16\u00a0h\u00a030 \u2013 une heure<\/p>\n<p>Tarifs r\u00e9duits\u00a0: annonc\u00e9s prochainement<\/p>\n","protected":false},"excerpt":{"rendered":"l&rsquo;essentiel Du 19\u00a0septembre au 12\u00a0octobre, la F\u00eate Saint-Michel s\u2019installe au MEETT. Avec ses nouveaut\u00e9s vertigineuses comme la Mega&hellip;\n","protected":false},"author":2,"featured_media":363032,"comment_status":"","ping_status":"","sticky":false,"template":"","format":"standard","meta":{"footnotes":""},"categories":[2816],"tags":[1111,11,1777,674,1011,27,12,2680,25,2312],"class_list":{"0":"post-363031","1":"post","2":"type-post","3":"status-publish","4":"format-standard","5":"has-post-thumbnail","7":"category-toulouse","8":"tag-actu","9":"tag-actualites","10":"tag-eu","11":"tag-europe","12":"tag-fr","13":"tag-france","14":"tag-news","15":"tag-occitanie","16":"tag-republique-francaise","17":"tag-toulouse"},"share_on_mastodon":{"url":"https:\/\/pubeurope.com\/@fr\/115139932606102118","error":""},"_links":{"self":[{"href":"https:\/\/www.europesays.com\/fr\/wp-json\/wp\/v2\/posts\/363031","targetHints":{"allow":["GET"]}}],"collection":[{"href":"https:\/\/www.europesays.com\/fr\/wp-json\/wp\/v2\/posts"}],"about":[{"href":"https:\/\/www.europesays.com\/fr\/wp-json\/wp\/v2\/types\/post"}],"author":[{"embeddable":true,"href":"https:\/\/www.europesays.com\/fr\/wp-json\/wp\/v2\/users\/2"}],"replies":[{"embeddable":true,"href":"https:\/\/www.europesays.com\/fr\/wp-json\/wp\/v2\/comments?post=363031"}],"version-history":[{"count":0,"href":"https:\/\/www.europesays.com\/fr\/wp-json\/wp\/v2\/posts\/363031\/revisions"}],"wp:featuredmedia":[{"embeddable":true,"href":"https:\/\/www.europesays.com\/fr\/wp-json\/wp\/v2\/media\/363032"}],"wp:attachment":[{"href":"https:\/\/www.europesays.com\/fr\/wp-json\/wp\/v2\/media?parent=363031"}],"wp:term":[{"taxonomy":"category","embeddable":true,"href":"https:\/\/www.europesays.com\/fr\/wp-json\/wp\/v2\/categories?post=363031"},{"taxonomy":"post_tag","embeddable":true,"href":"https:\/\/www.europesays.com\/fr\/wp-json\/wp\/v2\/tags?post=363031"}],"curies":[{"name":"wp","href":"https:\/\/api.w.org\/{rel}","templated":true}]}}